{"id":36545,"date":"2019-05-25T15:14:12","date_gmt":"2019-05-25T19:14:12","guid":{"rendered":"https:\/\/linitiative.ca\/International\/pros-mesloub-les-lensois-ont-du-coeur\/"},"modified":"2019-05-25T15:14:12","modified_gmt":"2019-05-25T19:14:12","slug":"pros-mesloub-les-lensois-ont-du-coeur","status":"publish","type":"post","link":"https:\/\/linitiative.ca\/International\/pros-mesloub-les-lensois-ont-du-coeur\/","title":{"rendered":"Pros : Mesloub : \u00abLes Lensois ont du c\u0153ur\u00bb"},"content":{"rendered":"<div readability=\"32\">\n<p>Auteur : <span>Riad O.<\/span> <span class=\"time\">samedi 25 mai 2019 19:35<\/span><\/p>\n<\/div>\n<div id=\"post_core\" readability=\"43\">\n<p>C\u2019est avec beaucoup de brio que les Lensois se sont impos\u00e9s sur deux bus \u00e0 un apr\u00e8s prolongation \u00e0 Troyes vendredi lors du play-off 2. Ayant suivi le succ\u00e8s de son team du banc des rempla\u00e7ants, Walid Mesloub a livr\u00e9 son regard sur cette qualification obtenu \u00e0 l\u2019envie par son team\u00a0:\u00a0\u00abLes Lensois ont du coeur, comme l\u2019ont prouv\u00e9 nos supporters ! Nous avons montr\u00e9 de vraies valeurs collectives, de combativit\u00e9 sur le terrain. Malgr\u00e9 un sc\u00e9nario d\u00e9favorable \u00e0 Paris mardi (1-1, 4 tab 5) et ce vendredi, nous avons su rester tr\u00e8s concentr\u00e9s et d\u00e9termin\u00e9s pour accrocher cette finale. C\u2019est l\u2019\u00e9tat d\u2019esprit qui a fait la diff\u00e9rence ce vendredi, tous les joueurs savaient qu\u2019il y avait eu une injustice. A la mi-temps, nous nous sommes demand\u00e9 s\u2019il fallait tendre l\u2019autre joue ou montrer ce dont nous \u00e9tions capables. En 2e mi-temps, on a vu tout le monde se d\u00e9pouiller et les entrants ont fait la diff\u00e9rence dans la prolongation.\u00bb Les Lensois esp\u00e8rent d\u00e9sormais terminer le boulot face \u00e0 Dijon et arracher leur billet pour la Ligue 1 Conforama.<\/p>\n<p><strong>Publi\u00e9 dans :<\/strong> <span>Mesloub<\/span><\/p>\n<\/div>\n<p>Auteur:<br \/>\n<a href=\"http:\/\/www.lebuteur.com\/article\/detail?titre=mesloub-les-lensois-ont-du-coeur&#038;id=89103&#038;utm_source=feedburner&#038;utm_medium=feed&#038;utm_campaign=Feed%3A+GalerieFArtciles+%28Les+derniers+articles++-+lebuteur.com%29\">Cliquez ici pour lire l&rsquo;article depuis sa source.<\/a><\/p>\n","protected":false},"excerpt":{"rendered":"<p>Auteur : Riad O. samedi 25 mai 2019 19:35 C\u2019est avec beaucoup de brio que les Lensois se sont impos\u00e9s sur deux bus \u00e0 un apr\u00e8s prolongation \u00e0 Troyes vendredi lors du play-off 2. Ayant suivi le succ\u00e8s de son team du banc des rempla\u00e7ants, Walid Mesloub a livr\u00e9 son regard sur cette qualification obtenu [&hellip;]<\/p>\n","protected":false},"author":1738,"featured_media":36546,"comment_status":"closed","ping_status":"closed","sticky":false,"template":"","format":"standard","meta":{"fifu_image_url":"","fifu_image_alt":"","footnotes":""},"categories":[53,75],"tags":[],"class_list":["post-36545","post","type-post","status-publish","format-standard","has-post-thumbnail","hentry","category-algerie","category-sport"],"_links":{"self":[{"href":"https:\/\/linitiative.ca\/International\/wp-json\/wp\/v2\/posts\/36545","targetHints":{"allow":["GET"]}}],"collection":[{"href":"https:\/\/linitiative.ca\/International\/wp-json\/wp\/v2\/posts"}],"about":[{"href":"https:\/\/linitiative.ca\/International\/wp-json\/wp\/v2\/types\/post"}],"author":[{"embeddable":true,"href":"https:\/\/linitiative.ca\/International\/wp-json\/wp\/v2\/users\/1738"}],"replies":[{"embeddable":true,"href":"https:\/\/linitiative.ca\/International\/wp-json\/wp\/v2\/comments?post=36545"}],"version-history":[{"count":0,"href":"https:\/\/linitiative.ca\/International\/wp-json\/wp\/v2\/posts\/36545\/revisions"}],"wp:featuredmedia":[{"embeddable":true,"href":"https:\/\/linitiative.ca\/International\/wp-json\/"}],"wp:attachment":[{"href":"https:\/\/linitiative.ca\/International\/wp-json\/wp\/v2\/media?parent=36545"}],"wp:term":[{"taxonomy":"category","embeddable":true,"href":"https:\/\/linitiative.ca\/International\/wp-json\/wp\/v2\/categories?post=36545"},{"taxonomy":"post_tag","embeddable":true,"href":"https:\/\/linitiative.ca\/International\/wp-json\/wp\/v2\/tags?post=36545"}],"curies":[{"name":"wp","href":"https:\/\/api.w.org\/{rel}","templated":true}]}}