{"id":36547,"date":"2019-05-25T15:14:14","date_gmt":"2019-05-25T19:14:14","guid":{"rendered":"https:\/\/linitiative.ca\/International\/international-le-celta-vigo-ne-conservera-pas-boudebouz\/"},"modified":"2019-05-25T15:14:14","modified_gmt":"2019-05-25T19:14:14","slug":"international-le-celta-vigo-ne-conservera-pas-boudebouz","status":"publish","type":"post","link":"https:\/\/linitiative.ca\/International\/international-le-celta-vigo-ne-conservera-pas-boudebouz\/","title":{"rendered":"International : Le Celta Vigo ne conservera pas Boudebouz"},"content":{"rendered":"<div readability=\"32\">\n<p>Auteur : <span>Riad O.<\/span> <span class=\"time\">samedi 25 mai 2019 19:36<\/span><\/p>\n<\/div>\n<div id=\"post_core\" readability=\"47\">\n<p>La direction du Celta Vigo aurait pris sa d\u00e9cision finale concernant son joueur Alg\u00e9rien, Ryad Boudebouz et ce \u00e0 quelques jours seulement de l\u2019ouverture du prochain mercato estival. Selon le m\u00e9dia espagnol AS, Boudebouz ne repr\u00e9sente pas une priorit\u00e9 pour le Celta Vigo. D\u2019apr\u00e8s la m\u00eame source toujours, le tr\u00e8s technique joueur milieu de terrain Alg\u00e9rien n\u2019aurait pas donn\u00e9 enti\u00e8re satisfaction depuis son arriv\u00e9e au mois de janvier. Sous contrat avec le Real B\u00e9tis jusqu\u2019en 2021, Boudebouz avait rejoint le Celta Vigo en janvier dernier \u00e0 titre de pr\u00eat. Toutefois, Boudebouz, qui figure sur la liste \u00e9largie de Djamel Belmadi en vue de la prochaine CAN 2019 en Egypte, n\u2019est pas parvenu \u00e0 s\u2019imposer totalement au Celta, m\u00eame s\u2019il avait livr\u00e9 quelques bonnes prestations lors des ultimes journ\u00e9es de la Liga. C\u2019est ainsi que la direction du Celta Vigo aurait d\u00e9cid\u00e9 de ne pas lever l\u2019option d\u2019achat qui figure dans son contrat. L\u2019ancien joueur de\u00a0 Sochaux serait, toutefois, dans le viseur d\u2019autres formations, notamment, fran\u00e7aises.<\/p>\n<p><strong>Publi\u00e9 dans :<\/strong> <span>boudebouz<\/span><\/p>\n<\/div>\n<p>Auteur:<br \/>\n<a href=\"http:\/\/www.lebuteur.com\/article\/detail?titre=le-celta-vigo-ne-conservera-pas-boudebouz&#038;id=89104&#038;utm_source=feedburner&#038;utm_medium=feed&#038;utm_campaign=Feed%3A+GalerieFArtciles+%28Les+derniers+articles++-+lebuteur.com%29\">Cliquez ici pour lire l&rsquo;article depuis sa source.<\/a><\/p>\n","protected":false},"excerpt":{"rendered":"<p>Auteur : Riad O. samedi 25 mai 2019 19:36 La direction du Celta Vigo aurait pris sa d\u00e9cision finale concernant son joueur Alg\u00e9rien, Ryad Boudebouz et ce \u00e0 quelques jours seulement de l\u2019ouverture du prochain mercato estival. Selon le m\u00e9dia espagnol AS, Boudebouz ne repr\u00e9sente pas une priorit\u00e9 pour le Celta Vigo. D\u2019apr\u00e8s la m\u00eame [&hellip;]<\/p>\n","protected":false},"author":1738,"featured_media":36548,"comment_status":"closed","ping_status":"closed","sticky":false,"template":"","format":"standard","meta":{"fifu_image_url":"","fifu_image_alt":"","footnotes":""},"categories":[53,75],"tags":[],"class_list":["post-36547","post","type-post","status-publish","format-standard","has-post-thumbnail","hentry","category-algerie","category-sport"],"_links":{"self":[{"href":"https:\/\/linitiative.ca\/International\/wp-json\/wp\/v2\/posts\/36547","targetHints":{"allow":["GET"]}}],"collection":[{"href":"https:\/\/linitiative.ca\/International\/wp-json\/wp\/v2\/posts"}],"about":[{"href":"https:\/\/linitiative.ca\/International\/wp-json\/wp\/v2\/types\/post"}],"author":[{"embeddable":true,"href":"https:\/\/linitiative.ca\/International\/wp-json\/wp\/v2\/users\/1738"}],"replies":[{"embeddable":true,"href":"https:\/\/linitiative.ca\/International\/wp-json\/wp\/v2\/comments?post=36547"}],"version-history":[{"count":0,"href":"https:\/\/linitiative.ca\/International\/wp-json\/wp\/v2\/posts\/36547\/revisions"}],"wp:featuredmedia":[{"embeddable":true,"href":"https:\/\/linitiative.ca\/International\/wp-json\/"}],"wp:attachment":[{"href":"https:\/\/linitiative.ca\/International\/wp-json\/wp\/v2\/media?parent=36547"}],"wp:term":[{"taxonomy":"category","embeddable":true,"href":"https:\/\/linitiative.ca\/International\/wp-json\/wp\/v2\/categories?post=36547"},{"taxonomy":"post_tag","embeddable":true,"href":"https:\/\/linitiative.ca\/International\/wp-json\/wp\/v2\/tags?post=36547"}],"curies":[{"name":"wp","href":"https:\/\/api.w.org\/{rel}","templated":true}]}}