{"id":36559,"date":"2019-05-25T13:26:00","date_gmt":"2019-05-25T17:26:00","guid":{"rendered":"https:\/\/linitiative.ca\/International\/justice-le-rcd-appelle-a-juger-bouteflika\/"},"modified":"2019-05-25T13:26:00","modified_gmt":"2019-05-25T17:26:00","slug":"justice-le-rcd-appelle-a-juger-bouteflika","status":"publish","type":"post","link":"https:\/\/linitiative.ca\/International\/justice-le-rcd-appelle-a-juger-bouteflika\/","title":{"rendered":"JUSTICE   : Le RCD appelle  \u00e0 juger Bouteflika"},"content":{"rendered":"<p><br id=\"sep_para_1\" class=\"sep_para access\"\/><\/p>\n<div id=\"para_1\" class=\"para_31263357 resize\">\n<div class=\"texte access firstletter\">En effet, dans un communiqu\u00e9 sanctionnant la r\u00e9union de son Secr\u00e9tariat national, le RCD est longuement revenu sur les affaires de corruption enclench\u00e9es par la justice en affirmant que \u00abdans un Etat de droit, personne n\u2019aurait \u00e9t\u00e9 surpris de la comparution des Ouyahia, Sellal, la cohorte de ministres cornaqu\u00e9s par les Bouteflika ou de Kouninef, Haddad, Tliba et Zoukh devant la justice\u00bb.Toutefois, estime-t-il \u00absi on veut que la justice et rien que la justice s\u2019exerce, en plus de l\u2019ind\u00e9pendance dont elle doit jouir, y compris vis \u00e0 vis de l\u2019opinion publique, elle doit d\u00e9j\u00e0 commencer \u00e0 r\u00e9futer le caract\u00e8re s\u00e9lectif de ces interpellations en convoquant toute la 3issaba. Abdelaziz Bouteflika, le chef de l\u2019Etat d\u00e9chu, doit \u00eatre entendu sur ses actions et sur l\u2019activit\u00e9 de ses collaborateurs\u00bb. A ce stade, poursuit le parti, \u00abc\u2019est l\u2019unique gage de cr\u00e9dibilit\u00e9 pour que ce qui est pr\u00e9sent\u00e9 comme une op\u00e9ration mains propres ne soit pas dans les faits une\u00a0 chasse aux sorci\u00e8res\u00bb.\u00abY a t-il des obstacles pour que la justice convoque l\u2019ex chef de l\u2019Etat pour l\u2019entendre? L\u00e0 est la question sur laquelle elle est attendue.\u00a0 Se peut-il que le chef de l\u2019Etat-major qui a pris la t\u00eate de la croisade contre la \u201cbande\u201d ait une r\u00e9ponse\u00bb, s\u2019interroge le parti. Dans le m\u00eame sillage, le RCD a, encore une fois, critiqu\u00e9 la d\u00e9marche du chef d\u2019\u00e9tat-major de l\u2019Arm\u00e9e, Ahmed Gaid Salah, \u00e0 qui, il reproche d\u2019avoir \u00abcontourner les revendications du mouvement populaire\u00bb et \u00abson obstination \u00e0 organiser une \u00e9lection pr\u00e9sidentielle sous un nouveau rapport de force clanique\u00bb.<\/div>\n<\/div>\n<p>Auteur: Ismain<br \/>\n<a href=\"https:\/\/www.reflexiondz.net\/JUSTICE-Le-RCD-appelle-a-juger-Bouteflika_a55987.html\">Cliquez ici pour lire l&rsquo;article depuis sa source.<\/a><\/p>\n","protected":false},"excerpt":{"rendered":"<p>En effet, dans un communiqu\u00e9 sanctionnant la r\u00e9union de son Secr\u00e9tariat national, le RCD est longuement revenu sur les affaires de corruption enclench\u00e9es par la justice en affirmant que \u00abdans un Etat de droit, personne n\u2019aurait \u00e9t\u00e9 surpris de la comparution des Ouyahia, Sellal, la cohorte de ministres cornaqu\u00e9s par les Bouteflika ou de Kouninef, [&hellip;]<\/p>\n","protected":false},"author":1740,"featured_media":0,"comment_status":"closed","ping_status":"closed","sticky":false,"template":"","format":"standard","meta":{"fifu_image_url":"","fifu_image_alt":"","footnotes":""},"categories":[53,76],"tags":[],"class_list":["post-36559","post","type-post","status-publish","format-standard","hentry","category-algerie","category-regions"],"_links":{"self":[{"href":"https:\/\/linitiative.ca\/International\/wp-json\/wp\/v2\/posts\/36559","targetHints":{"allow":["GET"]}}],"collection":[{"href":"https:\/\/linitiative.ca\/International\/wp-json\/wp\/v2\/posts"}],"about":[{"href":"https:\/\/linitiative.ca\/International\/wp-json\/wp\/v2\/types\/post"}],"author":[{"embeddable":true,"href":"https:\/\/linitiative.ca\/International\/wp-json\/wp\/v2\/users\/1740"}],"replies":[{"embeddable":true,"href":"https:\/\/linitiative.ca\/International\/wp-json\/wp\/v2\/comments?post=36559"}],"version-history":[{"count":0,"href":"https:\/\/linitiative.ca\/International\/wp-json\/wp\/v2\/posts\/36559\/revisions"}],"wp:attachment":[{"href":"https:\/\/linitiative.ca\/International\/wp-json\/wp\/v2\/media?parent=36559"}],"wp:term":[{"taxonomy":"category","embeddable":true,"href":"https:\/\/linitiative.ca\/International\/wp-json\/wp\/v2\/categories?post=36559"},{"taxonomy":"post_tag","embeddable":true,"href":"https:\/\/linitiative.ca\/International\/wp-json\/wp\/v2\/tags?post=36559"}],"curies":[{"name":"wp","href":"https:\/\/api.w.org\/{rel}","templated":true}]}}