{"id":36562,"date":"2019-05-25T13:26:00","date_gmt":"2019-05-25T17:26:00","guid":{"rendered":"https:\/\/linitiative.ca\/International\/sidi-bel-abbes-saisie-de-kif-et-de-800-millions-de-cts\/"},"modified":"2019-05-25T13:26:00","modified_gmt":"2019-05-25T17:26:00","slug":"sidi-bel-abbes-saisie-de-kif-et-de-800-millions-de-cts","status":"publish","type":"post","link":"https:\/\/linitiative.ca\/International\/sidi-bel-abbes-saisie-de-kif-et-de-800-millions-de-cts\/","title":{"rendered":"SIDI BEL ABBES   : Saisie de kif et de 800 millions de cts"},"content":{"rendered":"<p><br id=\"sep_para_1\" class=\"sep_para access\"\/><\/p>\n<div id=\"para_1\" class=\"para_31263310 resize\">\n<div class=\"texte access firstletter\">Dans le cadre de la lutte implacable men\u00e9e contre la criminalit\u00e9 sous toutes ses formes, les \u00e9l\u00e9ments de la 8\u00e8me S\u00fbret\u00e9 Urbaine de Sidi Bel Abb\u00e8s, ayant agi \u00e9nergiquement \u00e0 des renseignements parvenus aupr\u00e8s de leurs services, ont proc\u00e9d\u00e9 \u00e0 l&rsquo;arrestation de 07 personnes qui seraient impliqu\u00e9es\u00a0 dans la d\u00e9tention de drogue et de psychotropes destin\u00e9s \u00e0 la commercialisation, ainsi qu&rsquo;une somme d&rsquo;argent de plus de 800 millions de centimes , des armes blanches prohib\u00e9es et une paire de jumelles professionnelles, indique un communiqu\u00e9 de la cellule d&rsquo;information et des relations publiques de la S.W de Sidi Bel Abbes. Les 07 mis en cause, dont la moyenne d&rsquo;\u00e2ge varie entre 26 et 47 ans, arr\u00eat\u00e9s l&rsquo;un apr\u00e8s l&rsquo;autre dans le quartier dit \u00a0\u00bbRocher\u00a0\u00bb, \u00e0 l&rsquo;issue d&rsquo;investigations intensifi\u00e9es, se trouvaient, selon le m\u00eame communiqu\u00e9, en possession de 200 grammes de Kif trait\u00e9 et\u00a0 150 comprim\u00e9s de psychotropes. Pr\u00e9sent\u00e9s par devant le procureur pr\u00e8s le tribunal, ils ont \u00e9t\u00e9 plac\u00e9s sous mandat de d\u00e9p\u00f4t.\u00a0\u00a0\u00a0\u00a0\u00a0\u00a0\u00a0\u00a0\u00a0\u00a0\u00a0\u00a0\u00a0<\/div>\n<\/div>\n<p>Auteur: M.Noui<br \/>\n<a href=\"https:\/\/www.reflexiondz.net\/SIDI-BEL-ABBES-Saisie-de-kif-et-de-800-millions-de-cts_a55982.html\">Cliquez ici pour lire l&rsquo;article depuis sa source.<\/a><\/p>\n","protected":false},"excerpt":{"rendered":"<p>Dans le cadre de la lutte implacable men\u00e9e contre la criminalit\u00e9 sous toutes ses formes, les \u00e9l\u00e9ments de la 8\u00e8me S\u00fbret\u00e9 Urbaine de Sidi Bel Abb\u00e8s, ayant agi \u00e9nergiquement \u00e0 des renseignements parvenus aupr\u00e8s de leurs services, ont proc\u00e9d\u00e9 \u00e0 l&rsquo;arrestation de 07 personnes qui seraient impliqu\u00e9es\u00a0 dans la d\u00e9tention de drogue et de psychotropes [&hellip;]<\/p>\n","protected":false},"author":1740,"featured_media":0,"comment_status":"closed","ping_status":"closed","sticky":false,"template":"","format":"standard","meta":{"fifu_image_url":"","fifu_image_alt":"","footnotes":""},"categories":[53,76],"tags":[],"class_list":["post-36562","post","type-post","status-publish","format-standard","hentry","category-algerie","category-regions"],"_links":{"self":[{"href":"https:\/\/linitiative.ca\/International\/wp-json\/wp\/v2\/posts\/36562","targetHints":{"allow":["GET"]}}],"collection":[{"href":"https:\/\/linitiative.ca\/International\/wp-json\/wp\/v2\/posts"}],"about":[{"href":"https:\/\/linitiative.ca\/International\/wp-json\/wp\/v2\/types\/post"}],"author":[{"embeddable":true,"href":"https:\/\/linitiative.ca\/International\/wp-json\/wp\/v2\/users\/1740"}],"replies":[{"embeddable":true,"href":"https:\/\/linitiative.ca\/International\/wp-json\/wp\/v2\/comments?post=36562"}],"version-history":[{"count":0,"href":"https:\/\/linitiative.ca\/International\/wp-json\/wp\/v2\/posts\/36562\/revisions"}],"wp:attachment":[{"href":"https:\/\/linitiative.ca\/International\/wp-json\/wp\/v2\/media?parent=36562"}],"wp:term":[{"taxonomy":"category","embeddable":true,"href":"https:\/\/linitiative.ca\/International\/wp-json\/wp\/v2\/categories?post=36562"},{"taxonomy":"post_tag","embeddable":true,"href":"https:\/\/linitiative.ca\/International\/wp-json\/wp\/v2\/tags?post=36562"}],"curies":[{"name":"wp","href":"https:\/\/api.w.org\/{rel}","templated":true}]}}