{"id":36564,"date":"2019-05-25T13:26:00","date_gmt":"2019-05-25T17:26:00","guid":{"rendered":"https:\/\/linitiative.ca\/International\/presidence-de-la-republique-des-nominations-a-la-tete-de-sonelgaz-lentv-lanep-et-larav\/"},"modified":"2019-05-25T13:26:00","modified_gmt":"2019-05-25T17:26:00","slug":"presidence-de-la-republique-des-nominations-a-la-tete-de-sonelgaz-lentv-lanep-et-larav","status":"publish","type":"post","link":"https:\/\/linitiative.ca\/International\/presidence-de-la-republique-des-nominations-a-la-tete-de-sonelgaz-lentv-lanep-et-larav\/","title":{"rendered":"PRESIDENCE DE LA REPUBLIQUE  : Des nominations  \u00e0 la t\u00eate de Sonelgaz, l\u2019ENTV, l\u2019Anep et l\u2019Arav"},"content":{"rendered":"<p><br id=\"sep_para_1\" class=\"sep_para access\"\/><\/p>\n<div id=\"para_1\" class=\"para_31263403 resize\">\n<div class=\"photo shadow left\"><a href=\"javascript:void(0)\" rel=\"https:\/\/www.reflexiondz.net\/photo\/art\/grande\/34107997-31263403.jpg?v=1558807828&#038;ibox\" title=\"PRESIDENCE DE LA REPUBLIQUE : Des nominations \u00e0 la t\u00eate de Sonelgaz, l\u2019ENTV, l\u2019Anep et l\u2019Arav\"><img decoding=\"async\" class=\"responsive c9\" src=\"https:\/\/www.reflexiondz.net\/photo\/art\/grande\/34107997-31263403.jpg?v=1558807828\" alt=\"PRESIDENCE DE LA REPUBLIQUE : Des nominations \u00e0 la t\u00eate de Sonelgaz, l\u2019ENTV, l\u2019Anep et l\u2019Arav\" title=\"PRESIDENCE DE LA REPUBLIQUE : Des nominations \u00e0 la t\u00eate de Sonelgaz, l\u2019ENTV, l\u2019Anep et l\u2019Arav\"\/><img decoding=\"async\" class=\"not-responsive\" src=\"https:\/\/www.reflexiondz.net\/photo\/art\/default\/34107997-31263403.jpg?v=1558807829\" alt=\"PRESIDENCE DE LA REPUBLIQUE : Des nominations \u00e0 la t\u00eate de Sonelgaz, l\u2019ENTV, l\u2019Anep et l\u2019Arav\" title=\"PRESIDENCE DE LA REPUBLIQUE : Des nominations \u00e0 la t\u00eate de Sonelgaz, l\u2019ENTV, l\u2019Anep et l\u2019Arav\"\/><\/a><\/div>\n<div class=\"texte access firstletter\">Le chef de l&rsquo;Etat, Abdelkader Bensalah, a proc\u00e9d\u00e9 samedi, \u00e0 de nouvelles nominations \u00e0 la t\u00eate de l&rsquo;Entreprise publique de t\u00e9l\u00e9vision (EPTV), de l\u2019Autorit\u00e9 de r\u00e9gulation de l&rsquo;audiovisuel (ARAV), de l&rsquo;Agence nationale d&rsquo;\u00e9dition et de publicit\u00e9 (ANEP) et du Groupe Sonelgaz. Le chef de l&rsquo;Etat, Abdelkader Bensalah, a nomm\u00e9 samedi Salim Rebahi au poste de Directeur g\u00e9n\u00e9ral de l&rsquo;Entreprise publique de t\u00e9l\u00e9vision (EPTV) en remplacement \u00e0 Lotfi Cheriet et\u00a0 Zouina Abdelrezak \u00e0 la t\u00eate de l`Autorit\u00e9 de r\u00e9gulation de l&rsquo;audiovisuel (ARAV) en remplacement \u00e0 M. Zouaoui Ben Hamadi,\u00a0 M. Boulakhras Chahar au poste de Pr\u00e9sident directeur g\u00e9n\u00e9ral du Groupe Sonelgaz et Hemaidia Mounir, nouveau Pr\u00e9sident-directeur g\u00e9n\u00e9ral de l&rsquo;ANEP en remplacement de Mme Djazia Djeddou, dont il a \u00e9t\u00e9 mis fin aux fonctions\u00a0\u00bb, lit-on dans le communiqu\u00e9.\u00a0\u00a0\u00a0<\/div>\n<\/div>\n<p>Auteur: Nadine<br \/>\n<a href=\"https:\/\/www.reflexiondz.net\/PRESIDENCE-DE-LA-REPUBLIQUE-Des-nominations-a-la-tete-de-Sonelgaz-l-ENTV-l-Anep-et-l-Arav_a55990.html\">Cliquez ici pour lire l&rsquo;article depuis sa source.<\/a><\/p>\n","protected":false},"excerpt":{"rendered":"<p>Le chef de l&rsquo;Etat, Abdelkader Bensalah, a proc\u00e9d\u00e9 samedi, \u00e0 de nouvelles nominations \u00e0 la t\u00eate de l&rsquo;Entreprise publique de t\u00e9l\u00e9vision (EPTV), de l\u2019Autorit\u00e9 de r\u00e9gulation de l&rsquo;audiovisuel (ARAV), de l&rsquo;Agence nationale d&rsquo;\u00e9dition et de publicit\u00e9 (ANEP) et du Groupe Sonelgaz. Le chef de l&rsquo;Etat, Abdelkader Bensalah, a nomm\u00e9 samedi Salim Rebahi au poste de [&hellip;]<\/p>\n","protected":false},"author":1740,"featured_media":0,"comment_status":"closed","ping_status":"closed","sticky":false,"template":"","format":"standard","meta":{"fifu_image_url":"","fifu_image_alt":"","footnotes":""},"categories":[53,76],"tags":[],"class_list":["post-36564","post","type-post","status-publish","format-standard","hentry","category-algerie","category-regions"],"_links":{"self":[{"href":"https:\/\/linitiative.ca\/International\/wp-json\/wp\/v2\/posts\/36564","targetHints":{"allow":["GET"]}}],"collection":[{"href":"https:\/\/linitiative.ca\/International\/wp-json\/wp\/v2\/posts"}],"about":[{"href":"https:\/\/linitiative.ca\/International\/wp-json\/wp\/v2\/types\/post"}],"author":[{"embeddable":true,"href":"https:\/\/linitiative.ca\/International\/wp-json\/wp\/v2\/users\/1740"}],"replies":[{"embeddable":true,"href":"https:\/\/linitiative.ca\/International\/wp-json\/wp\/v2\/comments?post=36564"}],"version-history":[{"count":0,"href":"https:\/\/linitiative.ca\/International\/wp-json\/wp\/v2\/posts\/36564\/revisions"}],"wp:attachment":[{"href":"https:\/\/linitiative.ca\/International\/wp-json\/wp\/v2\/media?parent=36564"}],"wp:term":[{"taxonomy":"category","embeddable":true,"href":"https:\/\/linitiative.ca\/International\/wp-json\/wp\/v2\/categories?post=36564"},{"taxonomy":"post_tag","embeddable":true,"href":"https:\/\/linitiative.ca\/International\/wp-json\/wp\/v2\/tags?post=36564"}],"curies":[{"name":"wp","href":"https:\/\/api.w.org\/{rel}","templated":true}]}}