{"id":36566,"date":"2019-05-25T13:26:00","date_gmt":"2019-05-25T17:26:00","guid":{"rendered":"https:\/\/linitiative.ca\/International\/tamanrasset-et-in-guezzam-arrestation-de-deux-contrebandiers\/"},"modified":"2019-05-25T13:26:00","modified_gmt":"2019-05-25T17:26:00","slug":"tamanrasset-et-in-guezzam-arrestation-de-deux-contrebandiers","status":"publish","type":"post","link":"https:\/\/linitiative.ca\/International\/tamanrasset-et-in-guezzam-arrestation-de-deux-contrebandiers\/","title":{"rendered":"TAMANRASSET ET IN GUEZZAM : Arrestation de deux contrebandiers"},"content":{"rendered":"<p><br id=\"sep_para_1\" class=\"sep_para access\"\/><\/p>\n<div id=\"para_1\" class=\"para_31263364 resize\">\n<div class=\"texte access firstletter\">Deux contrebandiers ont \u00e9t\u00e9 arr\u00eat\u00e9s ce vendredi \u00e0 Tamanrasset et In Guezzam, lors d&rsquo;op\u00e9rations distinctes effectu\u00e9es par des d\u00e9tachements combin\u00e9s de l&rsquo;Arm\u00e9e nationale populaire (ANP), a indiqu\u00e9 ce samedi un communiqu\u00e9 du minist\u00e8re de la D\u00e9fense nationale (MDN). \u00ab\u00a0Dans le cadre de la lutte contre la contrebande et la criminalit\u00e9 organis\u00e9e, des d\u00e9tachements combin\u00e9s de l&rsquo;Arm\u00e9e nationale populaire ont arr\u00eat\u00e9, le 24 mai 2019, lors d&rsquo;op\u00e9rations distinctes \u00e0 Tamanrasset et In Guezzam (6\u00e8me R\u00e9gion militaire), deux (02) contrebandiers et saisi 1,2 tonne de pates, 1 v\u00e9hicule tout-terrain, 9 marteaux piqueurs et 8 groupes \u00e9lectrog\u00e8nes\u00a0\u00bb, pr\u00e9cise-t-on de m\u00eame source.\u00a0\u00a0\u00a0\u00a0\u00a0\u00a0\u00a0\u00a0\u00a0\u00a0\u00a0<\/div>\n<\/div>\n<p>Auteur: Nadine<br \/>\n<a href=\"https:\/\/www.reflexiondz.net\/TAMANRASSET-ET-IN-GUEZZAM-Arrestation-de-deux-contrebandiers_a55988.html\">Cliquez ici pour lire l&rsquo;article depuis sa source.<\/a><\/p>\n","protected":false},"excerpt":{"rendered":"<p>Deux contrebandiers ont \u00e9t\u00e9 arr\u00eat\u00e9s ce vendredi \u00e0 Tamanrasset et In Guezzam, lors d&rsquo;op\u00e9rations distinctes effectu\u00e9es par des d\u00e9tachements combin\u00e9s de l&rsquo;Arm\u00e9e nationale populaire (ANP), a indiqu\u00e9 ce samedi un communiqu\u00e9 du minist\u00e8re de la D\u00e9fense nationale (MDN). \u00ab\u00a0Dans le cadre de la lutte contre la contrebande et la criminalit\u00e9 organis\u00e9e, des d\u00e9tachements combin\u00e9s de [&hellip;]<\/p>\n","protected":false},"author":1740,"featured_media":0,"comment_status":"closed","ping_status":"closed","sticky":false,"template":"","format":"standard","meta":{"fifu_image_url":"","fifu_image_alt":"","footnotes":""},"categories":[53,76],"tags":[],"class_list":["post-36566","post","type-post","status-publish","format-standard","hentry","category-algerie","category-regions"],"_links":{"self":[{"href":"https:\/\/linitiative.ca\/International\/wp-json\/wp\/v2\/posts\/36566","targetHints":{"allow":["GET"]}}],"collection":[{"href":"https:\/\/linitiative.ca\/International\/wp-json\/wp\/v2\/posts"}],"about":[{"href":"https:\/\/linitiative.ca\/International\/wp-json\/wp\/v2\/types\/post"}],"author":[{"embeddable":true,"href":"https:\/\/linitiative.ca\/International\/wp-json\/wp\/v2\/users\/1740"}],"replies":[{"embeddable":true,"href":"https:\/\/linitiative.ca\/International\/wp-json\/wp\/v2\/comments?post=36566"}],"version-history":[{"count":0,"href":"https:\/\/linitiative.ca\/International\/wp-json\/wp\/v2\/posts\/36566\/revisions"}],"wp:attachment":[{"href":"https:\/\/linitiative.ca\/International\/wp-json\/wp\/v2\/media?parent=36566"}],"wp:term":[{"taxonomy":"category","embeddable":true,"href":"https:\/\/linitiative.ca\/International\/wp-json\/wp\/v2\/categories?post=36566"},{"taxonomy":"post_tag","embeddable":true,"href":"https:\/\/linitiative.ca\/International\/wp-json\/wp\/v2\/tags?post=36566"}],"curies":[{"name":"wp","href":"https:\/\/api.w.org\/{rel}","templated":true}]}}