{"id":36567,"date":"2019-05-25T13:26:00","date_gmt":"2019-05-25T17:26:00","guid":{"rendered":"https:\/\/linitiative.ca\/International\/securite-et-prevention-routieres-pendant-le-ramadhan-la-gendarmerie-sensibilise-les-automobilistes\/"},"modified":"2019-05-25T13:26:00","modified_gmt":"2019-05-25T17:26:00","slug":"securite-et-prevention-routieres-pendant-le-ramadhan-la-gendarmerie-sensibilise-les-automobilistes","status":"publish","type":"post","link":"https:\/\/linitiative.ca\/International\/securite-et-prevention-routieres-pendant-le-ramadhan-la-gendarmerie-sensibilise-les-automobilistes\/","title":{"rendered":"SECURITE ET PREVENTION ROUTIERES PENDANT LE RAMADHAN : La gendarmerie sensibilise les automobilistes"},"content":{"rendered":"<p><br id=\"sep_para_1\" class=\"sep_para access\"\/><\/p>\n<div id=\"para_1\" class=\"para_31263342 resize\">\n<div class=\"texte access firstletter\">Le vendredi\u00a0 24 Mai 2019, en soir\u00e9e et apr\u00e8s le f\u2019tour, la gendarmerie nationale a\u00a0 proc\u00e9d\u00e9 \u00e0 la mise en place d\u2019un plan sp\u00e9cial de s\u00e9curisation et de pr\u00e9vention, qui a\u00a0 d\u00e9but\u00e9 par une campagne de sensibilisation\u00a0 qui\u00a0 a \u00e9t\u00e9\u00a0 \u00e9tablie par le chef de groupement le colonel Tami suivant les orientations du commandement g\u00e9n\u00e9ral de la gendarmerie. L\u2019op\u00e9ration a commenc\u00e9 par un d\u00e9placement\u00a0 vers la brigade\u00a0 motoris\u00e9e des 300 logements, afin de visualiser\u00a0 le dit plan sur le terrain, mis en application sur\u00a0 la route nationale n\u00b0\u00a0 11 du c\u00f4t\u00e9 des \u2018\u2019 Sablettes\u2019\u2019\u00a0 en direction d\u2019Oran. Ce dernier a consist\u00e9 en un arr\u00eat des v\u00e9hicules non pour verbaliser cette fois ci mais pour leur d\u00e9livrer des d\u00e9pliants de documentation sur la s\u00e9curit\u00e9 routi\u00e8re dans le sens de \u2018\u2019pr\u00e9venir, mieux que de gu\u00e9rir \u2018\u2019et\u00a0 les inviter \u00e0\u00a0 rouler doucement pour arriver surement car\u00a0 les accidents de la route sont devenus un grand fl\u00e9au dans notre pays. La sonnette d\u2019\u2019alarme a retenti pour que tout le monde soit impliqu\u00e9 pour donner un grand frein \u00e0 ses pertes humaines perdues\u00a0 inutilement. A titre d\u2019exemple , le conducteur\u00a0 doit\u00a0 prendre la\u00a0 d\u00e9cision\u00a0 de s\u2019arr\u00eater en cas de sensation de somnolence surtout en ce mois sacr\u00e9 o\u00f9\u00a0 beaucoup de\u00a0 citoyens\u00a0 ont tendance \u00e0 veiller tard le soir\u00a0 et souffrent d\u2019un manque de sommeil durant le jour . Par la suite, la caravane de sensibilisation s\u2019est dirig\u00e9e vers l\u2019\u00e9changeur de Stidia\u00a0 pour changer de sens et toujours sur le m\u00eame contexte mais cette fois ci sous l\u2019angle de pr\u00e9vention, apr\u00e8s la rupture du je\u00fbne, vers le rond point de Benchenni\u00a0 pour la s\u00e9curisation du lieu de culte (mosqu\u00e9e Abderahmane) juste \u00e0 proximit\u00e9 qui fait partie int\u00e9grante du plan s\u00e9curitaire et du plan sp\u00e9cial. En dernier, l\u2019\u00e9quipe\u00a0 a rejoint un barrage de s\u00e9curit\u00e9 au niveau de la plage des Sablettes o\u00f9 des fouilles inopin\u00e9es de voitures furent \u00e9tablies avec l\u2019appui de chiens pour d\u00e9nicher \u00e9ventuellement la pr\u00e9sence\u00a0 de stup\u00e9fiants, toujours est \u2018il que la gendarmerie nationale a pour objectif premier la dissuasion, la pr\u00e9vention et non la r\u00e9pression, apr\u00e8s quelques \u00e9changes de dialogue avec les citoyens pour demander leurs avis.\u00a0 Ils furent tous unanimes de cette initiative dans l\u2019espoir que cette cadence sera maintenue durant la session estivale.<\/div>\n<\/div>\n<p>Auteur: Naboussi Belayachi<br \/>\n<a href=\"https:\/\/www.reflexiondz.net\/SECURITE-ET-PREVENTION-ROUTIERES-PENDANT-LE-RAMADHAN-La-gendarmerie-sensibilise-les-automobilistes_a55985.html\">Cliquez ici pour lire l&rsquo;article depuis sa source.<\/a><\/p>\n","protected":false},"excerpt":{"rendered":"<p>Le vendredi\u00a0 24 Mai 2019, en soir\u00e9e et apr\u00e8s le f\u2019tour, la gendarmerie nationale a\u00a0 proc\u00e9d\u00e9 \u00e0 la mise en place d\u2019un plan sp\u00e9cial de s\u00e9curisation et de pr\u00e9vention, qui a\u00a0 d\u00e9but\u00e9 par une campagne de sensibilisation\u00a0 qui\u00a0 a \u00e9t\u00e9\u00a0 \u00e9tablie par le chef de groupement le colonel Tami suivant les orientations du commandement g\u00e9n\u00e9ral [&hellip;]<\/p>\n","protected":false},"author":1740,"featured_media":0,"comment_status":"closed","ping_status":"closed","sticky":false,"template":"","format":"standard","meta":{"fifu_image_url":"","fifu_image_alt":"","footnotes":""},"categories":[53,76],"tags":[],"class_list":["post-36567","post","type-post","status-publish","format-standard","hentry","category-algerie","category-regions"],"_links":{"self":[{"href":"https:\/\/linitiative.ca\/International\/wp-json\/wp\/v2\/posts\/36567","targetHints":{"allow":["GET"]}}],"collection":[{"href":"https:\/\/linitiative.ca\/International\/wp-json\/wp\/v2\/posts"}],"about":[{"href":"https:\/\/linitiative.ca\/International\/wp-json\/wp\/v2\/types\/post"}],"author":[{"embeddable":true,"href":"https:\/\/linitiative.ca\/International\/wp-json\/wp\/v2\/users\/1740"}],"replies":[{"embeddable":true,"href":"https:\/\/linitiative.ca\/International\/wp-json\/wp\/v2\/comments?post=36567"}],"version-history":[{"count":0,"href":"https:\/\/linitiative.ca\/International\/wp-json\/wp\/v2\/posts\/36567\/revisions"}],"wp:attachment":[{"href":"https:\/\/linitiative.ca\/International\/wp-json\/wp\/v2\/media?parent=36567"}],"wp:term":[{"taxonomy":"category","embeddable":true,"href":"https:\/\/linitiative.ca\/International\/wp-json\/wp\/v2\/categories?post=36567"},{"taxonomy":"post_tag","embeddable":true,"href":"https:\/\/linitiative.ca\/International\/wp-json\/wp\/v2\/tags?post=36567"}],"curies":[{"name":"wp","href":"https:\/\/api.w.org\/{rel}","templated":true}]}}