{"id":36568,"date":"2019-05-25T13:27:00","date_gmt":"2019-05-25T17:27:00","guid":{"rendered":"https:\/\/linitiative.ca\/International\/saison-estivale-a-oran-17-5-milliards-de-cts-pour-lamenagement-des-plages\/"},"modified":"2019-05-25T13:27:00","modified_gmt":"2019-05-25T17:27:00","slug":"saison-estivale-a-oran-17-5-milliards-de-cts-pour-lamenagement-des-plages","status":"publish","type":"post","link":"https:\/\/linitiative.ca\/International\/saison-estivale-a-oran-17-5-milliards-de-cts-pour-lamenagement-des-plages\/","title":{"rendered":"SAISON ESTIVALE A ORAN : 17, 5 milliards de cts pour l\u2019am\u00e9nagement des plages"},"content":{"rendered":"<p><br id=\"sep_para_1\" class=\"sep_para access\"\/><\/p>\n<div id=\"para_1\" class=\"para_31263306 resize\">\n<div class=\"texte access firstletter\">A cet effet, la Direction de la planification et de l&rsquo;am\u00e9nagement du territoire (DPAT) vient d&rsquo;octroyer une enveloppe de 17, 5 milliards de centimes pour les\u00a0 communes c\u00f4ti\u00e8res de la wilaya. Selon la d\u00e9claration du chef de l&rsquo;ex\u00e9cutif, cette somme sera utilis\u00e9e pour des travaux d&rsquo;am\u00e9nagement et\u00a0 la r\u00e9alisation de certains \u00e9quipements au profit de ces communes appel\u00e9es \u00e0 recevoir des milliers d&rsquo;estivants. Cette enveloppe a \u00e9t\u00e9 d\u00e9bloqu\u00e9e sur la base des fiches techniques qui ont \u00e9t\u00e9 pr\u00e9sent\u00e9es par les communes c\u00f4ti\u00e8res. Ce montant sera destin\u00e9 notamment \u00e0 l\u2019am\u00e9nagement des acc\u00e8s, le renforcement de l\u2019\u00e9clairage public, pour offrir de meilleures conditions aux estivants \u00e0 travers\u00a0 les 34\u00a0 plages autoris\u00e9es \u00e0 la baignade. Par ailleurs, une autre enveloppe de 65 milliards\u00a0 de cts sera consacr\u00e9e pour les\u00a0 03\u00a0 projets de r\u00e9habilitation des routes.Le wali d\u2019Oran Mouloud Cherifi a insist\u00e9 lors de la r\u00e9union sur la gratuit\u00e9 des plages, et assurer l\u2019entretien notamment l\u2019hygi\u00e8ne, des \u00e9quipes seront mobilis\u00e9es pour assurer le nettoyage des plages, ainsi que la cr\u00e9ation de centre de tri au niveau des plages. Il\u00a0 a appel\u00e9 \u00e9galement \u00e0 faire participer les jeunes dans les diff\u00e9rentes op\u00e9rations et mettre fin au rejet des eaux us\u00e9es au niveau des plages. Toujours dans le m\u00eame cadre d&rsquo;id\u00e9es , le wali d&rsquo;Oran vient d&rsquo;instruire l&rsquo;ensemble des pr\u00e9sidents d&rsquo;APC, pour pr\u00e9parer d\u00e8s \u00e0 pr\u00e9sent la saison estivale en proc\u00e9dant \u00e0 la mobilisation d&rsquo;agents et de mat\u00e9riel pour des op\u00e9rations r\u00e9guli\u00e8res de nettoyage des plages, des travaux d&#8217;embellissement et de ravalement des fa\u00e7ades. En plus des travailleurs communaux, le wali a exhort\u00e9 les maires \u00e0 solliciter notamment les micro-entreprises sp\u00e9cialis\u00e9es dans la collecte et le nettoyage. Le premier responsable a, d&rsquo;autre part, insist\u00e9 sur le respect des cahiers des charges inh\u00e9rents \u00e0 la concession des espaces au niveau des plages, et le droit du citoyen d&rsquo;y acc\u00e9der gratuitement. Les m\u00eames instructions ont \u00e9t\u00e9 donn\u00e9es pour la concession des parkings au niveau des communes c\u00f4ti\u00e8res.<\/div>\n<\/div>\n<p>Auteur: Medjadji Habib<br \/>\n<a href=\"https:\/\/www.reflexiondz.net\/SAISON-ESTIVALE-A-ORAN-17-5-milliards-de-cts-pour-l-amenagement-des-plages_a55981.html\">Cliquez ici pour lire l&rsquo;article depuis sa source.<\/a><\/p>\n","protected":false},"excerpt":{"rendered":"<p>A cet effet, la Direction de la planification et de l&rsquo;am\u00e9nagement du territoire (DPAT) vient d&rsquo;octroyer une enveloppe de 17, 5 milliards de centimes pour les\u00a0 communes c\u00f4ti\u00e8res de la wilaya. Selon la d\u00e9claration du chef de l&rsquo;ex\u00e9cutif, cette somme sera utilis\u00e9e pour des travaux d&rsquo;am\u00e9nagement et\u00a0 la r\u00e9alisation de certains \u00e9quipements au profit de [&hellip;]<\/p>\n","protected":false},"author":1740,"featured_media":0,"comment_status":"closed","ping_status":"closed","sticky":false,"template":"","format":"standard","meta":{"fifu_image_url":"","fifu_image_alt":"","footnotes":""},"categories":[53,76],"tags":[],"class_list":["post-36568","post","type-post","status-publish","format-standard","hentry","category-algerie","category-regions"],"_links":{"self":[{"href":"https:\/\/linitiative.ca\/International\/wp-json\/wp\/v2\/posts\/36568","targetHints":{"allow":["GET"]}}],"collection":[{"href":"https:\/\/linitiative.ca\/International\/wp-json\/wp\/v2\/posts"}],"about":[{"href":"https:\/\/linitiative.ca\/International\/wp-json\/wp\/v2\/types\/post"}],"author":[{"embeddable":true,"href":"https:\/\/linitiative.ca\/International\/wp-json\/wp\/v2\/users\/1740"}],"replies":[{"embeddable":true,"href":"https:\/\/linitiative.ca\/International\/wp-json\/wp\/v2\/comments?post=36568"}],"version-history":[{"count":0,"href":"https:\/\/linitiative.ca\/International\/wp-json\/wp\/v2\/posts\/36568\/revisions"}],"wp:attachment":[{"href":"https:\/\/linitiative.ca\/International\/wp-json\/wp\/v2\/media?parent=36568"}],"wp:term":[{"taxonomy":"category","embeddable":true,"href":"https:\/\/linitiative.ca\/International\/wp-json\/wp\/v2\/categories?post=36568"},{"taxonomy":"post_tag","embeddable":true,"href":"https:\/\/linitiative.ca\/International\/wp-json\/wp\/v2\/tags?post=36568"}],"curies":[{"name":"wp","href":"https:\/\/api.w.org\/{rel}","templated":true}]}}