{"id":36586,"date":"2019-05-25T05:00:44","date_gmt":"2019-05-25T09:00:44","guid":{"rendered":"https:\/\/linitiative.ca\/International\/notre-objectif-est-la-promotion-de-limage-touristique-de-lalgerie\/"},"modified":"2019-05-25T05:00:44","modified_gmt":"2019-05-25T09:00:44","slug":"notre-objectif-est-la-promotion-de-limage-touristique-de-lalgerie","status":"publish","type":"post","link":"https:\/\/linitiative.ca\/International\/notre-objectif-est-la-promotion-de-limage-touristique-de-lalgerie\/","title":{"rendered":"\u00abNotre objectif est la promotion de l\u2019image touristique de l\u2019Alg\u00e9rie\u00bb"},"content":{"rendered":"<h4 class=\"title-14\">Fay\u00e7al Rezkallah. Photographe et cadre associatif<\/h4>\n<div class=\"featured_image\"><img width=\"800\" height=\"319\" data-cfsrc=\"https:\/\/www.elwatan.com\/wp-content\/uploads\/2019\/05\/Sans-titre-1-85.gif\" class=\"attachment-post-thumbnail size-post-thumbnail wp-post-image c1\" alt=\"\"\/><noscript><\/p>\n<p><img loading=\"lazy\" decoding=\"async\" width=\"800\" height=\"319\" src=\"https:\/\/www.elwatan.com\/wp-content\/uploads\/2019\/05\/Sans-titre-1-85.gif\" class=\"attachment-post-thumbnail size-post-thumbnail wp-post-image\" alt=\"\"\/><\/p>\n<p><\/noscript><\/div>\n<p class=\"p4\"><span class=\"s4\">Fay\u00e7al Rezkallah est l\u2019un des animateurs principaux de l\u2019association les Nomades alg\u00e9riens au sein de laquelle est n\u00e9 le projet Isoclub, qui a r\u00e9uni et contribu\u00e9 \u00e0 former toute une g\u00e9n\u00e9ration de jeunes photographes. Il nous explique dans cet entretien les objectifs de l\u2019une et l\u2019autre de ces initiatives et leur \u00e9volution dans le temps.<\/span><\/p>\n<p class=\"p4\"><em><strong><span class=\"s4\">\u2013 De l\u2019association les Nomades Alg\u00e9riens, on est pass\u00e9 \u00e0 Isoclub, un club sp\u00e9cialis\u00e9 dans la promotion de l\u2019art photographique \u00e0 Oran. Comment s\u2019est faite la jonction\u00a0?<\/span><\/strong><\/em><\/p>\n<p class=\"p6\"><span class=\"s4\">L\u2019association les Nomades Alg\u00e9riens est n\u00e9e en 2009, trois ans avant le club. C\u2019est une association qui est dans la promotion de l\u2019image touristique de l\u2019Alg\u00e9rie. Nous apprenons aux jeunes \u00e0 voyager \u00e0 bas prix pour d\u00e9couvrir les villes et les r\u00e9gions du pays. Nous louons des bus, nous s\u00e9journons dans les auberges de jeunesse, etc. Nous avons travers\u00e9 une p\u00e9riode des ann\u00e9es 1990, o\u00f9 les gens \u00e9taient contraints \u00e0 l\u2019enfermement dans leurs coins respectifs, mais, dans les ann\u00e9es 2000, les choses ont chang\u00e9 et les jeunes ont exprim\u00e9 cette soif et cette volont\u00e9 de sortir et de d\u00e9couvrir d\u2019autres choses.<\/span><\/p>\n<p class=\"p6\"><span class=\"s4\">Le bivouac est redevenu normal, alors qu\u2019auparavant ce n\u2019\u00e9tait pas du tout \u00e9vident, car rares \u00e9taient les familles qui acceptaient de laisser leurs enfants passer la nuit dehors. Aujourd\u2019hui, le bivouac est devenu \u00e0 la mode et ce sont des associations comme les Nomades Alg\u00e9riens qui ont inculqu\u00e9 cette culture du voyage et du tourisme local. Voil\u00e0 donc un de nos objectifs, mais comme nous voyagions beaucoup et nous vendions, entre guillemets, ces destinations pour les besoins de la promotion, il nous fallait de la photo. Il nous fallait de la bonne photo, d\u2019o\u00f9 donc l\u2019id\u00e9e de fonder ce club.<\/span><\/p>\n<p class=\"p6\"><span class=\"s4\">Depuis, \u00e0 chaque fois que nous voyagions, nous revenions avec une s\u00e9rie de photos repr\u00e9sentant les lieux, mais aussi des personnages des r\u00e9gions visit\u00e9es. Iso club a \u00e9volu\u00e9 de son c\u00f4t\u00e9 pour devenir une v\u00e9ritable p\u00e9pini\u00e8re de photographes, mais aussi une instance qui collabore \u00e0 l\u2019organisation d\u2019\u00e9v\u00e9nements li\u00e9s \u00e0 la photo, dont les expositions bien s\u00fbr, mais aussi des rendez-vous plus importants, comme les journ\u00e9es de la photographie d\u2019Oran, en partenariat avec l\u2019Institut fran\u00e7ais, un rendez-vous qui prend de plus en plus d\u2019ampleur.<\/span><\/p>\n<p class=\"p6\"><em><strong><span class=\"s4\">\u2013 Les Nomades Alg\u00e9riens est pourtant une association locale\u2026<\/span><\/strong><\/em><\/p>\n<p class=\"p6\"><span class=\"s4\">Notre association est wilayale, mais notre objectif est de faire la promotion du tourisme \u00e0 l\u2019\u00e9chelle nationale. En g\u00e9n\u00e9ral, quand on parle tourisme, on pense tout de suite au Grand\u00a0Sud, nous le faisons mais, pour nous, il s\u2019agit de permettre \u00e0 des jeunes d\u2019Oran de d\u00e9couvrir par exemple la Kabylie, Gharda\u00efa, Tipasa, les autres villes et sites de l\u2019est du pays, etc. L\u2019id\u00e9e, c\u2019est de susciter de l\u2019int\u00e9r\u00eat chez des jeunes qui n\u2019ont jamais voyag\u00e9 localement, car ayant le regard constamment braqu\u00e9 sur l\u2019\u00e9tranger.<\/span><\/p>\n<p class=\"p6\"><span class=\"s4\">Il nous arrive de remplir des auberges de jeunes et c\u2019est gr\u00e2ce aux contacts que nous avons nou\u00e9s au fil du temps. Les gens nous connaissent et nous font confiance. Ils savent qu\u2019avec nous l\u2019encadrement est garanti et qu\u2019ils n\u2019ont pas de soucis \u00e0 se faire, car si nous voyageons, c\u2019est principalement pour les d\u00e9couvertes et non pas seulement pour la f\u00eate.<\/span><\/p>\n<p class=\"p6\"><em><strong><span class=\"s4\">\u2013 Pensez-vous avoir remplac\u00e9 en quelque sorte les organismes d\u2019Etat qui, auparavant, s\u2019occupaient des voyages destin\u00e9s \u00e0 la jeunesse\u00a0?<\/span><\/strong><\/em><\/p>\n<p class=\"p6\"><span class=\"s4\">Dans le temps, des instances d\u2019Etat organisaient des excursions pour la jeunesse et c\u2019\u00e9tait g\u00e9nial, mais cette dynamique s\u2019est malheureusement interrompue. Nous ne pr\u00e9tendons pas nous y substituer, mais je peux dire que nous avons combl\u00e9 un vide. Dans les ann\u00e9es 1970\/1980, il y avait pas mal de facilit\u00e9s, mais notre g\u00e9n\u00e9ration n\u2019a pas eu cette chance. Nous avons ouvert les yeux dans une p\u00e9riode tr\u00e8s difficile.<\/span><\/p>\n<p class=\"p6\"><span class=\"s4\">Nous sommes en train de r\u00e9apprendre \u00e0 monter une tente, \u00e0 plier son sac de couchage, \u00e0 voyager l\u00e9ger, \u00e0 g\u00e9rer convenablement son budget, \u00e0 \u00eatre \u00e9colo et ce sont l\u00e0 des notions dont nous n\u2019avons pas forc\u00e9ment h\u00e9rit\u00e9. Il y a eu une cassure et il fallait qu\u2019on se r\u00e9\u00e9duque. C\u2019\u00e9tait et c\u2019est encore le r\u00f4le des Nomades Alg\u00e9riens. Nous valorisons par ailleurs ce m\u00e9tier en formant des gens pour devenir eux-m\u00eames organisateurs de voyages \u00e9co-responsables et solidaires et cela a fait l\u2019objet d\u2019un projet qu\u2019on a suivi pendant une ann\u00e9e.<\/span><\/p>\n<p class=\"p6\"><span class=\"s4\">Nous avons pass\u00e9 pas mal d\u2019ann\u00e9es \u00e0 nous former nous-m\u00eames avant d\u2019entamer de gros projets.\u00a0<\/span><span class=\"s4\">Le premier pr\u00e9sident de l\u2019association, Houari, a mis l\u2019accent sur la formation des membres et le renforcement des capacit\u00e9s de chacun. Nous avons \u00e9volu\u00e9 et ce n\u2019est qu\u2019apr\u00e8s cela que nous avons men\u00e9 un vrai grand projet qui s\u2019appelle Ighzer, disons un projet solidaire dans la r\u00e9gion de Timimoune, qui a fait l\u2019objet d\u2019une exposition de photographies au profit des enfants.<\/span><\/p>\n<p class=\"p6\"><em><strong><span class=\"s4\">\u2013 Comment es-tu venu personnellement \u00e0 la photographie\u00a0?<\/span><\/strong><\/em><\/p>\n<p class=\"p6\"><span class=\"s4\">Au d\u00e9part, c\u2019\u00e9tait quelque chose que j\u2019aimais faire, comme on pratiquerait un sport ou un autre loisir. Pour gagner ma vie, je faisais des jobs ennuyeux o\u00f9 j\u2019assurais mes 8 heures comme tout le monde, mais \u00e0 un certain moment je me suis dit\u00a0: \u00abC\u2019est bon\u00a0! Je veux faire autre chose, je me donne une ann\u00e9e ou deux pour voir.\u00bb Je me suis donc lanc\u00e9 dans cette aventure et j\u2019y suis encore.<\/span><\/p>\n<p class=\"p6\"><span class=\"s4\">Comme il y avait un vide \u00e0 Oran, nous avons essay\u00e9 d\u2019insuffler une dynamique autour d\u2019un art qui est totalement d\u00e9laiss\u00e9 en Alg\u00e9rie, surtout \u00e0 Oran. Il y a eu la cr\u00e9ation du club et beaucoup de gens ont gravit\u00e9 autour car nous offrions des formations gratuites. Je l\u2019ai cr\u00e9\u00e9 avec mes amis. Je l\u2019ai pr\u00e9sid\u00e9.<\/span><\/p>\n<p class=\"p6\"><span class=\"s4\">C\u2019est le club de l\u2019association, une section des Nomades Alg\u00e9riens. Nous avons port\u00e9 ce club un petit peu partout en Alg\u00e9rie, nous avons beaucoup travaill\u00e9 avec le club de Laghouat, avec celui de Annaba, entre autres. Nous avons aussi un partenariat qui dure toujours avec la ville de Strasbourg, avec l\u2019association PasSage et Chambre \u00e0 part. Nous avons beaucoup appris de tous ces \u00e9changes-l\u00e0<\/span><\/p>\n<p class=\"p6\"><em><strong><span class=\"s4\">\u2013 Les journ\u00e9es de la photo organis\u00e9es en collaboration avec l\u2019IF ont pris une r\u00e9elle ampleur. Peut-on dire que c\u2019est une \u00e9volution logique pour Isoclub\u00a0?<\/span><\/strong><\/em><\/p>\n<p class=\"p6\"><span class=\"s4\">Au d\u00e9part, en 2012, l\u2019id\u00e9e \u00e9tait d\u2019organiser des expositions et un ou deux workshops, mais avec le temps, des gens commen\u00e7aient \u00e0 nous solliciter \u00e0 partir de Mascara, de Relizane, de Chlef, d\u2019Alger, et c\u2019est ainsi que d\u2019ann\u00e9e en ann\u00e9e l\u2019\u00e9v\u00e9nement est devenu national.<\/span><\/p>\n<p class=\"p6\"><span class=\"s4\">Les clubs de photos venaient chez nous et bien s\u00fbr nous aussi nous participions \u00e0 des Salons nationaux. Les trois derni\u00e8res ann\u00e9es, nous avons fait un v\u00e9ritable carton, un festival national, pouvons-nous dire, avec une envergure internationale. Des articles parlent de nous au Liban, en Egypte, en France, cela commence \u00e0 faire du bruit en M\u00e9diterran\u00e9e.<\/span><\/p>\n<p class=\"p6\"><em><strong><span class=\"s4\">\u2013 Un travail sur Oran a \u00e9t\u00e9 men\u00e9 avec le photographe Ferhat Bouda, comment est n\u00e9e cette id\u00e9e\u00a0?<\/span><\/strong><\/em><\/p>\n<p class=\"p6\"><span class=\"s4\">L\u2019exp\u00e9rience avec Ferhat Bouda est personnelle. Nous avons travaill\u00e9 sur ce projet concernant Oran il y a quatre ans, mais, \u00e0 l\u2019\u00e9poque, j\u2019\u00e9tais juste son \u00abfixeur\u00bb on va dire. Je l\u2019ai emmen\u00e9 dans les ambiances d\u2019Oran et lui a r\u00e9alis\u00e9 une s\u00e9rie pour le <em>New York Times<\/em>. Plus tard, j\u2019ai fait une autre s\u00e9rie qui n\u2019a rien \u00e0 voir avec la sienne.<\/span><\/p>\n<p class=\"p6\"><span class=\"s4\">Mes photos sont color\u00e9es, positives, peut-on dire, alors que les siennes sont un petit peu m\u00e9lancoliques, parfois dures. J\u2019ai juste voulu les confronter. Je lui ai donc propos\u00e9 l\u2019id\u00e9e et il a tout de suite accept\u00e9, ce qui a donn\u00e9 lieu \u00e0 une exposition. Les deux styles \u00e9taient diff\u00e9rents et c\u2019est flagrant, mais il y avait une compl\u00e9mentarit\u00e9. Je connaissais Ferhat depuis quelques ann\u00e9es mais c\u2019est cette commande-l\u00e0 qui nous a r\u00e9ellement rapproch\u00e9s.<\/span><\/p>\n<p class=\"p6\"><span class=\"s4\">Il \u00e9tait venu \u00e0 Oran, mais comme il n\u2019avait aucune attache ici, il m\u2019a propos\u00e9 ce travail. J\u2019\u00e9tais r\u00e9mun\u00e9r\u00e9 et j\u2019ai donc travaill\u00e9 avec lui durant ces quinze jours pour la r\u00e9alisation de son projet. Nous sommes devenus de tr\u00e8s bons copains. Nous nous sommes revus ailleurs, chez lui \u00e0 Frankfurt, en Allemagne, et lui est venu voir nos expositions \u00e0 Strasbourg, en France. Nous avons aussi \u00e9t\u00e9 dans sa r\u00e9gion, \u00e0 Bouzgu\u00e8ne (wilaya de Tizi Ouzou), et nous avons d\u2019autres projets ensemble dans le futur. <span class=\"Apple-converted-space\">\u00a0 \u00a0 \u00a0 \u00a0 \u00a0 \u00a0 \u00a0 \u00a0 \u00a0 \u00a0 \u00a0\u00a0<\/span><\/span><\/p>\n<div class=\"yuzo_related_post style-1\" data-version=\"5.12.88\">\n<p><h3>Related Post<\/h3>\n<\/p>\n<div class=\"yuzo_wraps\">\n<div class=\"relatedthumb relatedpost-526212 c11\"><a href=\"https:\/\/www.elwatan.com\/regions\/sud\/actu-sud\/ghardaia-une-eau-saumatre-dans-les-robinets-a-bouhraoua-2-31-01-2017\"\/><\/p>\n<p><span class=\"yuzo__text--title c10\">Gharda\u00efa : Une eau saum\u00e2tre dans les robinets \u00e0 Bo&#8230;<\/span><\/div>\n<div class=\"relatedthumb relatedpost-575436 c11\"><a href=\"https:\/\/www.elwatan.com\/pages-hebdo\/sante\/cancer-du-sein-et-apport-des-biosimilaires-28-04-2019\"\/><\/p>\n<p><span class=\"yuzo__text--title c10\">Cancer du sein et apport des biosimilaires<\/span><\/div>\n<div class=\"relatedthumb relatedpost-414275 c11\"><a href=\"https:\/\/www.elwatan.com\/edition\/actualite\/report-de-la-presidentielle-de-2019-la-proposition-loufoque-des-islamistes-30-12-2018\"\/><\/p>\n<p><span class=\"yuzo__text--title c10\">Report de la pr\u00e9sidentielle de 2019 : La propositi&#8230;<\/span><\/div>\n<div class=\"relatedthumb relatedpost-368189 c11\"><a href=\"https:\/\/www.elwatan.com\/edition\/actualite\/lancement-de-lappel-doffres-pour-licence-de-telephonie-mobile-3g-16-09-2011\"\/><\/p>\n<p><span class=\"yuzo__text--title c10\">Lancement de l\u2019appel d\u2019offres pour licence de t\u00e9l\u00e9&#8230;<\/span><\/div>\n<\/div>\n<\/div>\n<p><span class=\"post-views-label\">Post Views:<\/span> <span class=\"post-views-count\">562<\/span><\/p>\n<p>Auteur: Anis Khecheba<br \/>\n<a href=\"https:\/\/www.elwatan.com\/regions\/ouest\/oran\/notre-objectif-est-la-promotion-de-limage-touristique-de-lalgerie-25-05-2019\">Cliquez ici pour lire l&rsquo;article depuis sa source.<\/a><\/p>\n","protected":false},"excerpt":{"rendered":"<p>Fay\u00e7al Rezkallah. Photographe et cadre associatif Fay\u00e7al Rezkallah est l\u2019un des animateurs principaux de l\u2019association les Nomades alg\u00e9riens au sein de laquelle est n\u00e9 le projet Isoclub, qui a r\u00e9uni et contribu\u00e9 \u00e0 former toute une g\u00e9n\u00e9ration de jeunes photographes. Il nous explique dans cet entretien les objectifs de l\u2019une et l\u2019autre de ces initiatives [&hellip;]<\/p>\n","protected":false},"author":1743,"featured_media":36587,"comment_status":"closed","ping_status":"closed","sticky":false,"template":"","format":"standard","meta":{"fifu_image_url":"","fifu_image_alt":"","footnotes":""},"categories":[73,53],"tags":[],"class_list":["post-36586","post","type-post","status-publish","format-standard","has-post-thumbnail","hentry","category-actualite","category-algerie"],"_links":{"self":[{"href":"https:\/\/linitiative.ca\/International\/wp-json\/wp\/v2\/posts\/36586","targetHints":{"allow":["GET"]}}],"collection":[{"href":"https:\/\/linitiative.ca\/International\/wp-json\/wp\/v2\/posts"}],"about":[{"href":"https:\/\/linitiative.ca\/International\/wp-json\/wp\/v2\/types\/post"}],"author":[{"embeddable":true,"href":"https:\/\/linitiative.ca\/International\/wp-json\/wp\/v2\/users\/1743"}],"replies":[{"embeddable":true,"href":"https:\/\/linitiative.ca\/International\/wp-json\/wp\/v2\/comments?post=36586"}],"version-history":[{"count":0,"href":"https:\/\/linitiative.ca\/International\/wp-json\/wp\/v2\/posts\/36586\/revisions"}],"wp:featuredmedia":[{"embeddable":true,"href":"https:\/\/linitiative.ca\/International\/wp-json\/"}],"wp:attachment":[{"href":"https:\/\/linitiative.ca\/International\/wp-json\/wp\/v2\/media?parent=36586"}],"wp:term":[{"taxonomy":"category","embeddable":true,"href":"https:\/\/linitiative.ca\/International\/wp-json\/wp\/v2\/categories?post=36586"},{"taxonomy":"post_tag","embeddable":true,"href":"https:\/\/linitiative.ca\/International\/wp-json\/wp\/v2\/tags?post=36586"}],"curies":[{"name":"wp","href":"https:\/\/api.w.org\/{rel}","templated":true}]}}