{"id":36591,"date":"2019-05-25T05:30:33","date_gmt":"2019-05-25T09:30:33","guid":{"rendered":"https:\/\/linitiative.ca\/International\/14e-vendredi-de-contestation-populaire-gaid-salah-cible-rejet-des-elections\/"},"modified":"2019-05-25T05:30:33","modified_gmt":"2019-05-25T09:30:33","slug":"14e-vendredi-de-contestation-populaire-gaid-salah-cible-rejet-des-elections","status":"publish","type":"post","link":"https:\/\/linitiative.ca\/International\/14e-vendredi-de-contestation-populaire-gaid-salah-cible-rejet-des-elections\/","title":{"rendered":"14e vendredi de contestation populaire : Ga\u00efd Salah cibl\u00e9, rejet des \u00e9lections"},"content":{"rendered":"<h4 class=\"title-14\"\/>\n<div class=\"featured_image\"><img width=\"800\" height=\"643\" data-cfsrc=\"https:\/\/www.elwatan.com\/wp-content\/uploads\/2019\/05\/manif-2-e1558752203172.jpeg\" class=\"attachment-post-thumbnail size-post-thumbnail wp-post-image c1\" alt=\"\"\/><noscript><\/p>\n<p><img loading=\"lazy\" decoding=\"async\" width=\"800\" height=\"643\" src=\"https:\/\/www.elwatan.com\/wp-content\/uploads\/2019\/05\/manif-2-e1558752203172.jpeg\" class=\"attachment-post-thumbnail size-post-thumbnail wp-post-image\" alt=\"\"\/><\/p>\n<p><\/noscript> <span class=\"featured-image-caption\">(Photo : Ly\u00e8s Hebbache )<\/span><\/div>\n<p>Ainsi, malgr\u00e9 la r\u00e9pression de la matin\u00e9e, la chaleur et la soif, ils \u00e9taient des milliers \u00e0 marcher dans les rues d\u2019Alger pour exprimer une nouvelle fois leur principale revendication, \u00e0 savoir, le d\u00e9part du syst\u00e8me.<\/p>\n<p>A cet effet, le slogan \u00abYetnahaw ga3\u00bb a retenti de plus belle hier encore, comme pour r\u00e9pondre au chef d\u2019\u00e9tat-major de l\u2019ANP qui l\u2019avait remis en cause dimanche dernier le jugeant \u00abirr\u00e9aliste\u00bb. \u00abDawla madania machi askaria\u00bb (Etat civil et non militaire), \u00abGa\u00efd Salah d\u00e9gage\u00bb, \u00abDjeiche chaab, khawa khawa, Ga\u00efd Salah maa el khawana\u00bb (Arm\u00e9e, peuple, fr\u00e8res, fr\u00e8res, Ga\u00efd Salah avec les tra\u00eetres) ou bien \u00abGa\u00efd Salah, chiate El Emarat\u00bb (Ga\u00efd Salah, serviteur des Emirats) sont les principaux slogans scand\u00e9s, hier, par les manifestants.<\/p>\n<p>Si le chef d\u2019\u00e9tat-major a \u00e9t\u00e9 salu\u00e9 au d\u00e9but, lorsqu\u2019il avait \u00abrecommand\u00e9\u00bb la mise en application de l\u2019article 102 de la Constitution (d\u00e9mission du chef de l\u2019Etat), aujourd\u2019hui, du fait qu\u2019il s\u2019accroche vaille que vaille \u00e0 la voie constitutionnelle, il est de plus en plus cibl\u00e9 par les manifestants.<\/p>\n<p>Le discours prononc\u00e9 lundi dernier par le vice-ministre de la D\u00e9fense nationale, dans lequel il avait r\u00e9affirm\u00e9 ses positions ant\u00e9rieures de s\u2019en tenir au processus \u00e9lectoral en cours, et de rejet donc de toute id\u00e9e de transition, entre autres, n\u2019a pas \u00e9t\u00e9 vu d\u2019un bon \u0153il par beaucoup d\u2019Alg\u00e9riens. Ils ont tenu, donc, hier, \u00e0 le lui faire savoir.<\/p>\n<p><strong>\u00abPas d\u2019\u00e9lection avec les symboles du syst\u00e8me\u00bb<\/strong><\/p>\n<p>Les manifestants ont \u00e9galement exprim\u00e9, une nouvelle fois, leur rejet de l\u2019\u00e9lection pr\u00e9sidentielle du 4 juillet prochain. \u00abMakanch intikhabat ya issabat\u00bb (Pas d\u2019\u00e9lection, gangs), ont-ils cri\u00e9 \u00e0 maintes reprises.<\/p>\n<p>Les manifestants ne veulent surtout pas d\u2019une \u00e9lection organis\u00e9e et supervis\u00e9e par les symboles de l\u2019ancien r\u00e9gime, en l\u2019occurrence le chef d\u2019Etat par int\u00e9rim, Abdelkader Bensalah, et le Premier ministre, Noureddine Bedoui, ce dernier surtout ayant organis\u00e9, en tant que ministre de l\u2019Int\u00e9rieur, les \u00e9lections l\u00e9gislatives de 2017.<\/p>\n<p>Ils ont ainsi r\u00e9clam\u00e9, sur des pancartes et banderoles, le d\u00e9part de ces deux responsables. Un appel a \u00e9t\u00e9 \u00e9galement lanc\u00e9 pour des manifestations grandioses le 4 juillet prochain, jour de l\u2019\u00e9lection. \u00ab4 juillet, kayen massira\u00bb (Le 4 juillet, il y a aura une marche), scandaient-ils.<\/p>\n<p>A 24 heures de la fin du dernier d\u00e9lai de d\u00e9p\u00f4t de candidature, les Alg\u00e9riens ont voulu donner un signal quant \u00e0 l\u2019ampleur du sentiment de rejet qui existe au sein de la population pour ce rendez-vous \u00e9lectoral. Il est question aussi de lancer un \u00abavertissement\u00bb en direction des potentiels candidats.<\/p>\n<p>Avant-hier, le minist\u00e8re de l\u2019Int\u00e9rieur avait indiqu\u00e9 que 77 intentions de candidature ont \u00e9t\u00e9 d\u00e9pos\u00e9es \u00e0 son niveau, dont trois \u00e9manant de chefs de parti politique, \u00e0 savoir Belkacem Sahli de l\u2019Alliance nationale r\u00e9publicaine (ANR), Abdelaziz Bela\u00efd du Front El Moustakbel (FM) et Tayeb Yennoune du Front alg\u00e9rien pour le d\u00e9veloppement, la libert\u00e9 et l\u2019\u00e9quit\u00e9 (Fadle).<\/p>\n<p>Ces trois pourront-ils d\u00e9poser quand m\u00eame leurs dossiers \u2013\u00a0\u00e0 supposer qu\u2019ils puissent r\u00e9colter les signatures n\u00e9cessaires \u2013 malgr\u00e9 le rejet populaire\u00a0?<\/p>\n<p>En tout cas, les Alg\u00e9riens, et partout dans le pays, ont une nouvelle fois r\u00e9affirm\u00e9 leur position par rapport \u00e0 ce processus \u00e9lectoral men\u00e9 par les symboles de l\u2019ancien r\u00e9gime. Et si Ga\u00efd Salah a \u00e9t\u00e9 particuli\u00e8rement cibl\u00e9, c\u2019est parce qu\u2019il s\u2019en tient \u00e0 cette \u00e9lection massivement rejet\u00e9e.<\/p>\n<div class=\"yuzo_related_post style-1\" data-version=\"5.12.88\">\n<p><h3>Related Post<\/h3>\n<\/p>\n<div class=\"yuzo_wraps\">\n<div class=\"relatedthumb relatedpost-528136 c11\"><a href=\"https:\/\/www.elwatan.com\/pages-hebdo\/auto\/renault-trucks-une-campagne-sur-la-filtration-lancee-2-01-03-2017\"\/><\/p>\n<p><span class=\"yuzo__text--title c10\">Renault Trucks : Une campagne sur la filtration la&#8230;<\/span><\/div>\n<div class=\"relatedthumb relatedpost-555902 c11\"><a href=\"https:\/\/www.elwatan.com\/edition\/sports\/le-mouloudia-a-lepreuve-des-soudanais-31-01-2019\"\/><\/p>\n<p><span class=\"yuzo__text--title c10\">Le Mouloudia \u00e0 l\u2019\u00e9preuve des Soudanais<\/span><\/div>\n<div class=\"relatedthumb relatedpost-448725 c11\"><a href=\"https:\/\/www.elwatan.com\/regions\/sud\/actu-sud\/laghouat-un-vrai-musee-de-lhistoire-peu-frequente-2-17-02-2014\"\/><\/p>\n<p><span class=\"yuzo__text--title c10\">Laghouat : Un vrai mus\u00e9e de l\u2019histoire peu fr\u00e9quen&#8230;<\/span><\/div>\n<div class=\"relatedthumb relatedpost-561749 c11\"><a href=\"https:\/\/www.elwatan.com\/pages-hebdo\/sup-eco\/le-jeu-des-acteurs-internes-et-externes-face-aux-reformes-04-03-2019\"\/><\/p>\n<p><span class=\"yuzo__text--title c10\">Le jeu des acteurs internes\u00a0et externes face aux r&#8230;<\/span><\/div>\n<\/div>\n<\/div>\n<p><span class=\"post-views-label\">Post Views:<\/span> <span class=\"post-views-count\">4\u00a0128<\/span><\/p>\n<p>Auteur: Hicham Chouadria<br \/>\n<a href=\"https:\/\/www.elwatan.com\/a-la-une\/14e-vendredi-de-contestation-populaire-gaid-salah-cible-rejet-des-elections-25-05-2019\">Cliquez ici pour lire l&rsquo;article depuis sa source.<\/a><\/p>\n","protected":false},"excerpt":{"rendered":"<p>(Photo : Ly\u00e8s Hebbache ) Ainsi, malgr\u00e9 la r\u00e9pression de la matin\u00e9e, la chaleur et la soif, ils \u00e9taient des milliers \u00e0 marcher dans les rues d\u2019Alger pour exprimer une nouvelle fois leur principale revendication, \u00e0 savoir, le d\u00e9part du syst\u00e8me. A cet effet, le slogan \u00abYetnahaw ga3\u00bb a retenti de plus belle hier encore, [&hellip;]<\/p>\n","protected":false},"author":1743,"featured_media":36592,"comment_status":"closed","ping_status":"closed","sticky":false,"template":"","format":"standard","meta":{"fifu_image_url":"","fifu_image_alt":"","footnotes":""},"categories":[73,53],"tags":[],"class_list":["post-36591","post","type-post","status-publish","format-standard","has-post-thumbnail","hentry","category-actualite","category-algerie"],"_links":{"self":[{"href":"https:\/\/linitiative.ca\/International\/wp-json\/wp\/v2\/posts\/36591","targetHints":{"allow":["GET"]}}],"collection":[{"href":"https:\/\/linitiative.ca\/International\/wp-json\/wp\/v2\/posts"}],"about":[{"href":"https:\/\/linitiative.ca\/International\/wp-json\/wp\/v2\/types\/post"}],"author":[{"embeddable":true,"href":"https:\/\/linitiative.ca\/International\/wp-json\/wp\/v2\/users\/1743"}],"replies":[{"embeddable":true,"href":"https:\/\/linitiative.ca\/International\/wp-json\/wp\/v2\/comments?post=36591"}],"version-history":[{"count":0,"href":"https:\/\/linitiative.ca\/International\/wp-json\/wp\/v2\/posts\/36591\/revisions"}],"wp:featuredmedia":[{"embeddable":true,"href":"https:\/\/linitiative.ca\/International\/wp-json\/"}],"wp:attachment":[{"href":"https:\/\/linitiative.ca\/International\/wp-json\/wp\/v2\/media?parent=36591"}],"wp:term":[{"taxonomy":"category","embeddable":true,"href":"https:\/\/linitiative.ca\/International\/wp-json\/wp\/v2\/categories?post=36591"},{"taxonomy":"post_tag","embeddable":true,"href":"https:\/\/linitiative.ca\/International\/wp-json\/wp\/v2\/tags?post=36591"}],"curies":[{"name":"wp","href":"https:\/\/api.w.org\/{rel}","templated":true}]}}