{"id":36593,"date":"2019-05-25T13:38:22","date_gmt":"2019-05-25T17:38:22","guid":{"rendered":"https:\/\/linitiative.ca\/International\/nouvelles-nominations-a-la-tete-de-sonelgaz-leptv-lanep-et-larav\/"},"modified":"2019-05-25T13:38:22","modified_gmt":"2019-05-25T17:38:22","slug":"nouvelles-nominations-a-la-tete-de-sonelgaz-leptv-lanep-et-larav","status":"publish","type":"post","link":"https:\/\/linitiative.ca\/International\/nouvelles-nominations-a-la-tete-de-sonelgaz-leptv-lanep-et-larav\/","title":{"rendered":"Nouvelles nominations \u00e0 la t\u00eate de Sonelgaz, l\u2019EPTV, l\u2019ANEP et l\u2019ARAV"},"content":{"rendered":"<h4 class=\"title-14\"\/>\n<p><strong>Le chef de l\u2019Etat, Abdelkader Bensalah, a proc\u00e9d\u00e9 samedi, \u00e0 de nouvelles nominations \u00e0 la t\u00eate de l\u2019Entreprise publique de t\u00e9l\u00e9vision (EPTV), de l\u2019Autorit\u00e9 de r\u00e9gulation de l\u2019audiovisuel (ARAV), de l\u2019Agence nationale d\u2019\u00e9dition et de publicit\u00e9 (ANEP) et du Groupe Sonelgaz, selon un communiqu\u00e9 de la pr\u00e9sidence.<\/strong><\/p>\n<p><strong>\u00a0<\/strong><strong>Salim Rebahi nouveau Directeur g\u00e9n\u00e9ral de l\u2019EPTV<\/strong><\/p>\n<p>\u201cLe chef de l\u2019Etat a nomm\u00e9 M. Salim Rebahi au poste de Directeur g\u00e9n\u00e9ral de l\u2019Entreprise publique de t\u00e9l\u00e9vision (EPTV)\u00a0 en remplacement \u00e0 M. Lotfi Cheriet, dont il a \u00e9t\u00e9 mis fin aux fonctions\u201d, lit-on dans le communiqu\u00e9 de la Pr\u00e9sidence de la R\u00e9publique.\u00a0<strong>\u00a0<\/strong><\/p>\n<p><strong>Le chef de l\u2019Etat nomme Zouina Abderrezak \u00e0 la t\u00eate de l\u2019ARAV<\/strong><\/p>\n<p>\u201cLe chef de l\u2019Etat a proc\u00e9d\u00e9 \u00e0 la nomination de M. Zouina Abderrezak au poste de pr\u00e9sident de l`Autorit\u00e9 de r\u00e9gulation de l\u2019audiovisuel (ARAV) en remplacement \u00e0 M. Zouaoui Ben Hamadi, dont il a \u00e9t\u00e9 mis fin aux fonctions\u201d, pr\u00e9cise le communiqu\u00e9 de la Pr\u00e9sidence de la R\u00e9publique.<\/p>\n<p><strong>Le chef de l\u2019Etat nomme Boulakhras Chaher au poste de P-dg du Groupe Sonelgaz<\/strong><\/p>\n<p>Le chef de l\u2019Etat a nomm\u00e9 Boulakhras Chahar au poste de Pr\u00e9sident directeur g\u00e9n\u00e9ral du Groupe Sonelgaz, a indiqu\u00e9 samedi un communiqu\u00e9 de la pr\u00e9sidence de la R\u00e9publique.\u00a0<strong>\u00a0<\/strong><\/p>\n<p><strong>Hemaidia Mounir, nouveau Pr\u00e9sident-directeur g\u00e9n\u00e9ral de l\u2019ANEP<\/strong><\/p>\n<p>\u201cM. Hemaidia Mounir a \u00e9t\u00e9 nomm\u00e9 au poste de pr\u00e9sident directeur g\u00e9n\u00e9ral de l\u2019ANEP en remplacement de Mme Djazia Djeddou, dont il a \u00e9t\u00e9 mis fin aux fonctions\u201d, lit-on dans le communiqu\u00e9.<\/p>\n<div class=\"yuzo_related_post style-1\" data-version=\"5.12.88\">\n<p><h3>Related Post<\/h3>\n<\/p>\n<div class=\"yuzo_wraps\">\n<div class=\"relatedthumb relatedpost-576877 c11\"><a href=\"https:\/\/www.elwatan.com\/edition\/actualite\/discours-de-bensalah-le-pouvoir-mise-sur-lelection-presidentielle-05-05-2019\"\/><\/p>\n<p><span class=\"yuzo__text--title c10\">Discours de Bensalah : Le pouvoir mise sur l\u2019\u00e9lect&#8230;<\/span><\/div>\n<div class=\"relatedthumb relatedpost-568710 c11\"><a href=\"https:\/\/www.elwatan.com\/edition\/actualite\/bensalah-chef-de-letat-le-pouvoir-menace-la-revolution-pacifique-des-algeriens-09-04-2019\"\/><\/p>\n<p><span class=\"yuzo__text--title c10\">Bensalah chef de l\u2019Etat : Le pouvoir menace la r\u00e9v&#8230;<\/span><\/div>\n<div class=\"relatedthumb relatedpost-555701 c11\"><a href=\"https:\/\/www.elwatan.com\/edition\/actualite\/bensalah-reconduit-a-la-tete-du-conseil-de-la-nation-29-01-2019\"\/><\/p>\n<p><span class=\"yuzo__text--title c10\">Bensalah reconduit \u00e0 la t\u00eate du Conseil de la nati&#8230;<\/span><\/div>\n<div class=\"relatedthumb relatedpost-153654 c11\"><a href=\"https:\/\/www.elwatan.com\/edition\/economie\/sonelgaz-est-stable-et-se-porte-bien-04-10-2018\"\/><\/p>\n<p><span class=\"yuzo__text--title c10\">\u00abSonelgaz est stable et se porte bien\u00bb<\/span><\/div>\n<\/div>\n<\/div>\n<p><span class=\"post-views-label\">Post Views:<\/span> <span class=\"post-views-count\">717<\/span><\/p>\n<p>Auteur: Farouk Djouadi<br \/>\n<a href=\"https:\/\/www.elwatan.com\/edition\/actualite\/nouvelles-nominations-a-la-tete-de-sonelgaz-leptv-lanep-et-larav-25-05-2019\">Cliquez ici pour lire l&rsquo;article depuis sa source.<\/a><\/p>\n","protected":false},"excerpt":{"rendered":"<p>Le chef de l\u2019Etat, Abdelkader Bensalah, a proc\u00e9d\u00e9 samedi, \u00e0 de nouvelles nominations \u00e0 la t\u00eate de l\u2019Entreprise publique de t\u00e9l\u00e9vision (EPTV), de l\u2019Autorit\u00e9 de r\u00e9gulation de l\u2019audiovisuel (ARAV), de l\u2019Agence nationale d\u2019\u00e9dition et de publicit\u00e9 (ANEP) et du Groupe Sonelgaz, selon un communiqu\u00e9 de la pr\u00e9sidence. \u00a0Salim Rebahi nouveau Directeur g\u00e9n\u00e9ral de l\u2019EPTV \u201cLe [&hellip;]<\/p>\n","protected":false},"author":1743,"featured_media":0,"comment_status":"closed","ping_status":"closed","sticky":false,"template":"","format":"standard","meta":{"fifu_image_url":"","fifu_image_alt":"","footnotes":""},"categories":[73,53],"tags":[],"class_list":["post-36593","post","type-post","status-publish","format-standard","hentry","category-actualite","category-algerie"],"_links":{"self":[{"href":"https:\/\/linitiative.ca\/International\/wp-json\/wp\/v2\/posts\/36593","targetHints":{"allow":["GET"]}}],"collection":[{"href":"https:\/\/linitiative.ca\/International\/wp-json\/wp\/v2\/posts"}],"about":[{"href":"https:\/\/linitiative.ca\/International\/wp-json\/wp\/v2\/types\/post"}],"author":[{"embeddable":true,"href":"https:\/\/linitiative.ca\/International\/wp-json\/wp\/v2\/users\/1743"}],"replies":[{"embeddable":true,"href":"https:\/\/linitiative.ca\/International\/wp-json\/wp\/v2\/comments?post=36593"}],"version-history":[{"count":0,"href":"https:\/\/linitiative.ca\/International\/wp-json\/wp\/v2\/posts\/36593\/revisions"}],"wp:attachment":[{"href":"https:\/\/linitiative.ca\/International\/wp-json\/wp\/v2\/media?parent=36593"}],"wp:term":[{"taxonomy":"category","embeddable":true,"href":"https:\/\/linitiative.ca\/International\/wp-json\/wp\/v2\/categories?post=36593"},{"taxonomy":"post_tag","embeddable":true,"href":"https:\/\/linitiative.ca\/International\/wp-json\/wp\/v2\/tags?post=36593"}],"curies":[{"name":"wp","href":"https:\/\/api.w.org\/{rel}","templated":true}]}}