{"id":36597,"date":"2019-05-25T06:00:00","date_gmt":"2019-05-25T10:00:00","guid":{"rendered":"https:\/\/linitiative.ca\/International\/reedition-des-actes-du-colloque-sur-massinissa\/"},"modified":"2019-05-25T06:00:00","modified_gmt":"2019-05-25T10:00:00","slug":"reedition-des-actes-du-colloque-sur-massinissa","status":"publish","type":"post","link":"https:\/\/linitiative.ca\/International\/reedition-des-actes-du-colloque-sur-massinissa\/","title":{"rendered":"R\u00e9\u00e9dition des actes du colloque sur Massinissa"},"content":{"rendered":"<p>La librairie Media Book \u00e0 Alger a abrit\u00e9 mardi dernier une rencontre consacr\u00e9e au grand souverain numide, Massinissa. C\u2019\u00e9tait \u00e0 l\u2019occasion de la r\u00e9\u00e9dition des actes du colloque qui lui a \u00e9t\u00e9 d\u00e9di\u00e9 par le HCA.<br \/>Le comit\u00e9 d&rsquo;accueil \u00e9tait compos\u00e9 de Mme Cherifa Bilek, arch\u00e9ologue de formation et cadre du HCA, Boudjema\u00e2 Azziri, directeur de la recherche et de l&rsquo;enseignement et Abdelhakim Meziani, journaliste et mod\u00e9rateur de l&rsquo;\u00e9v\u00e9nement. Il \u00e9tait\u00a0 aussi question de la\u00a0 dimension militaire, mais aussi de la place qu&rsquo;accordait Massinissa aux langues, \u00e0 la science et \u00e0 la culture.\u00a0 Massinissa, bien qu\u2019\u00e9tant un rude guerrier, encouragera la litt\u00e9rature et les arts. Il envoya m\u00eame ses enfants \u00e9tudier en Gr\u00e8ce et re\u00e7ut \u00e0 sa cour de nombreux \u00e9crivains et artistes \u00e9trangers.\u00a0<br \/>Cet homme courageux \u00e9tait aussi un roi g\u00e9n\u00e9reux qui accorda son pardon \u00e0 Lacumazes et Meztul ainsi que sa protection \u00e0 Sophonisbe. Massinissa savait aussi se comporter en souverain raffin\u00e9, portant de riches v\u00eatements et une couronne sur la t\u00eate. Dans son palais de Cirta, il donnait des banquets o\u00f9 les tables \u00e9taient charg\u00e9es de vaisselle d\u2019or et d\u2019argent et o\u00f9 se produisaient des musiciens venus de Gr\u00e8ce.\u00a0<br \/>Massinissa avait combattu les Carthaginois, mais il ne d\u00e9daigna gu\u00e8re la civilisation carthaginoise dont il sut tirer avantage. La langue punique fut d\u2019usage courant dans sa capitale o\u00f9 on parlait \u00e9galement, en plus du berb\u00e8re, les langues grecque et latine.<br \/>Ainsi, l\u2019\u0153uvre sociale et politique de Massinissa fut aussi grande que son \u0153uvre militaire. Il s\u00e9dentarisa ainsi les Amazighs, \u00e9difia un \u00c9tat numide puissant et le dota d\u2019institutions inspir\u00e9es de celles de Rome et de Carthage, les deux puissances de l\u2019\u00e9poque. Il fit frapper une monnaie nationale et entretint une arm\u00e9e r\u00e9guli\u00e8re ainsi qu\u2019une flotte qu\u2019il mit parfois au service de ses alli\u00e9s romains.<br \/>\u00a0Ce fut un grand aguellid (roi), qui s\u2019effor\u00e7a de faire de la Berb\u00e9rie un \u00c9tat unifi\u00e9 et ind\u00e9pendant. Massinissa essaya de r\u00e9aliser l\u2019\u00e9bauche d\u2019une nation libre, de d\u00e9velopper sa civilisation autonome. La tentative de Massinissa et ses r\u00e9alisations ont mis en relief ses qualit\u00e9s exceptionnelles de souverain.\u00a0\u00a0<br \/>Massinissa, ou Masnsen, n\u00e9 vers 238 av. J.-C., \u00e9tait un roi berb\u00e8re, fils du roi Ga\u00efa. Il fut le premier roi de la Numidie unifi\u00e9e. Il est mort en l\u2019an 148 av. J.-C. Son nom a \u00e9t\u00e9 retrouv\u00e9 dans son tombeau \u00e0 Cirta (aujourd\u2019hui Constantine), sous la forme consonantique MSNSN.\u00a0\u00a0<br \/>Kader B.<\/p>\n<p>Auteur:<br \/>\n<a href=\"https:\/\/www.lesoirdalgerie.com\/culture\/reedition-des-actes-du-colloque-sur-massinissa-24368\">Cliquez ici pour lire l&rsquo;article depuis sa source.<\/a><\/p>\n","protected":false},"excerpt":{"rendered":"<p>La librairie Media Book \u00e0 Alger a abrit\u00e9 mardi dernier une rencontre consacr\u00e9e au grand souverain numide, Massinissa. C\u2019\u00e9tait \u00e0 l\u2019occasion de la r\u00e9\u00e9dition des actes du colloque qui lui a \u00e9t\u00e9 d\u00e9di\u00e9 par le HCA.Le comit\u00e9 d&rsquo;accueil \u00e9tait compos\u00e9 de Mme Cherifa Bilek, arch\u00e9ologue de formation et cadre du HCA, Boudjema\u00e2 Azziri, directeur de [&hellip;]<\/p>\n","protected":false},"author":1741,"featured_media":0,"comment_status":"closed","ping_status":"closed","sticky":false,"template":"","format":"standard","meta":{"fifu_image_url":"","fifu_image_alt":"","footnotes":""},"categories":[73,53],"tags":[],"class_list":["post-36597","post","type-post","status-publish","format-standard","hentry","category-actualite","category-algerie"],"_links":{"self":[{"href":"https:\/\/linitiative.ca\/International\/wp-json\/wp\/v2\/posts\/36597","targetHints":{"allow":["GET"]}}],"collection":[{"href":"https:\/\/linitiative.ca\/International\/wp-json\/wp\/v2\/posts"}],"about":[{"href":"https:\/\/linitiative.ca\/International\/wp-json\/wp\/v2\/types\/post"}],"author":[{"embeddable":true,"href":"https:\/\/linitiative.ca\/International\/wp-json\/wp\/v2\/users\/1741"}],"replies":[{"embeddable":true,"href":"https:\/\/linitiative.ca\/International\/wp-json\/wp\/v2\/comments?post=36597"}],"version-history":[{"count":0,"href":"https:\/\/linitiative.ca\/International\/wp-json\/wp\/v2\/posts\/36597\/revisions"}],"wp:attachment":[{"href":"https:\/\/linitiative.ca\/International\/wp-json\/wp\/v2\/media?parent=36597"}],"wp:term":[{"taxonomy":"category","embeddable":true,"href":"https:\/\/linitiative.ca\/International\/wp-json\/wp\/v2\/categories?post=36597"},{"taxonomy":"post_tag","embeddable":true,"href":"https:\/\/linitiative.ca\/International\/wp-json\/wp\/v2\/tags?post=36597"}],"curies":[{"name":"wp","href":"https:\/\/api.w.org\/{rel}","templated":true}]}}