{"id":36598,"date":"2019-05-25T06:00:00","date_gmt":"2019-05-25T10:00:00","guid":{"rendered":"https:\/\/linitiative.ca\/International\/les-pas-interesses-tapent-lincruste\/"},"modified":"2019-05-25T06:00:00","modified_gmt":"2019-05-25T10:00:00","slug":"les-pas-interesses-tapent-lincruste","status":"publish","type":"post","link":"https:\/\/linitiative.ca\/International\/les-pas-interesses-tapent-lincruste\/","title":{"rendered":"Les \u00ab pas int\u00e9ress\u00e9s \u00bb tapent l\u2019incruste !"},"content":{"rendered":"<p class=\"c3\">&#8211; Qui a expertis\u00e9 \u00ab dangereuses \u00bb les marches de la Grande-Poste ? Le CTC ?<br \/>&#8211; Nooon ! C\u2019est le m\u00eame m\u00e9decin qui a expertis\u00e9 Abdekka \u00ab Bon pour le service \u00bb !<br \/>&#8211; ???<\/p>\n<p class=\"c3\">Je me m\u00e9fie comme de la peste verte des personnes qui commencent toujours leurs discours par \u00ab je n\u2019ambitionne \u00e0 rien pour moi-m\u00eame et ne brigue pas le fauteuil \u00bb. Je m\u2019en m\u00e9fie par exp\u00e9rience. J\u2019ai encore dans les oreilles le bourdonnement des mouches gourmandes qui nous avaient vendu \u00e0 l\u2019\u00e9poque le d\u00e9sint\u00e9ressement sid\u00e9ral de Chadli pour la pr\u00e9sidence de la R\u00e9publique apr\u00e8s la mort de Boumedi\u00e8ne. On nous assurait m\u00eame qu\u2019il n\u2019avait fini par accepter qu\u2019\u00e0 contrec\u0153ur, contraint, forc\u00e9. M\u00eame ti\u00e9deur chez Abdekka, para\u00eetrait-il. Avec en sus, pour pimenter la \u00ab l\u00e9gende des blas\u00e9s \u00bb, cette fameuse formule-menace qu\u2019il nous avait balanc\u00e9e \u00e0 la figure, le malotru : \u00abSi \u00e7a continue comme \u00e7a, je plaque tout et je rentre chez moi ! \u00bb Plus de 20 ans apr\u00e8s, il n\u2019est toujours pas rentr\u00e9 chez lui ! Chez lui\u2026 chez lui bien s\u00fbr ! Pas besoin de faire un dessin ! Et donc, la tribu des \u00ab pas int\u00e9ress\u00e9s \u00bb a cette particularit\u00e9 paradoxale de taper l\u2019incruste ! Elle dit non, non, non, comme la poup\u00e9e de Polnareff, puis elle dit oui, oui, oui, oui, et si on ne l\u2019arr\u00eate pas, elle est m\u00eame pr\u00eate \u00e0 prononcer un cinqui\u00e8me oui ! Parce qu\u2019il faut bien se rendre \u00e0 l\u2019\u00e9vidence, les \u00ab pas int\u00e9ress\u00e9s \u00bb faut les arr\u00eater une fois qu\u2019ils ont bien cal\u00e9 leur popotin sur le fauteuil. Deux ou trois r\u00e9unions \u00e0 l\u2019ENITA et Chadli avait \u00e9t\u00e9 pri\u00e9 de dire qu\u2019il se cassait enfin. Avant lui, Boumedi\u00e8ne \u00e9tait subitement-tout-\u00e0-coup-myst\u00e9rieusement tomb\u00e9 malade, et parti sans m\u00eame passer par la case ENITA ! Quant \u00e0 Abdekka, lui, il a tout fait en pack ! La totale ! La sp\u00e9ciale Boutef\u2019. Il est tomb\u00e9 malade, et m\u00eame malade, on lui a fermement expliqu\u00e9 qu\u2019il devait venir en gandoura tlemc\u00e9nienne annoncer qu\u2019il partait enfin ! Tout \u00e7a pour vous dire qu\u2019aujourd\u2019hui, mes warnings s\u2019allument sur-le-champ, d\u00e8s que j\u2019entends \u00ab je ne pr\u00e9tends \u00e0 rien ! \u00bb. J\u2019me dis \u00ab merde ! On est reparti pour un tour ! Un long tour ! \u00bb Et en me le disant, je surveille la m\u00e9t\u00e9o au-dessus de l\u2019ENITA, tout en fumant du th\u00e9 pour rester \u00e9veill\u00e9 \u00e0 mon cauchemar qui continue.<br \/><em><strong>H. L.<\/strong><\/em><\/p>\n<p>Auteur:<br \/>\n<a href=\"https:\/\/www.lesoirdalgerie.com\/pousse-avec-eux\/les-pas-interesses-tapent-lincruste-24367\">Cliquez ici pour lire l&rsquo;article depuis sa source.<\/a><\/p>\n","protected":false},"excerpt":{"rendered":"<p>&#8211; Qui a expertis\u00e9 \u00ab dangereuses \u00bb les marches de la Grande-Poste ? Le CTC ?&#8211; Nooon ! C\u2019est le m\u00eame m\u00e9decin qui a expertis\u00e9 Abdekka \u00ab Bon pour le service \u00bb !&#8211; ??? Je me m\u00e9fie comme de la peste verte des personnes qui commencent toujours leurs discours par \u00ab je n\u2019ambitionne \u00e0 rien [&hellip;]<\/p>\n","protected":false},"author":1741,"featured_media":0,"comment_status":"closed","ping_status":"closed","sticky":false,"template":"","format":"standard","meta":{"fifu_image_url":"","fifu_image_alt":"","footnotes":""},"categories":[73,53],"tags":[],"class_list":["post-36598","post","type-post","status-publish","format-standard","hentry","category-actualite","category-algerie"],"_links":{"self":[{"href":"https:\/\/linitiative.ca\/International\/wp-json\/wp\/v2\/posts\/36598","targetHints":{"allow":["GET"]}}],"collection":[{"href":"https:\/\/linitiative.ca\/International\/wp-json\/wp\/v2\/posts"}],"about":[{"href":"https:\/\/linitiative.ca\/International\/wp-json\/wp\/v2\/types\/post"}],"author":[{"embeddable":true,"href":"https:\/\/linitiative.ca\/International\/wp-json\/wp\/v2\/users\/1741"}],"replies":[{"embeddable":true,"href":"https:\/\/linitiative.ca\/International\/wp-json\/wp\/v2\/comments?post=36598"}],"version-history":[{"count":0,"href":"https:\/\/linitiative.ca\/International\/wp-json\/wp\/v2\/posts\/36598\/revisions"}],"wp:attachment":[{"href":"https:\/\/linitiative.ca\/International\/wp-json\/wp\/v2\/media?parent=36598"}],"wp:term":[{"taxonomy":"category","embeddable":true,"href":"https:\/\/linitiative.ca\/International\/wp-json\/wp\/v2\/categories?post=36598"},{"taxonomy":"post_tag","embeddable":true,"href":"https:\/\/linitiative.ca\/International\/wp-json\/wp\/v2\/tags?post=36598"}],"curies":[{"name":"wp","href":"https:\/\/api.w.org\/{rel}","templated":true}]}}