{"id":36599,"date":"2019-05-25T06:00:00","date_gmt":"2019-05-25T10:00:00","guid":{"rendered":"https:\/\/linitiative.ca\/International\/fiction-et-si-benbitour-succedait-a-bedoui\/"},"modified":"2019-05-25T06:00:00","modified_gmt":"2019-05-25T10:00:00","slug":"fiction-et-si-benbitour-succedait-a-bedoui","status":"publish","type":"post","link":"https:\/\/linitiative.ca\/International\/fiction-et-si-benbitour-succedait-a-bedoui\/","title":{"rendered":"Fiction : \u2026 Et si Benbitour succ\u00e9dait \u00e0 Bedoui ?"},"content":{"rendered":"<p class=\"c3\">Entendons-nous bien, car ce qui va suivre est tout \u00e0 fait du domaine sp\u00e9culatif puisque rien, \u00e0 ce jour, n\u2019indique que la raideur formaliste de l\u2019arm\u00e9e se soit assouplie ou que la contestation populaire n\u2019ait donn\u00e9 l\u2019impression de s\u2019adapter \u00e0 la fameuse \u00ab realpolitik \u00bb, unique soupape pour \u00e9laborer un consensus a minima et contourner le pi\u00e8ge de l\u2019impasse. \u00c0 ce jour, pas un indice n\u2019est venu accr\u00e9diter cette possibilit\u00e9 sauf, peut-\u00eatre, les lectures que l\u2019on retrouve dans les commentaires de presse. L\u2019une de celles-ci nous a justement donn\u00e9 envie d\u2019illustrer l\u2019hypoth\u00e8se et qui consiste \u00e0 \u00ab couper la poire en deux \u00bb, afin d\u2019aboutir \u00e0 un compromis que l\u2019on proposera \u00e0 la vox populi. Celui de sacrifier le maillon faible du bin\u00f4me repr\u00e9sentatif de l\u2019ancien r\u00e9gime sans pour autant songer \u00e0 une quelconque \u00e9puration dans l\u2019imm\u00e9diat, laquelle risquerait de prendre des allures de r\u00e8glement de comptes.<br \/>Sans trop y croire d\u2019ailleurs et m\u00eame sur le ton de la moquerie, notre confr\u00e8re(1) aborde la possibilit\u00e9 de \u00abfaire d\u00e9missionner\u00bb un Bedoui dont le pass\u00e9 est notoirement\u2026 passif et le remplacer pr\u00e9cis\u00e9ment par une personnalit\u00e9 que les millions d\u2019insurg\u00e9s pouvaient sans h\u00e9sitations appr\u00e9cier pour sa probit\u00e9. Sauf qu\u2019en \u00e9crivant cela, l\u2019auteur de l\u2019article se laissa aller vers le scepticisme quant \u00e0 l\u2019existence r\u00e9elle de cet \u00ab homme providentiel \u00bb (sic) tant les crit\u00e8res lui semblaient impossibles \u00e0 r\u00e9unir dans la trajectoire politique d\u2019une seule personnalit\u00e9. Mais voil\u00e0 qu\u2019au pessimisme de notre inspir\u00e9 confr\u00e8re il est possible de lui opposer un pari : celui de pr\u00e9tendre avancer le nom d\u2019une personnalit\u00e9 que de nombreux cercles politiques tiennent pour un parangon de l\u2019int\u00e9grit\u00e9. Il s\u2019agit justement du modeste Benbitour dont l\u2019itin\u00e9raire politique est \u00e0 lui seul significatif. Personnalit\u00e9 atypique du microcosme, Ahmed Benbitour connut un parcours politique sans grand relief au cours de la p\u00e9riode 1980-1990 alors qu\u2019il occupait des minist\u00e8res techniques. Adoub\u00e9 dans la fosse \u00e0 crocodiles qu\u2019est le gouvernement, ce technocrate-l\u00e0 ne pouvait gu\u00e8re faire de l\u2019ombre \u00e0 ceux qui cultivaient des ambitions d\u00e9mesur\u00e9es d\u2019autant plus qu\u2019ils ne pouvaient se pr\u00e9valoir que de leurs\u2026 incomp\u00e9tences et dans le m\u00eame temps de leurs entregents et l\u2019assise clanique qui va avec. Reconduit d\u2019un gouvernement \u00e0 un autre dans des attributions similaires, il a fini par acqu\u00e9rir une notori\u00e9t\u00e9 d\u2019argentier scrupuleux avant de se voir propuls\u00e9 \u00e0 la chefferie du gouvernement en janvier 2000, succ\u00e9dant au d\u00e9funt Sma\u00efl Hamdani lequel avait pr\u00e9cis\u00e9ment assur\u00e9 la transition lors de la passation de pouvoirs entre Zeroual et Bouteflika (novembre 1998 &#8211; d\u00e9cembre 1999). Alors que les observateurs attitr\u00e9s de l\u2019activit\u00e9 gouvernementale le trouvaient suffisamment \u00ab sage \u00bb pour durer longtemps \u00e0 ce poste tr\u00e8s sensible, il surprendra la classe politique lorsqu\u2019il d\u00e9cida, de son propre chef, de d\u00e9missionner apr\u00e8s seulement neuf mois d\u2019exercice. De cette courte mise en lumi\u00e8re, il a gard\u00e9 le sentiment amer d\u2019un g\u00e2chis qu\u2019il d\u00e9noncera tr\u00e8s t\u00f4t comme \u00e9tant le fait et du pr\u00e9sident lui-m\u00eame et surtout des \u00ab conseillers \u00bb peuplant El-Mouradia. De cette exp\u00e9rience, il allait tirer les le\u00e7ons essentielles parmi lesquelles celle de l\u2019obliger, en conscience, de ne jamais plus c\u00e9der \u00e0 la tentation du silence. Cette omerta qu\u2019ont fini par observer la plupart de ceux qui ont eu \u00e0 occuper ce poste-fusible et dont ils justifi\u00e8rent le recours par la r\u00e8gle de la \u00ab r\u00e9serve \u00bb. Une excuse passe-partout qui n\u2019est rien d\u2019autre que la crainte des repr\u00e9sailles au cas o\u00f9\u2026 C\u2019est dans ce contexte que Benbitour allait se r\u00e9v\u00e9ler diff\u00e9rent de ses ex-pairs. Lui n\u2019avait, en effet, pas attendu que la rue balaye la peur pour s\u2019exprimer et d\u00e9noncer la mani\u00e8re dont \u00e9taient conduites les affaires publiques. Sauf que sa parole \u00e9tait demeur\u00e9e confidentielle de m\u00eame que sa notori\u00e9t\u00e9 \u00e9tait celle de l\u2019estime que lui vouent les cercles de la presse. En effet, en termes d\u2019image m\u00e9diatique, son nom n\u2019avait pas la m\u00eame r\u00e9sonance que les d\u00e9magogues du r\u00e9gime. Et pour cause, il \u00e9tait un homme de conviction d\u00e9muni de r\u00e9seaux qu\u2019ils fussent partisans ou m\u00eame de la soci\u00e9t\u00e9 civile. Autant dire que Benbitour a longtemps incarn\u00e9 (de 2003 jusqu\u2019au Hirak) une \u00ab parole \u00bb libre en toutes circonstances. M\u00eame l\u2019\u00e9pisode de sa d\u00e9mission et les troublantes r\u00e9v\u00e9lations concernant les d\u00e9testables relations qu\u2019il fut contraint d\u2019entretenir avec le sommet de l\u2019\u00c9tat ne firent pas de grandes vagues. Pourtant, il a \u00e9t\u00e9, de tous les Premiers ministres qu\u2019usa Bouteflika, celui qui n\u2019h\u00e9sita pas \u00e0 alerter les institutions et les courants politiques sur les d\u00e9rives caract\u00e9risant la gouvernance.\u00a0<br \/>Mettant en cause le chef de l\u2019\u00c9tat en personne, il l\u2019accusa plus d\u2019une fois de despote recourant sans cesse \u00e0 des \u00e9carts avec les textes r\u00e9glementaires. Lui qui, par prudence intellectuelle, \u00e9tait initialement per\u00e7u comme une personnalit\u00e9 timor\u00e9e, tant sa mod\u00e9ration \u00e9tait notoire, devint d\u00e8s 2003 un authentique donneur d\u2019alerte. \u00abNous vivons, \u00e9crivait-il \u00e0 cette \u00e9poque-l\u00e0, sous un totalitarisme d\u2019une autre \u00e8re s\u2019appuyant sur le culte de la personnalit\u00e9, le m\u00e9pris du peuple et la profanation permanente de la Constitution et de ses institutions\u00bb. En ayant fait le choix de ne plus jamais se taire, il d\u00e9cida tr\u00e8s t\u00f4t (d\u00e8s 2003) de rompre avec la majorit\u00e9 d\u2019une classe politique instrument\u00e9e par le biais de la corruption et inapte \u00e0 cr\u00e9er un \u00abfront\u00bb qui sanctionnerait le r\u00e9gime. \u00c9videmment, avant lui, de nombreuses initiatives jet\u00e8rent la lumi\u00e8re sur les pratiques d\u2019un r\u00e9gime d\u00e9nu\u00e9 du moindre scrupule. Sauf que toutes ces mises en garde demeur\u00e8rent en de\u00e7\u00e0 des diagnostics rendus publics par un certain d\u00e9nomm\u00e9 Benbitour. Celui-l\u00e0, cr\u00e9dible gr\u00e2ce \u00e0 la r\u00e9putation l\u2019ayant accompagn\u00e9 tout au long de sa carri\u00e8re, ne pouvait qu\u2019\u00eatre cru sur pi\u00e8ce d\u00e8s lors qu\u2019il n\u2019a jamais b\u00e9n\u00e9fici\u00e9 d\u2019un quelconque fonds de commerce politique \u00e0 d\u00e9fendre. Il y a de cela 17 ann\u00e9es, il ne s\u2019\u00e9tait pas emp\u00each\u00e9 de d\u00e9mystifier le bouteflikisme au moment o\u00f9, pourtant, celui-ci fascinait encore les foules. \u00abUn refuge, \u00e9crivait-il, de politicards pathologiquement intrigants et herm\u00e9tiques \u00e0 la transparence\u00bb. Un terrible constat qu\u2019il conclura par un cri d\u2019indignation se demandant jusqu\u2019\u00e0 quand \u00ab l\u2019Alg\u00e9rie allait continuer \u00e0 subir l\u2019irrationnel, l\u2019illusoire et le perfide\u00bb. C\u2019\u00e9tait en 2003 et celui qui pr\u00e9dit les malheurs futurs n\u2019avait-il pas eu raison avant tout le monde ? Voil\u00e0 un plaidoyer susceptible d\u2019agr\u00e9er notre sceptique confr\u00e8re car \u00ab l\u2019homme providentiel\u00bb dont il a fait le portrait-robot semble coller \u00e0 la perfection avec l\u2019homme en chair et en os !<br \/><strong><em>B. H.<\/em><\/strong><\/p>\n<p class=\"c3\"><em>(1) Lire dans Le Quotidien d\u2019Oran du lundi 20 mai l\u2019analyse de Moncef Wafi intitul\u00e9e \u00abL\u2019homme providentiel\u00bb et publi\u00e9e en page 2.<\/em><\/p>\n<p>Auteur:<br \/>\n<a href=\"https:\/\/www.lesoirdalgerie.com\/lettre-de-province\/fiction-et-si-benbitour-succedait-a-bedoui-24366\">Cliquez ici pour lire l&rsquo;article depuis sa source.<\/a><\/p>\n","protected":false},"excerpt":{"rendered":"<p>Entendons-nous bien, car ce qui va suivre est tout \u00e0 fait du domaine sp\u00e9culatif puisque rien, \u00e0 ce jour, n\u2019indique que la raideur formaliste de l\u2019arm\u00e9e se soit assouplie ou que la contestation populaire n\u2019ait donn\u00e9 l\u2019impression de s\u2019adapter \u00e0 la fameuse \u00ab realpolitik \u00bb, unique soupape pour \u00e9laborer un consensus a minima et contourner [&hellip;]<\/p>\n","protected":false},"author":1741,"featured_media":0,"comment_status":"closed","ping_status":"closed","sticky":false,"template":"","format":"standard","meta":{"fifu_image_url":"","fifu_image_alt":"","footnotes":""},"categories":[73,53],"tags":[],"class_list":["post-36599","post","type-post","status-publish","format-standard","hentry","category-actualite","category-algerie"],"_links":{"self":[{"href":"https:\/\/linitiative.ca\/International\/wp-json\/wp\/v2\/posts\/36599","targetHints":{"allow":["GET"]}}],"collection":[{"href":"https:\/\/linitiative.ca\/International\/wp-json\/wp\/v2\/posts"}],"about":[{"href":"https:\/\/linitiative.ca\/International\/wp-json\/wp\/v2\/types\/post"}],"author":[{"embeddable":true,"href":"https:\/\/linitiative.ca\/International\/wp-json\/wp\/v2\/users\/1741"}],"replies":[{"embeddable":true,"href":"https:\/\/linitiative.ca\/International\/wp-json\/wp\/v2\/comments?post=36599"}],"version-history":[{"count":0,"href":"https:\/\/linitiative.ca\/International\/wp-json\/wp\/v2\/posts\/36599\/revisions"}],"wp:attachment":[{"href":"https:\/\/linitiative.ca\/International\/wp-json\/wp\/v2\/media?parent=36599"}],"wp:term":[{"taxonomy":"category","embeddable":true,"href":"https:\/\/linitiative.ca\/International\/wp-json\/wp\/v2\/categories?post=36599"},{"taxonomy":"post_tag","embeddable":true,"href":"https:\/\/linitiative.ca\/International\/wp-json\/wp\/v2\/tags?post=36599"}],"curies":[{"name":"wp","href":"https:\/\/api.w.org\/{rel}","templated":true}]}}