{"id":36604,"date":"2019-05-25T06:00:00","date_gmt":"2019-05-25T10:00:00","guid":{"rendered":"https:\/\/linitiative.ca\/International\/salade-de-betterave-persillee\/"},"modified":"2019-05-25T06:00:00","modified_gmt":"2019-05-25T10:00:00","slug":"salade-de-betterave-persillee","status":"publish","type":"post","link":"https:\/\/linitiative.ca\/International\/salade-de-betterave-persillee\/","title":{"rendered":"Salade de betterave persill\u00e9e"},"content":{"rendered":"<p><em><strong>300 g de betterave cuite, 2 branches de persil hach\u00e9es, 1 oignon hach\u00e9, 4 c. \u00e0 s. d\u2019huile d\u2019olive, 2 c. \u00e0 s. de vinaigre, 1 c. \u00e0 s. de moutarde, sel, poivre\u00a0\u00a0<\/strong><\/em><\/p>\n<p>\u00c9plucher la betterave et la couper en petits d\u00e8s dans un saladier. Dans un bol, faire la sauce avec la moutarde et l\u2019huile, puis m\u00e9langer \u00e9nergiquement. Ajouter ensuite le vinaigre, le persil hach\u00e9 et l\u2019oignon. Assaisonner avec le sel et le poivre. Verser la sauce sur les betteraves et servir.<\/p>\n<p>Auteur:<br \/>\n<a href=\"https:\/\/www.lesoirdalgerie.com\/femme-magazine\/salade-de-betterave-persillee-24361\">Cliquez ici pour lire l&rsquo;article depuis sa source.<\/a><\/p>\n","protected":false},"excerpt":{"rendered":"<p>300 g de betterave cuite, 2 branches de persil hach\u00e9es, 1 oignon hach\u00e9, 4 c. \u00e0 s. d\u2019huile d\u2019olive, 2 c. \u00e0 s. de vinaigre, 1 c. \u00e0 s. de moutarde, sel, poivre\u00a0\u00a0 \u00c9plucher la betterave et la couper en petits d\u00e8s dans un saladier. Dans un bol, faire la sauce avec la moutarde et [&hellip;]<\/p>\n","protected":false},"author":1741,"featured_media":0,"comment_status":"closed","ping_status":"closed","sticky":false,"template":"","format":"standard","meta":{"fifu_image_url":"","fifu_image_alt":"","footnotes":""},"categories":[73,53],"tags":[],"class_list":["post-36604","post","type-post","status-publish","format-standard","hentry","category-actualite","category-algerie"],"_links":{"self":[{"href":"https:\/\/linitiative.ca\/International\/wp-json\/wp\/v2\/posts\/36604","targetHints":{"allow":["GET"]}}],"collection":[{"href":"https:\/\/linitiative.ca\/International\/wp-json\/wp\/v2\/posts"}],"about":[{"href":"https:\/\/linitiative.ca\/International\/wp-json\/wp\/v2\/types\/post"}],"author":[{"embeddable":true,"href":"https:\/\/linitiative.ca\/International\/wp-json\/wp\/v2\/users\/1741"}],"replies":[{"embeddable":true,"href":"https:\/\/linitiative.ca\/International\/wp-json\/wp\/v2\/comments?post=36604"}],"version-history":[{"count":0,"href":"https:\/\/linitiative.ca\/International\/wp-json\/wp\/v2\/posts\/36604\/revisions"}],"wp:attachment":[{"href":"https:\/\/linitiative.ca\/International\/wp-json\/wp\/v2\/media?parent=36604"}],"wp:term":[{"taxonomy":"category","embeddable":true,"href":"https:\/\/linitiative.ca\/International\/wp-json\/wp\/v2\/categories?post=36604"},{"taxonomy":"post_tag","embeddable":true,"href":"https:\/\/linitiative.ca\/International\/wp-json\/wp\/v2\/tags?post=36604"}],"curies":[{"name":"wp","href":"https:\/\/api.w.org\/{rel}","templated":true}]}}