{"id":36607,"date":"2019-05-25T07:28:53","date_gmt":"2019-05-25T11:28:53","guid":{"rendered":"https:\/\/linitiative.ca\/International\/agadir-plus-dun-million-de-nuitees-sur-le-premier-trimestre-de-2019\/"},"modified":"2019-05-25T07:28:53","modified_gmt":"2019-05-25T11:28:53","slug":"agadir-plus-dun-million-de-nuitees-sur-le-premier-trimestre-de-2019","status":"publish","type":"post","link":"https:\/\/linitiative.ca\/International\/agadir-plus-dun-million-de-nuitees-sur-le-premier-trimestre-de-2019\/","title":{"rendered":"Agadir\u00a0: Plus d\u2019un million de nuit\u00e9es sur le premier trimestre de 2019"},"content":{"rendered":"<p>Agadir poursuit sa belle dynamique. En effet, selon les r\u00e9centes <strong>statistiques officielles<\/strong>, le nombre de nuit\u00e9es touristiques enregistr\u00e9es dans les \u00e9tablissements d\u2019h\u00e9bergement class\u00e9s \u00e0 Agadir durant les trois premiers mois de cette ann\u00e9e a atteint 1.179.951 nuit\u00e9es. Le <strong>Conseil r\u00e9gional du tourisme<\/strong> (CRT) d\u2019Agadir-Souss-Massa se r\u00e9jouit de la progression du nombre de nuit\u00e9es, en <strong>hausse<\/strong> de 6,63% en comparaison avec le total des nuit\u00e9es enregistr\u00e9 durant la m\u00eame p\u00e9riode de l\u2019ann\u00e9e derni\u00e8re et qui \u00e9tait de 1.106.537.<\/p>\n<div class=\"c10\"\/>\n<p>Dans les d\u00e9tails, les touristes fran\u00e7ais arrivent en premi\u00e8re position avec 301.748 nuit\u00e9es, soit une progression de 13,18%, suivis des Allemands avec 229.883 nuit\u00e9es (+4,69%). Les Anglais quant \u00e0 eux se positionnent troisi\u00e8me avec 186.154 nuit\u00e9es (+23,55%).<br \/>Les touristes marocains occupent le 4\u00e8me rang avec 155.613 nuit\u00e9es, contre 133.532 durant la m\u00eame p\u00e9riode de l\u2019ann\u00e9e 2018, marquant ainsi une am\u00e9lioration de 16,54 %.<br \/>De leur c\u00f4t\u00e9, les <strong>clubs touristiques<\/strong> ont r\u00e9alis\u00e9 le plus grand nombre de nuit\u00e9es \u00e0 Agadir en mars dernier, avec 128.481 nuit\u00e9es, suivis des h\u00f4tels class\u00e9s 4 \u00e9toiles (127.161 nuit\u00e9es). Les h\u00f4tels de luxe 5 \u00e9toiles et les r\u00e9sidences touristiques sont class\u00e9s troisi\u00e8me et quatri\u00e8me respectivement. Et le taux de remplissage des h\u00f4tels, clubs touristiques et <strong>r\u00e9sidences touristiques<\/strong> class\u00e9s d\u2019Agadir a connu durant la p\u00e9riode allant du 1er janvier \u00e0 fin avril une croissance de 1,70%.<\/p>\n<div class=\"c17\">\n<fieldset class=\"c16\">\n<legend><strong><span class=\"c11\">Challenge<\/span><span class=\"c12\">news<\/span><\/strong><\/legend>\n<div class=\"c15\">Le meilleur de la r\u00e9daction s\u00e9lectionn\u00e9 par Challenge :<\/p>\n<\/div>\n<\/fieldset>\n<\/div>\n<p>Auteur: Roland Amoussou<br \/>\n<a href=\"https:\/\/www.challenge.ma\/agadir-plus-dun-million-de-nuitees-sur-le-premier-trimestre-de-2019-109581\/\">Cliquez ici pour lire l&rsquo;article depuis sa source.<\/a><\/p>\n","protected":false},"excerpt":{"rendered":"<p>Agadir poursuit sa belle dynamique. En effet, selon les r\u00e9centes statistiques officielles, le nombre de nuit\u00e9es touristiques enregistr\u00e9es dans les \u00e9tablissements d\u2019h\u00e9bergement class\u00e9s \u00e0 Agadir durant les trois premiers mois de cette ann\u00e9e a atteint 1.179.951 nuit\u00e9es. Le Conseil r\u00e9gional du tourisme (CRT) d\u2019Agadir-Souss-Massa se r\u00e9jouit de la progression du nombre de nuit\u00e9es, en hausse [&hellip;]<\/p>\n","protected":false},"author":1787,"featured_media":0,"comment_status":"closed","ping_status":"closed","sticky":false,"template":"","format":"standard","meta":{"fifu_image_url":"","fifu_image_alt":"","footnotes":""},"categories":[78,54],"tags":[],"class_list":["post-36607","post","type-post","status-publish","format-standard","hentry","category-economie","category-maroc"],"_links":{"self":[{"href":"https:\/\/linitiative.ca\/International\/wp-json\/wp\/v2\/posts\/36607","targetHints":{"allow":["GET"]}}],"collection":[{"href":"https:\/\/linitiative.ca\/International\/wp-json\/wp\/v2\/posts"}],"about":[{"href":"https:\/\/linitiative.ca\/International\/wp-json\/wp\/v2\/types\/post"}],"author":[{"embeddable":true,"href":"https:\/\/linitiative.ca\/International\/wp-json\/wp\/v2\/users\/1787"}],"replies":[{"embeddable":true,"href":"https:\/\/linitiative.ca\/International\/wp-json\/wp\/v2\/comments?post=36607"}],"version-history":[{"count":0,"href":"https:\/\/linitiative.ca\/International\/wp-json\/wp\/v2\/posts\/36607\/revisions"}],"wp:attachment":[{"href":"https:\/\/linitiative.ca\/International\/wp-json\/wp\/v2\/media?parent=36607"}],"wp:term":[{"taxonomy":"category","embeddable":true,"href":"https:\/\/linitiative.ca\/International\/wp-json\/wp\/v2\/categories?post=36607"},{"taxonomy":"post_tag","embeddable":true,"href":"https:\/\/linitiative.ca\/International\/wp-json\/wp\/v2\/tags?post=36607"}],"curies":[{"name":"wp","href":"https:\/\/api.w.org\/{rel}","templated":true}]}}