{"id":36608,"date":"2019-05-25T07:50:43","date_gmt":"2019-05-25T11:50:43","guid":{"rendered":"https:\/\/linitiative.ca\/International\/social-des-conflits-categoriels-a-repetition\/"},"modified":"2019-05-25T07:50:43","modified_gmt":"2019-05-25T11:50:43","slug":"social-des-conflits-categoriels-a-repetition","status":"publish","type":"post","link":"https:\/\/linitiative.ca\/International\/social-des-conflits-categoriels-a-repetition\/","title":{"rendered":"Social : des conflits cat\u00e9goriels \u00e0 r\u00e9p\u00e9tition"},"content":{"rendered":"<p class=\"p1\"><span class=\"s1\">Enseignants, \u00e9tudiants, le gouvernement laisse les conflits sociaux s\u2019enliser au risque de subir une d\u00e9flagration.<span class=\"Apple-converted-space\">\u00a0\u00a0<\/span><\/span><\/p>\n<div class=\"c10\"\/>\n<p class=\"p1\">Les \u00e9tudiants en m\u00e9decine entament leur neuvi\u00e8me semaine de gr\u00e8ve. La menace d\u2019une ann\u00e9e blanche est tr\u00e8s r\u00e9elle. Les dates des examens sont fix\u00e9es et le ministre a annonc\u00e9 devant le Parlement qu\u2019il ne pr\u00e9voit pas de report. Ce conflit succ\u00e8de \u00e0 celui des enseignants contractuels qui a dur\u00e9 3 mois avant que le gouvernement ne c\u00e8de sur l\u2019essentiel. Un autre commence, celui des professeurs universitaires, corps dont est issu le ministre de l\u2019Education nationale et qui est, normalement, l\u2019\u00e9lite des \u00e9lites.<\/p>\n<p class=\"p2\">L\u2019attitude du gouvernement est invariable : la fermet\u00e9 absolue, ce qui vide les n\u00e9gociations de tout contenu, puis des concessions s\u00e9quenc\u00e9es, apr\u00e8s des semaines perdues, pour enfin arriver \u00e0 un accord qui aurait pu \u00eatre trouv\u00e9 avant le conflit, si le dialogue avait pr\u00e9valu.<\/p>\n<h2>\u00ab\u00a0L\u2019opinion publique est majoritairement du c\u00f4t\u00e9 des mouvements revendicatifs\u00a0\u00bb<\/h2>\n<p class=\"p2\"><span class=\"s1\">La chance de l\u2019ex\u00e9cutif et du pays, c\u2019est que les centrales syndicales n\u2019arrivent pas \u00e0 mobiliser dans le secteur priv\u00e9 et les grands \u00e9tablissements publics. La peur d\u2019exposer ses faiblesses structurelles y est pour beaucoup. Les derniers appels \u00e0 la gr\u00e8ve n\u2019ont pas \u00e9t\u00e9 suivis, non pas parce que les salari\u00e9s sont contents de leur sort, mais parce que<span class=\"Apple-converted-space\">\u00a0<\/span>la d\u00e9fiance vis-\u00e0-vis des syndicats est tr\u00e8s forte. La preuve en est, est que dans les conflits r\u00e9cents, ce sont des coordinations ad-hoc qui ont dirig\u00e9 la man\u0153uvre.<\/span><\/p>\n<p class=\"p4\"><span class=\"c11\"><strong>Tenter le diable<\/strong><\/span><\/p>\n<p class=\"p5\">Cependant, l\u2019attitude du gouvernement face aux revendications est intenable. La fermet\u00e9 affich\u00e9e, puis vite abandonn\u00e9e, ne fait que durcir les conflits. Son objectif premier, politiquement, c\u2019est de dissuader les gr\u00e9vistes en laissant entendre que leur mouvement n\u2019aboutira \u00e0 rien. Ce n\u2019est pas le cas, puisque l\u2019ex\u00e9cutif finit par l\u00e2cher du lest sur l\u2019essentiel. Le message est donc invers\u00e9, il devient <em>\u00ab seules les gr\u00e8ves dures, longues, finissent par arracher les revendications\u00bb<\/em>.<\/p>\n<p class=\"p2\">Si le gouvernement ne tire pas cette conclusion, alors c\u2019est \u00e0 d\u00e9sesp\u00e9rer. En fait, la fermet\u00e9 affich\u00e9e n\u2019est tenable que si elle s\u2019appuie sur l\u2019opinion publique, d\u2019o\u00f9 la n\u00e9cessit\u00e9 d\u2019une bonne communication, et sur une unit\u00e9 sans faille de l\u2019ex\u00e9cutif et de sa majorit\u00e9. El Otmani ne remplit aucune de ces conditions. L\u2019opinion publique est majoritairement du c\u00f4t\u00e9 des mouvements revendicatifs et l\u2019unit\u00e9 n\u2019est pas la valeur cardinale de la coalition majoritaire.<\/p>\n<p class=\"p2\">Le risque, c\u2019est ce que l\u2019on appelle <em>\u00ab la conjonction des luttes \u00bb<\/em>. Si demain plusieurs cat\u00e9gories se mettent en mouvement, qu\u2019elles arrivent \u00e0 se f\u00e9d\u00e9rer, m\u00eame dans un cadre in\u00e9dit, alors le Maroc conna\u00eetra une grave crise sociale qui ne peut que d\u00e9boucher sur une crise politique d\u2019importance, ce qu\u2019il faut absolument \u00e9viter.<\/p>\n<p class=\"p2\">Qu\u2019un gouvernement politique fasse preuve d\u2019autant de c\u00e9cit\u00e9 est suicidaire. La seule issue c\u2019est le r\u00e9flexe du dialogue d\u2019abord, de la transparence dans la communication et de la disposition \u00e0 r\u00e9pondre, au possible, aux revendications en prenant l\u2019opinion comme t\u00e9moin. Le \u00abNon, mais\u00bb n\u2019est pas une attitude responsable car il joue le pourrissement des situations.<\/p>\n<div class=\"c18\">\n<fieldset class=\"c17\">\n<legend><strong><span class=\"c12\">Challenge<\/span><span class=\"c13\">news<\/span><\/strong><\/legend>\n<div class=\"c16\">Le meilleur de la r\u00e9daction s\u00e9lectionn\u00e9 par Challenge :<\/p>\n<\/div>\n<\/fieldset>\n<\/div>\n<p>Auteur: Jamal Berraoui<br \/>\n<a href=\"https:\/\/www.challenge.ma\/social-des-conflits-categoriels-a-repetition-109571\/\">Cliquez ici pour lire l&rsquo;article depuis sa source.<\/a><\/p>\n","protected":false},"excerpt":{"rendered":"<p>Enseignants, \u00e9tudiants, le gouvernement laisse les conflits sociaux s\u2019enliser au risque de subir une d\u00e9flagration.\u00a0\u00a0 Les \u00e9tudiants en m\u00e9decine entament leur neuvi\u00e8me semaine de gr\u00e8ve. La menace d\u2019une ann\u00e9e blanche est tr\u00e8s r\u00e9elle. Les dates des examens sont fix\u00e9es et le ministre a annonc\u00e9 devant le Parlement qu\u2019il ne pr\u00e9voit pas de report. Ce conflit [&hellip;]<\/p>\n","protected":false},"author":1787,"featured_media":0,"comment_status":"closed","ping_status":"closed","sticky":false,"template":"","format":"standard","meta":{"fifu_image_url":"","fifu_image_alt":"","footnotes":""},"categories":[78,54],"tags":[],"class_list":["post-36608","post","type-post","status-publish","format-standard","hentry","category-economie","category-maroc"],"_links":{"self":[{"href":"https:\/\/linitiative.ca\/International\/wp-json\/wp\/v2\/posts\/36608","targetHints":{"allow":["GET"]}}],"collection":[{"href":"https:\/\/linitiative.ca\/International\/wp-json\/wp\/v2\/posts"}],"about":[{"href":"https:\/\/linitiative.ca\/International\/wp-json\/wp\/v2\/types\/post"}],"author":[{"embeddable":true,"href":"https:\/\/linitiative.ca\/International\/wp-json\/wp\/v2\/users\/1787"}],"replies":[{"embeddable":true,"href":"https:\/\/linitiative.ca\/International\/wp-json\/wp\/v2\/comments?post=36608"}],"version-history":[{"count":0,"href":"https:\/\/linitiative.ca\/International\/wp-json\/wp\/v2\/posts\/36608\/revisions"}],"wp:attachment":[{"href":"https:\/\/linitiative.ca\/International\/wp-json\/wp\/v2\/media?parent=36608"}],"wp:term":[{"taxonomy":"category","embeddable":true,"href":"https:\/\/linitiative.ca\/International\/wp-json\/wp\/v2\/categories?post=36608"},{"taxonomy":"post_tag","embeddable":true,"href":"https:\/\/linitiative.ca\/International\/wp-json\/wp\/v2\/tags?post=36608"}],"curies":[{"name":"wp","href":"https:\/\/api.w.org\/{rel}","templated":true}]}}