{"id":36610,"date":"2019-05-25T15:22:24","date_gmt":"2019-05-25T19:22:24","guid":{"rendered":"https:\/\/linitiative.ca\/International\/sante-visuelle-le-cnpac-sensibilise-les-routiers\/"},"modified":"2019-05-25T15:22:24","modified_gmt":"2019-05-25T19:22:24","slug":"sante-visuelle-le-cnpac-sensibilise-les-routiers","status":"publish","type":"post","link":"https:\/\/linitiative.ca\/International\/sante-visuelle-le-cnpac-sensibilise-les-routiers\/","title":{"rendered":"Sant\u00e9 visuelle\u00a0: Le CNPAC sensibilise les routiers"},"content":{"rendered":"<p>La sant\u00e9 visuelle au c\u0153ur d\u2019une campagne m\u00e9dicale, telle est la mission que s\u2018est assign\u00e9e le Comit\u00e9 national de pr\u00e9vention des accidents de la route (CNPAC) en partenariat avec le Syndicat national des m\u00e9decins ophtalmologistes et l\u2019Association marocaine m\u00e9dicale de solidarit\u00e9 (AMMS).<\/p>\n<div class=\"c10\"\/>\n<p>L\u2019op\u00e9ration, men\u00e9e tambour battant le 19 mai courant \u00e0 Rabat sous le th\u00e8me \u00abMa s\u00e9curit\u00e9 dans ma sant\u00e9 visuelle\u00bb, et au profit de chauffeurs professionnels, s\u2019inscrit dans le cadre des efforts d\u00e9ploy\u00e9s pour am\u00e9liorer la s\u00e9curit\u00e9 sur les routes.<\/p>\n<p>Faut-il souligner le r\u00f4le essentiel que joue la sant\u00e9 visuelle en mati\u00e8re de s\u00e9curit\u00e9 routi\u00e8re puisque 90% des informations n\u00e9cessaires pendant la conduite sont li\u00e9s \u00e0 la vision. Les examens men\u00e9s \u00e0 cette occasion ont port\u00e9 sur la mesure de l\u2019acuit\u00e9 visuelle avec les dispositifs m\u00e9dicaux appropri\u00e9s.<\/p>\n<p>Aussi, le CNPAC s\u2019est engag\u00e9 \u00e0 mettre des lunettes de vue \u00e0 la disposition des conducteurs n\u00e9cessitant une correction visuelle. Rappelons que cette campagne gratuite a cibl\u00e9 les chauffeurs de bus, de taxis et les conducteurs de camions professionnels disposant d\u2019une carte professionnelle.<\/p>\n<div class=\"c17\">\n<fieldset class=\"c16\">\n<legend><strong><span class=\"c11\">Challenge<\/span><span class=\"c12\">news<\/span><\/strong><\/legend>\n<div class=\"c15\">Le meilleur de la r\u00e9daction s\u00e9lectionn\u00e9 par Challenge :<\/p>\n<\/div>\n<\/fieldset>\n<\/div>\n<p>Auteur: challenge<br \/>\n<a href=\"https:\/\/www.challenge.ma\/sante-visuelle-le-cnpac-sensibilise-les-routiers-109594\/\">Cliquez ici pour lire l&rsquo;article depuis sa source.<\/a><\/p>\n","protected":false},"excerpt":{"rendered":"<p>La sant\u00e9 visuelle au c\u0153ur d\u2019une campagne m\u00e9dicale, telle est la mission que s\u2018est assign\u00e9e le Comit\u00e9 national de pr\u00e9vention des accidents de la route (CNPAC) en partenariat avec le Syndicat national des m\u00e9decins ophtalmologistes et l\u2019Association marocaine m\u00e9dicale de solidarit\u00e9 (AMMS). L\u2019op\u00e9ration, men\u00e9e tambour battant le 19 mai courant \u00e0 Rabat sous le th\u00e8me [&hellip;]<\/p>\n","protected":false},"author":1787,"featured_media":0,"comment_status":"closed","ping_status":"closed","sticky":false,"template":"","format":"standard","meta":{"fifu_image_url":"","fifu_image_alt":"","footnotes":""},"categories":[78,54],"tags":[],"class_list":["post-36610","post","type-post","status-publish","format-standard","hentry","category-economie","category-maroc"],"_links":{"self":[{"href":"https:\/\/linitiative.ca\/International\/wp-json\/wp\/v2\/posts\/36610","targetHints":{"allow":["GET"]}}],"collection":[{"href":"https:\/\/linitiative.ca\/International\/wp-json\/wp\/v2\/posts"}],"about":[{"href":"https:\/\/linitiative.ca\/International\/wp-json\/wp\/v2\/types\/post"}],"author":[{"embeddable":true,"href":"https:\/\/linitiative.ca\/International\/wp-json\/wp\/v2\/users\/1787"}],"replies":[{"embeddable":true,"href":"https:\/\/linitiative.ca\/International\/wp-json\/wp\/v2\/comments?post=36610"}],"version-history":[{"count":0,"href":"https:\/\/linitiative.ca\/International\/wp-json\/wp\/v2\/posts\/36610\/revisions"}],"wp:attachment":[{"href":"https:\/\/linitiative.ca\/International\/wp-json\/wp\/v2\/media?parent=36610"}],"wp:term":[{"taxonomy":"category","embeddable":true,"href":"https:\/\/linitiative.ca\/International\/wp-json\/wp\/v2\/categories?post=36610"},{"taxonomy":"post_tag","embeddable":true,"href":"https:\/\/linitiative.ca\/International\/wp-json\/wp\/v2\/tags?post=36610"}],"curies":[{"name":"wp","href":"https:\/\/api.w.org\/{rel}","templated":true}]}}