{"id":36613,"date":"2019-05-25T14:22:53","date_gmt":"2019-05-25T18:22:53","guid":{"rendered":"https:\/\/linitiative.ca\/International\/tunisie-ben-arous-un-salafiste-arrete-pour-vente-de-drogue-aux-collegiens\/"},"modified":"2019-05-25T14:22:53","modified_gmt":"2019-05-25T18:22:53","slug":"tunisie-ben-arous-un-salafiste-arrete-pour-vente-de-drogue-aux-collegiens","status":"publish","type":"post","link":"https:\/\/linitiative.ca\/International\/tunisie-ben-arous-un-salafiste-arrete-pour-vente-de-drogue-aux-collegiens\/","title":{"rendered":"Tunisie \u2013 Ben Arous\u00a0: Un salafiste arr\u00eat\u00e9 pour vente de drogue aux coll\u00e9giens"},"content":{"rendered":"<div class=\"post-cont-in left relative\">\n<div class=\"swp_social_panel swp_horizontal_panel swp_flat_fresh swp_default_full_color swp_individual_full_color swp_other_full_color scale-100 scale-\" data-min-width=\"1100\" data-float-color=\"#ffffff\" data-float=\"none\" data-float-mobile=\"none\" data-transition=\"slide\">\n<div class=\"nc_tweetContainer swp_share_button total_shares total_sharesalt\"><span class=\"swp_count\">824 <span class=\"swp_label\">Partages<\/span><\/span><\/div>\n<\/div>\n<p>Les agents du district de la garde nationale de Ben Arous ont mis la main sur un salafiste, recherch\u00e9 pour des faits de violence et agressions, et condamn\u00e9 \u00e0 22 mois de prison. Ils ont, par ailleurs, saisi chez l\u2019individu une grande quantit\u00e9 de comprim\u00e9s stup\u00e9fiants qu\u2019il \u00e9coulait aupr\u00e8s de coll\u00e9giens dans son quartier.<\/p>\n<div class=\"mvp-org-wrap mvp-org-logo\" itemprop=\"publisher\" itemscope=\"\" itemtype=\"https:\/\/schema.org\/Organization\"><img decoding=\"async\" src=\"https:\/\/www.tunisienumerique.com\/wp-content\/uploads\/2017\/02\/logo_tunisie_numerique.png\"\/><\/div>\n<div class=\"swp_social_panel swp_horizontal_panel swp_flat_fresh swp_default_full_color swp_individual_full_color swp_other_full_color scale-100 scale-\" data-min-width=\"1100\" data-float-color=\"#ffffff\" data-float=\"none\" data-float-mobile=\"none\" data-transition=\"slide\">\n<div class=\"nc_tweetContainer swp_share_button total_shares total_sharesalt\"><span class=\"swp_count\">824 <span class=\"swp_label\">Partages<\/span><\/span><\/div>\n<\/div>\n<div class=\"mvp-related-posts left relative\">\n<h4 class=\"post-header\"><span class=\"post-header\">Lire aussi<\/span><\/h4>\n<\/div>\n<\/div>\n<p>Auteur: LM<br \/>\n<a href=\"https:\/\/www.tunisienumerique.com\/tunisie-ben-arous-un-salafiste-arrete-pour-vente-de-drogue-aux-collegiens\/\">Cliquez ici pour lire l&rsquo;article depuis sa source.<\/a><\/p>\n","protected":false},"excerpt":{"rendered":"<p>824 Partages Les agents du district de la garde nationale de Ben Arous ont mis la main sur un salafiste, recherch\u00e9 pour des faits de violence et agressions, et condamn\u00e9 \u00e0 22 mois de prison. Ils ont, par ailleurs, saisi chez l\u2019individu une grande quantit\u00e9 de comprim\u00e9s stup\u00e9fiants qu\u2019il \u00e9coulait aupr\u00e8s de coll\u00e9giens dans son [&hellip;]<\/p>\n","protected":false},"author":1789,"featured_media":36614,"comment_status":"closed","ping_status":"closed","sticky":false,"template":"","format":"standard","meta":{"fifu_image_url":"","fifu_image_alt":"","footnotes":""},"categories":[73,55],"tags":[],"class_list":["post-36613","post","type-post","status-publish","format-standard","has-post-thumbnail","hentry","category-actualite","category-tunisie"],"_links":{"self":[{"href":"https:\/\/linitiative.ca\/International\/wp-json\/wp\/v2\/posts\/36613","targetHints":{"allow":["GET"]}}],"collection":[{"href":"https:\/\/linitiative.ca\/International\/wp-json\/wp\/v2\/posts"}],"about":[{"href":"https:\/\/linitiative.ca\/International\/wp-json\/wp\/v2\/types\/post"}],"author":[{"embeddable":true,"href":"https:\/\/linitiative.ca\/International\/wp-json\/wp\/v2\/users\/1789"}],"replies":[{"embeddable":true,"href":"https:\/\/linitiative.ca\/International\/wp-json\/wp\/v2\/comments?post=36613"}],"version-history":[{"count":0,"href":"https:\/\/linitiative.ca\/International\/wp-json\/wp\/v2\/posts\/36613\/revisions"}],"wp:featuredmedia":[{"embeddable":true,"href":"https:\/\/linitiative.ca\/International\/wp-json\/"}],"wp:attachment":[{"href":"https:\/\/linitiative.ca\/International\/wp-json\/wp\/v2\/media?parent=36613"}],"wp:term":[{"taxonomy":"category","embeddable":true,"href":"https:\/\/linitiative.ca\/International\/wp-json\/wp\/v2\/categories?post=36613"},{"taxonomy":"post_tag","embeddable":true,"href":"https:\/\/linitiative.ca\/International\/wp-json\/wp\/v2\/tags?post=36613"}],"curies":[{"name":"wp","href":"https:\/\/api.w.org\/{rel}","templated":true}]}}