{"id":36615,"date":"2019-05-25T15:21:32","date_gmt":"2019-05-25T19:21:32","guid":{"rendered":"https:\/\/linitiative.ca\/International\/ligue-des-champions-larbitre-de-la-finale-retour-connu\/"},"modified":"2019-05-25T15:21:32","modified_gmt":"2019-05-25T19:21:32","slug":"ligue-des-champions-larbitre-de-la-finale-retour-connu","status":"publish","type":"post","link":"https:\/\/linitiative.ca\/International\/ligue-des-champions-larbitre-de-la-finale-retour-connu\/","title":{"rendered":"Ligue des champions : l\u2019arbitre de la finale retour connu"},"content":{"rendered":"<div class=\"nc_socialPanel swp_flatFresh swp_d_fullColor swp_i_fullColor swp_o_fullColor scale-100 scale-fullWidth\" data-position=\"none\" data-float=\"floatNone\" data-count=\"5\" data-floatcolor=\"#ffffff\" data-emphasize=\"0\">\n<div class=\"nc_tweetContainer totes totesalt\" data-id=\"6\"><span class=\"swp_count\"><span class=\"swp_label\">Partages<\/span> 0<\/span><\/div>\n<\/div>\n<p>La Conf\u00e9d\u00e9ration africaine de football (CAF) a d\u00e9sign\u00e9 le Gambien Bakary\u00a0Gassama\u00a0arbitre pour la finale retour de la Ligue des champions d\u2019Afrique opposante l\u2019Esp\u00e9rance de Tunis au\u00a0Wydad\u00a0de Casablanca.<\/p>\n<p>Gassama\u00a0sera assist\u00e9 par les deux S\u00e9n\u00e9galais Djibril Camara et\u00a0El Hadj Malick Samba alors que le Botswanais\u00a0Joshua\u00a0Bondo\u00a0sera le 4\u00e8me arbitre.<\/p>\n<div class=\"code-block code-block-1 c5\"><ins class=\"adsbygoogle c4\" data-ad-layout=\"in-article\" data-ad-format=\"fluid\" data-ad-client=\"ca-pub-2102118777505746\" data-ad-slot=\"7301775417\"\/> <\/div>\n<p>Aisni,\u00a0le Zambien\u00a0Janny\u00a0Sikazwe\u00a0sera\u00a0\u00e0\u00a0la\u00a0t\u00eate de l\u2019\u00e9quipe de\u00a0l\u2019assistance vid\u00e9o \u00e0 l\u2019arbitrage\u00a0(VAR).<\/p>\n<p>Il\u00a0est \u00e0\u00a0noter\u00a0que\u00a0la\u00a0finale\u00a0aller\u00a0s\u2019est\u00a0termin\u00e9e sur\u00a0un\u00a0r\u00e9sultat\u00a0nul\u00a0(1-1)\u00a0au\u00a0Maroc.<\/p>\n<div class=\"mvp-org-wrap mvp-org-logo\" itemprop=\"publisher\" itemscope=\"\" itemtype=\"https:\/\/schema.org\/Organization\"><img decoding=\"async\" src=\"https:\/\/sport.tunisienumerique.com\/wp-content\/uploads\/2017\/05\/logo_tunisie_numerique.png\"\/><\/div>\n<div class=\"nc_socialPanel swp_flatFresh swp_d_fullColor swp_i_fullColor swp_o_fullColor scale-100 scale-fullWidth\" data-position=\"none\" data-float=\"floatNone\" data-count=\"5\" data-floatcolor=\"#ffffff\" data-emphasize=\"0\">\n<div class=\"nc_tweetContainer totes totesalt\" data-id=\"6\"><span class=\"swp_count\"><span class=\"swp_label\">Partages<\/span> 0<\/span><\/div>\n<\/div>\n<div class=\"mvp-related-posts left relative\">\n<h4 class=\"post-header\"><span class=\"post-header\">Lire aussi<\/span><\/h4>\n<\/div>\n<p>Auteur:<br \/>\n<a href=\"https:\/\/sport.tunisienumerique.com\/ligue-champions-larbitre-de-finale-retour-connu\/\">Cliquez ici pour lire l&rsquo;article depuis sa source.<\/a><\/p>\n","protected":false},"excerpt":{"rendered":"<p>Partages 0 La Conf\u00e9d\u00e9ration africaine de football (CAF) a d\u00e9sign\u00e9 le Gambien Bakary\u00a0Gassama\u00a0arbitre pour la finale retour de la Ligue des champions d\u2019Afrique opposante l\u2019Esp\u00e9rance de Tunis au\u00a0Wydad\u00a0de Casablanca. Gassama\u00a0sera assist\u00e9 par les deux S\u00e9n\u00e9galais Djibril Camara et\u00a0El Hadj Malick Samba alors que le Botswanais\u00a0Joshua\u00a0Bondo\u00a0sera le 4\u00e8me arbitre. Aisni,\u00a0le Zambien\u00a0Janny\u00a0Sikazwe\u00a0sera\u00a0\u00e0\u00a0la\u00a0t\u00eate de l\u2019\u00e9quipe de\u00a0l\u2019assistance vid\u00e9o \u00e0 [&hellip;]<\/p>\n","protected":false},"author":1789,"featured_media":36616,"comment_status":"closed","ping_status":"closed","sticky":false,"template":"","format":"standard","meta":{"fifu_image_url":"","fifu_image_alt":"","footnotes":""},"categories":[73,55],"tags":[],"class_list":["post-36615","post","type-post","status-publish","format-standard","has-post-thumbnail","hentry","category-actualite","category-tunisie"],"_links":{"self":[{"href":"https:\/\/linitiative.ca\/International\/wp-json\/wp\/v2\/posts\/36615","targetHints":{"allow":["GET"]}}],"collection":[{"href":"https:\/\/linitiative.ca\/International\/wp-json\/wp\/v2\/posts"}],"about":[{"href":"https:\/\/linitiative.ca\/International\/wp-json\/wp\/v2\/types\/post"}],"author":[{"embeddable":true,"href":"https:\/\/linitiative.ca\/International\/wp-json\/wp\/v2\/users\/1789"}],"replies":[{"embeddable":true,"href":"https:\/\/linitiative.ca\/International\/wp-json\/wp\/v2\/comments?post=36615"}],"version-history":[{"count":0,"href":"https:\/\/linitiative.ca\/International\/wp-json\/wp\/v2\/posts\/36615\/revisions"}],"wp:featuredmedia":[{"embeddable":true,"href":"https:\/\/linitiative.ca\/International\/wp-json\/"}],"wp:attachment":[{"href":"https:\/\/linitiative.ca\/International\/wp-json\/wp\/v2\/media?parent=36615"}],"wp:term":[{"taxonomy":"category","embeddable":true,"href":"https:\/\/linitiative.ca\/International\/wp-json\/wp\/v2\/categories?post=36615"},{"taxonomy":"post_tag","embeddable":true,"href":"https:\/\/linitiative.ca\/International\/wp-json\/wp\/v2\/tags?post=36615"}],"curies":[{"name":"wp","href":"https:\/\/api.w.org\/{rel}","templated":true}]}}