{"id":36619,"date":"2019-05-25T15:45:40","date_gmt":"2019-05-25T19:45:40","guid":{"rendered":"https:\/\/linitiative.ca\/International\/tunis-maarouf-lati-nest-pas-le-concurrent-de-tunisie-telecom-et-il-ny-aucun-lien-avec-le-changement-de-management-opere-en-2017\/"},"modified":"2019-05-25T15:45:40","modified_gmt":"2019-05-25T19:45:40","slug":"tunis-maarouf-lati-nest-pas-le-concurrent-de-tunisie-telecom-et-il-ny-aucun-lien-avec-le-changement-de-management-opere-en-2017","status":"publish","type":"post","link":"https:\/\/linitiative.ca\/International\/tunis-maarouf-lati-nest-pas-le-concurrent-de-tunisie-telecom-et-il-ny-aucun-lien-avec-le-changement-de-management-opere-en-2017\/","title":{"rendered":"Tunis- Maarouf : l\u2019ATI n\u2019est pas le concurrent de Tunisie Telecom et il n\u2019y aucun lien avec le changement de management op\u00e9r\u00e9 en 2017"},"content":{"rendered":"<div class=\"post-cont-in left relative\">\n<div class=\"swp_social_panel swp_horizontal_panel swp_flat_fresh swp_default_full_color swp_individual_full_color swp_other_full_color scale-100 scale-\" data-min-width=\"1100\" data-float-color=\"#ffffff\" data-float=\"none\" data-float-mobile=\"none\" data-transition=\"slide\">\n<div class=\"nc_tweetContainer swp_share_button total_shares total_sharesalt\"><span class=\"swp_count\">7 <span class=\"swp_label\">Partages<\/span><\/span><\/div>\n<\/div>\n<p>Au cours de sa derni\u00e8re audition \u00e0 l\u2019ARP, le ministre des technologies de la communication et de l\u2019\u00e9conomie num\u00e9rique, Anouar Ma\u00e2rouf, et en r\u00e9ponse \u00e0 la question d\u2019une d\u00e9put\u00e9e, d\u00e9menti qu\u2019il y ait le moindre lien entre le changement de l\u2019ancien PDG de Tunisie T\u00e9l\u00e9com en septembre 2017. \u201d Il n\u2019 y a pas de lien entre le changement de l\u2019ex-PDG de Tunisie T\u00e9l\u00e9com et l\u2019octroi \u00e0 l\u2019Agence Tunisienne d\u2019Internet (ATI) d\u2019une licence d\u2019installation et d\u2019exploitation de r\u00e9seaux publics de t\u00e9l\u00e9communication pour fournir des services de tr\u00e8s haut d\u00e9bit \u201c, a d\u00e9clar\u00e9, ce lundi, Ma\u00e2rouf. Il a rappel\u00e9 que la licence d\u2019installation et d\u2019exploitation d\u2019un r\u00e9seau public de t\u00e9l\u00e9communications pour fournir des services de tr\u00e8s haut d\u00e9bit, a \u00e9t\u00e9 attribu\u00e9e \u00e0 l\u2019ATI, le 17 d\u00e9cembre 2017, trois mois apr\u00e8s le changement du PDG de Tunisie T\u00e9l\u00e9com (19 septembre 2017).<\/p>\n<p>Il a expliqu\u00e9 \u00a0que ce projet s\u2019inscrit dans le cadre de la strat\u00e9gie num\u00e9rique de la Tunisie visant \u00e0 \u00e9tendre les r\u00e9seaux de t\u00e9l\u00e9communication sur toutes les r\u00e9gions du pays et \u00e0 concr\u00e9tiser le code des t\u00e9l\u00e9communications, ainsi que le d\u00e9cret gouvernemental organisant l\u2019op\u00e9ration d\u2019attribution des licences.<\/p>\n<div class=\"code-block code-block-1 c3\"><ins class=\"adsbygoogle c2\" data-ad-layout=\"in-article\" data-ad-format=\"fluid\" data-ad-client=\"ca-pub-2102118777505746\" data-ad-slot=\"7301775417\"\/> <\/div>\n<p>Le ministre, a soulign\u00e9 que l\u2019agence ne constitue pas un concurrent \u00e0 \u201d Tunisie T\u00e9l\u00e9com \u201c, et qu\u2019elle constitue un soutien essentiel pour les op\u00e9rateurs de t\u00e9l\u00e9communications et les fournisseurs de services Internet.<\/p>\n<p>Ceci en ce qui concerne les d\u00e9clarations du ministre \u00e0 l\u2019ARP qui \u00e9taient tr\u00e8s claires, notamment en ce qui concerne le fait qu\u2019il n\u2019y avait aucun lien entre le remplacement de l\u2019ex-PDG de Tunisie T\u00e9l\u00e9com qui a eu lieu en septembre 2017,et l\u2019octroi \u00e0 l\u2019ATI de la licence d\u2019installation et d\u2019exploitation de r\u00e9seaux publics de t\u00e9l\u00e9communication pour fournir des services de tr\u00e8s haut d\u00e9bit.<\/p>\n<p>Or, et on ne sait pour quelles obscures raisons, certains m\u00e9dias persistent \u00e0 pr\u00e9tendre que la licence octroy\u00e9e \u00e0 l\u2019ATI est en cause du changement du PDG de Tunisie T\u00e9l\u00e9com. Mais, plus encore, ces m\u00e9dias laissent entendre qu\u2019il s\u2019agit de l\u2019actuel PDG de la compagnie qui devrait \u00eatre limog\u00e9, et non pas l\u2019ancien PDG qui l\u2019a \u00e9t\u00e9 en 2017. Affirmations qui ont, formellement \u00e9t\u00e9 d\u00e9menties par le ministre, et aussi, par les services de Tunisie T\u00e9l\u00e9com qui ont assur\u00e9 qu\u2019il n\u2019\u00e9tait nullement question de changement de leur PDG, ces prochains jours, ni \u00e0 cause de la licence de l\u2019ATI, ni pour d\u2019autres raisons.<\/p>\n<div class=\"mvp-org-wrap mvp-org-logo\" itemprop=\"publisher\" itemscope=\"\" itemtype=\"https:\/\/schema.org\/Organization\"><img decoding=\"async\" src=\"https:\/\/www.tunisienumerique.com\/wp-content\/uploads\/2017\/02\/logo_tunisie_numerique.png\"\/><\/div>\n<div class=\"swp_social_panel swp_horizontal_panel swp_flat_fresh swp_default_full_color swp_individual_full_color swp_other_full_color scale-100 scale-\" data-min-width=\"1100\" data-float-color=\"#ffffff\" data-float=\"none\" data-float-mobile=\"none\" data-transition=\"slide\">\n<div class=\"nc_tweetContainer swp_share_button total_shares total_sharesalt\"><span class=\"swp_count\">7 <span class=\"swp_label\">Partages<\/span><\/span><\/div>\n<\/div>\n<div class=\"mvp-related-posts left relative\">\n<h4 class=\"post-header\"><span class=\"post-header\">Lire aussi<\/span><\/h4>\n<\/div>\n<\/div>\n<p>Auteur: LM<br \/>\n<a href=\"https:\/\/www.tunisienumerique.com\/tunis-maarouf-lati-nest-pas-le-concurrent-de-tunisie-telecom-et-il-ny-aucun-lien-avec-le-changement-de-management-opere-en-2017\/\">Cliquez ici pour lire l&rsquo;article depuis sa source.<\/a><\/p>\n","protected":false},"excerpt":{"rendered":"<p>7 Partages Au cours de sa derni\u00e8re audition \u00e0 l\u2019ARP, le ministre des technologies de la communication et de l\u2019\u00e9conomie num\u00e9rique, Anouar Ma\u00e2rouf, et en r\u00e9ponse \u00e0 la question d\u2019une d\u00e9put\u00e9e, d\u00e9menti qu\u2019il y ait le moindre lien entre le changement de l\u2019ancien PDG de Tunisie T\u00e9l\u00e9com en septembre 2017. \u201d Il n\u2019 y a [&hellip;]<\/p>\n","protected":false},"author":1789,"featured_media":36620,"comment_status":"closed","ping_status":"closed","sticky":false,"template":"","format":"standard","meta":{"fifu_image_url":"","fifu_image_alt":"","footnotes":""},"categories":[73,55],"tags":[],"class_list":["post-36619","post","type-post","status-publish","format-standard","has-post-thumbnail","hentry","category-actualite","category-tunisie"],"_links":{"self":[{"href":"https:\/\/linitiative.ca\/International\/wp-json\/wp\/v2\/posts\/36619","targetHints":{"allow":["GET"]}}],"collection":[{"href":"https:\/\/linitiative.ca\/International\/wp-json\/wp\/v2\/posts"}],"about":[{"href":"https:\/\/linitiative.ca\/International\/wp-json\/wp\/v2\/types\/post"}],"author":[{"embeddable":true,"href":"https:\/\/linitiative.ca\/International\/wp-json\/wp\/v2\/users\/1789"}],"replies":[{"embeddable":true,"href":"https:\/\/linitiative.ca\/International\/wp-json\/wp\/v2\/comments?post=36619"}],"version-history":[{"count":0,"href":"https:\/\/linitiative.ca\/International\/wp-json\/wp\/v2\/posts\/36619\/revisions"}],"wp:featuredmedia":[{"embeddable":true,"href":"https:\/\/linitiative.ca\/International\/wp-json\/"}],"wp:attachment":[{"href":"https:\/\/linitiative.ca\/International\/wp-json\/wp\/v2\/media?parent=36619"}],"wp:term":[{"taxonomy":"category","embeddable":true,"href":"https:\/\/linitiative.ca\/International\/wp-json\/wp\/v2\/categories?post=36619"},{"taxonomy":"post_tag","embeddable":true,"href":"https:\/\/linitiative.ca\/International\/wp-json\/wp\/v2\/tags?post=36619"}],"curies":[{"name":"wp","href":"https:\/\/api.w.org\/{rel}","templated":true}]}}