{"id":36621,"date":"2019-05-25T16:12:50","date_gmt":"2019-05-25T20:12:50","guid":{"rendered":"https:\/\/linitiative.ca\/International\/tunisie-video-images-rades-le-grand-retour-de-la-police-islamique\/"},"modified":"2019-05-25T16:12:50","modified_gmt":"2019-05-25T20:12:50","slug":"tunisie-video-images-rades-le-grand-retour-de-la-police-islamique","status":"publish","type":"post","link":"https:\/\/linitiative.ca\/International\/tunisie-video-images-rades-le-grand-retour-de-la-police-islamique\/","title":{"rendered":"Tunisie \u2013 VIDEO\u00a0\u2013 IMAGES : Rades\u00a0: Le grand retour de la police islamique\u00a0!"},"content":{"rendered":"<div class=\"post-cont-in left relative\">\n<div class=\"swp_social_panel swp_horizontal_panel swp_flat_fresh swp_default_full_color swp_individual_full_color swp_other_full_color scale-100 scale-\" data-min-width=\"1100\" data-float-color=\"#ffffff\" data-float=\"none\" data-float-mobile=\"none\" data-transition=\"slide\">\n<div class=\"nc_tweetContainer swp_share_button total_shares total_sharesalt\"><span class=\"swp_count\">473 <span class=\"swp_label\">Partages<\/span><\/span><\/div>\n<\/div>\n<p>Un grand nombre d\u2019individus extr\u00e9mistes islamistes ont attaqu\u00e9, ce samedi un caf\u00e9 sis \u00e0 Rades M\u00e9liane, qui \u00e9tait ouvert durant la journ\u00e9e.<\/p>\n<p>Les \u00e9nergum\u00e8nes ont attaqu\u00e9 les clients du caf\u00e9 et son propri\u00e9taire \u00e0 coups de b\u00e2tons et d\u2019\u00e9p\u00e9es, avant de d\u00e9molir le contenu du local et d\u2019y mettre le feu.<br \/><iframe loading=\"lazy\" class=\"c2\" src=\"https:\/\/www.facebook.com\/plugins\/video.php?href=https%3A%2F%2Fwww.facebook.com%2Fnada.nacer.14%2Fvideos%2F690485451408610%2F&#038;show_text=0&#038;width=267\" width=\"267\" height=\"476\" frameborder=\"0\" scrolling=\"no\" allowfullscreen=\"allowfullscreen\">[embedded content]<\/iframe><\/p>\n<div class=\"code-block code-block-1 c4\"><ins class=\"adsbygoogle c3\" data-ad-layout=\"in-article\" data-ad-format=\"fluid\" data-ad-client=\"ca-pub-2102118777505746\" data-ad-slot=\"7301775417\"\/> <\/div>\n<p><img loading=\"lazy\" decoding=\"async\" class=\"aligncenter size-full wp-image-436780\" src=\"https:\/\/www.tunisienumerique.com\/wp-content\/uploads\/2019\/05\/rades1.jpg\" alt=\"\" width=\"720\" height=\"960\" srcset=\"https:\/\/www.tunisienumerique.com\/wp-content\/uploads\/2019\/05\/rades1.jpg 720w, https:\/\/www.tunisienumerique.com\/wp-content\/uploads\/2019\/05\/rades1-600x800.jpg 600w\" sizes=\"auto, (max-width: 720px) 100vw, 720px\"\/><\/p>\n<p><img loading=\"lazy\" decoding=\"async\" class=\"aligncenter size-full wp-image-436781\" src=\"https:\/\/www.tunisienumerique.com\/wp-content\/uploads\/2019\/05\/rades2.jpg\" alt=\"\" width=\"720\" height=\"960\" srcset=\"https:\/\/www.tunisienumerique.com\/wp-content\/uploads\/2019\/05\/rades2.jpg 720w, https:\/\/www.tunisienumerique.com\/wp-content\/uploads\/2019\/05\/rades2-600x800.jpg 600w\" sizes=\"auto, (max-width: 720px) 100vw, 720px\"\/><\/p>\n<p><img loading=\"lazy\" decoding=\"async\" class=\"aligncenter size-full wp-image-436782\" src=\"https:\/\/www.tunisienumerique.com\/wp-content\/uploads\/2019\/05\/rades4.jpg\" alt=\"\" width=\"720\" height=\"960\" srcset=\"https:\/\/www.tunisienumerique.com\/wp-content\/uploads\/2019\/05\/rades4.jpg 720w, https:\/\/www.tunisienumerique.com\/wp-content\/uploads\/2019\/05\/rades4-600x800.jpg 600w\" sizes=\"auto, (max-width: 720px) 100vw, 720px\"\/><\/p>\n<p><img loading=\"lazy\" decoding=\"async\" class=\"aligncenter size-full wp-image-436783\" src=\"https:\/\/www.tunisienumerique.com\/wp-content\/uploads\/2019\/05\/rades5.jpg\" alt=\"\" width=\"720\" height=\"960\" srcset=\"https:\/\/www.tunisienumerique.com\/wp-content\/uploads\/2019\/05\/rades5.jpg 720w, https:\/\/www.tunisienumerique.com\/wp-content\/uploads\/2019\/05\/rades5-600x800.jpg 600w\" sizes=\"auto, (max-width: 720px) 100vw, 720px\"\/><\/p>\n<div class=\"mvp-org-wrap mvp-org-logo\" itemprop=\"publisher\" itemscope=\"\" itemtype=\"https:\/\/schema.org\/Organization\"><img decoding=\"async\" src=\"https:\/\/www.tunisienumerique.com\/wp-content\/uploads\/2017\/02\/logo_tunisie_numerique.png\"\/><\/div>\n<div class=\"swp_social_panel swp_horizontal_panel swp_flat_fresh swp_default_full_color swp_individual_full_color swp_other_full_color scale-100 scale-\" data-min-width=\"1100\" data-float-color=\"#ffffff\" data-float=\"none\" data-float-mobile=\"none\" data-transition=\"slide\">\n<div class=\"nc_tweetContainer swp_share_button total_shares total_sharesalt\"><span class=\"swp_count\">473 <span class=\"swp_label\">Partages<\/span><\/span><\/div>\n<\/div>\n<div class=\"mvp-related-posts left relative\">\n<h4 class=\"post-header\"><span class=\"post-header\">Lire aussi<\/span><\/h4>\n<\/div>\n<\/div>\n<p>Auteur: LM<br \/>\n<a href=\"https:\/\/www.tunisienumerique.com\/tunisie-video-images-rades-le-grand-retour-de-la-police-islamique\/\">Cliquez ici pour lire l&rsquo;article depuis sa source.<\/a><\/p>\n","protected":false},"excerpt":{"rendered":"<p>473 Partages Un grand nombre d\u2019individus extr\u00e9mistes islamistes ont attaqu\u00e9, ce samedi un caf\u00e9 sis \u00e0 Rades M\u00e9liane, qui \u00e9tait ouvert durant la journ\u00e9e. Les \u00e9nergum\u00e8nes ont attaqu\u00e9 les clients du caf\u00e9 et son propri\u00e9taire \u00e0 coups de b\u00e2tons et d\u2019\u00e9p\u00e9es, avant de d\u00e9molir le contenu du local et d\u2019y mettre le feu.[embedded content] 473 [&hellip;]<\/p>\n","protected":false},"author":1789,"featured_media":36622,"comment_status":"closed","ping_status":"closed","sticky":false,"template":"","format":"standard","meta":{"fifu_image_url":"","fifu_image_alt":"","footnotes":""},"categories":[73,55],"tags":[],"class_list":["post-36621","post","type-post","status-publish","format-standard","has-post-thumbnail","hentry","category-actualite","category-tunisie"],"_links":{"self":[{"href":"https:\/\/linitiative.ca\/International\/wp-json\/wp\/v2\/posts\/36621","targetHints":{"allow":["GET"]}}],"collection":[{"href":"https:\/\/linitiative.ca\/International\/wp-json\/wp\/v2\/posts"}],"about":[{"href":"https:\/\/linitiative.ca\/International\/wp-json\/wp\/v2\/types\/post"}],"author":[{"embeddable":true,"href":"https:\/\/linitiative.ca\/International\/wp-json\/wp\/v2\/users\/1789"}],"replies":[{"embeddable":true,"href":"https:\/\/linitiative.ca\/International\/wp-json\/wp\/v2\/comments?post=36621"}],"version-history":[{"count":0,"href":"https:\/\/linitiative.ca\/International\/wp-json\/wp\/v2\/posts\/36621\/revisions"}],"wp:featuredmedia":[{"embeddable":true,"href":"https:\/\/linitiative.ca\/International\/wp-json\/"}],"wp:attachment":[{"href":"https:\/\/linitiative.ca\/International\/wp-json\/wp\/v2\/media?parent=36621"}],"wp:term":[{"taxonomy":"category","embeddable":true,"href":"https:\/\/linitiative.ca\/International\/wp-json\/wp\/v2\/categories?post=36621"},{"taxonomy":"post_tag","embeddable":true,"href":"https:\/\/linitiative.ca\/International\/wp-json\/wp\/v2\/tags?post=36621"}],"curies":[{"name":"wp","href":"https:\/\/api.w.org\/{rel}","templated":true}]}}