{"id":36623,"date":"2019-05-25T16:38:49","date_gmt":"2019-05-25T20:38:49","guid":{"rendered":"https:\/\/linitiative.ca\/International\/en-saif-eddine-khaoui-forfait-pour-la-can\/"},"modified":"2019-05-25T16:38:49","modified_gmt":"2019-05-25T20:38:49","slug":"en-saif-eddine-khaoui-forfait-pour-la-can","status":"publish","type":"post","link":"https:\/\/linitiative.ca\/International\/en-saif-eddine-khaoui-forfait-pour-la-can\/","title":{"rendered":"EN : Saif-Eddine Khaoui forfait pour la CAN"},"content":{"rendered":"<div class=\"nc_socialPanel swp_flatFresh swp_d_fullColor swp_i_fullColor swp_o_fullColor scale-100 scale-fullWidth\" data-position=\"none\" data-float=\"floatNone\" data-count=\"5\" data-floatcolor=\"#ffffff\" data-emphasize=\"0\">\n<div class=\"nc_tweetContainer totes totesalt\" data-id=\"6\"><span class=\"swp_count\"><span class=\"swp_label\">Partages<\/span> 0<\/span><\/div>\n<\/div>\n<p><span>Bless\u00e9,\u00a0<\/span><span>Sa\u00eef<\/span><span>-Eddine\u00a0<\/span><span>Khaoui<\/span><span>\u00a0sera indisponible pendant la Coupe d\u2019Afrique des nations 2019, que le milieu de terrain offensif devait disputer sous les couleurs de la Tunisie.<\/span><span>\u00a0<\/span><\/p>\n<p><span>L\u2019international tunisien a subi une blessure pendant la seconde p\u00e9riode du match de la derni\u00e8re journ\u00e9e du Championnat du France qui a oppos\u00e9\u00a0<\/span><span>Caen<\/span><span>\u00a0\u00e0\u00a0<\/span><span>Bordeaux<\/span><span>\u00a0avec \u00e0 la cl\u00e9 une d\u00e9faite par un but \u00e0 z\u00e9ro et une rel\u00e9gation en\u00a0<\/span><span>Ligue 2<\/span><span>.<\/span><span>\u00a0<\/span><\/p>\n<div class=\"code-block code-block-1 c5\"><ins class=\"adsbygoogle c4\" data-ad-layout=\"in-article\" data-ad-format=\"fluid\" data-ad-client=\"ca-pub-2102118777505746\" data-ad-slot=\"7301775417\"\/> <\/div>\n<p><span>Convoqu\u00e9 cette semaine par Alain\u00a0<\/span><span>Giresse<\/span><span>, le s\u00e9lectionneur national, en vue de la\u00a0CAN 2019,\u00a0<\/span><span>Khaoui<\/span><span>\u00a0ne disputera pas la phase finale\u00a0le mois prochain en Egypte. Le milieu de terrain offensif de 24 ans, pr\u00eat\u00e9 cette saison \u00e0 Caen par l\u2019Olympique de Marseille, est\u00a0diminu\u00e9 physiquement\u00a0et va devoir observer quelques semaines de repos avant de reprendre en juillet avec le club phoc\u00e9en, o\u00f9 son contrat court jusqu\u2019en 2021.<\/span><span>\u00a0<\/span><\/p>\n<div class=\"mvp-org-wrap mvp-org-logo\" itemprop=\"publisher\" itemscope=\"\" itemtype=\"https:\/\/schema.org\/Organization\"><img decoding=\"async\" src=\"https:\/\/sport.tunisienumerique.com\/wp-content\/uploads\/2017\/05\/logo_tunisie_numerique.png\"\/><\/div>\n<div class=\"nc_socialPanel swp_flatFresh swp_d_fullColor swp_i_fullColor swp_o_fullColor scale-100 scale-fullWidth\" data-position=\"none\" data-float=\"floatNone\" data-count=\"5\" data-floatcolor=\"#ffffff\" data-emphasize=\"0\">\n<div class=\"nc_tweetContainer totes totesalt\" data-id=\"6\"><span class=\"swp_count\"><span class=\"swp_label\">Partages<\/span> 0<\/span><\/div>\n<\/div>\n<div class=\"mvp-related-posts left relative\">\n<h4 class=\"post-header\"><span class=\"post-header\">Lire aussi<\/span><\/h4>\n<\/div>\n<p>Auteur:<br \/>\n<a href=\"https:\/\/sport.tunisienumerique.com\/saif-eddine-khaoui-forfait-can\/\">Cliquez ici pour lire l&rsquo;article depuis sa source.<\/a><\/p>\n","protected":false},"excerpt":{"rendered":"<p>Partages 0 Bless\u00e9,\u00a0Sa\u00eef-Eddine\u00a0Khaoui\u00a0sera indisponible pendant la Coupe d\u2019Afrique des nations 2019, que le milieu de terrain offensif devait disputer sous les couleurs de la Tunisie.\u00a0 L\u2019international tunisien a subi une blessure pendant la seconde p\u00e9riode du match de la derni\u00e8re journ\u00e9e du Championnat du France qui a oppos\u00e9\u00a0Caen\u00a0\u00e0\u00a0Bordeaux\u00a0avec \u00e0 la cl\u00e9 une d\u00e9faite par un [&hellip;]<\/p>\n","protected":false},"author":1789,"featured_media":36624,"comment_status":"closed","ping_status":"closed","sticky":false,"template":"","format":"standard","meta":{"fifu_image_url":"","fifu_image_alt":"","footnotes":""},"categories":[73,55],"tags":[],"class_list":["post-36623","post","type-post","status-publish","format-standard","has-post-thumbnail","hentry","category-actualite","category-tunisie"],"_links":{"self":[{"href":"https:\/\/linitiative.ca\/International\/wp-json\/wp\/v2\/posts\/36623","targetHints":{"allow":["GET"]}}],"collection":[{"href":"https:\/\/linitiative.ca\/International\/wp-json\/wp\/v2\/posts"}],"about":[{"href":"https:\/\/linitiative.ca\/International\/wp-json\/wp\/v2\/types\/post"}],"author":[{"embeddable":true,"href":"https:\/\/linitiative.ca\/International\/wp-json\/wp\/v2\/users\/1789"}],"replies":[{"embeddable":true,"href":"https:\/\/linitiative.ca\/International\/wp-json\/wp\/v2\/comments?post=36623"}],"version-history":[{"count":0,"href":"https:\/\/linitiative.ca\/International\/wp-json\/wp\/v2\/posts\/36623\/revisions"}],"wp:featuredmedia":[{"embeddable":true,"href":"https:\/\/linitiative.ca\/International\/wp-json\/"}],"wp:attachment":[{"href":"https:\/\/linitiative.ca\/International\/wp-json\/wp\/v2\/media?parent=36623"}],"wp:term":[{"taxonomy":"category","embeddable":true,"href":"https:\/\/linitiative.ca\/International\/wp-json\/wp\/v2\/categories?post=36623"},{"taxonomy":"post_tag","embeddable":true,"href":"https:\/\/linitiative.ca\/International\/wp-json\/wp\/v2\/tags?post=36623"}],"curies":[{"name":"wp","href":"https:\/\/api.w.org\/{rel}","templated":true}]}}