{"id":36625,"date":"2019-05-25T16:43:32","date_gmt":"2019-05-25T20:43:32","guid":{"rendered":"https:\/\/linitiative.ca\/International\/tunisie-audio-bientot-une-enieme-greve-des-stations-services\/"},"modified":"2019-05-25T16:43:32","modified_gmt":"2019-05-25T20:43:32","slug":"tunisie-audio-bientot-une-enieme-greve-des-stations-services","status":"publish","type":"post","link":"https:\/\/linitiative.ca\/International\/tunisie-audio-bientot-une-enieme-greve-des-stations-services\/","title":{"rendered":"Tunisie \u2013 AUDIO\u00a0: Bient\u00f4t une \u00e9ni\u00e8me gr\u00e8ve des stations services"},"content":{"rendered":"<div class=\"post-cont-in left relative\">\n<div class=\"swp_social_panel swp_horizontal_panel swp_flat_fresh swp_default_full_color swp_individual_full_color swp_other_full_color scale-100 scale-\" data-min-width=\"1100\" data-float-color=\"#ffffff\" data-float=\"none\" data-float-mobile=\"none\" data-transition=\"slide\">\n<div class=\"nc_tweetContainer swp_share_button total_shares total_sharesalt\"><span class=\"swp_count\">16 <span class=\"swp_label\">Partages<\/span><\/span><\/div>\n<\/div>\n<p>La secr\u00e9taire g\u00e9n\u00e9rale de la chambre syndicale des m\u00e9tiers et services, Hayet Trabelsi a d\u00e9clar\u00e9, ce samedi, au micro de Mosa\u00efque FM, que les agents des stations-services ont d\u00e9cid\u00e9 d\u2019observer une gr\u00e8ve de trois jours dans toutes les r\u00e9gions du pays. Et ce, pour revendiquer la signature de toute urgence, de l\u2019avenant relatif aux majorations salariales au titre des ann\u00e9es 2018 et 2019. Trabelsi a ajout\u00e9 que la date de cette gr\u00e8ve n\u2019a pas encore, \u00e9t\u00e9 fix\u00e9e, mais que c\u2019est pour tr\u00e8s bient\u00f4t. Gageons qu\u2019ils vont choisir la p\u00e9riode de l\u2019A\u00efd, histoire de se mettre en position de forces pour n\u00e9gocier.<\/p>\n<p><a href=\"https:\/\/www.tunisienumerique.com\/wp-content\/uploads\/2019\/05\/Hayet-trabelsi.mp3\">https:\/\/www.tunisienumerique.com\/wp-content\/uploads\/2019\/05\/Hayet-trabelsi.mp3<\/a><\/p>\n<div class=\"mvp-org-wrap mvp-org-logo\" itemprop=\"publisher\" itemscope=\"\" itemtype=\"https:\/\/schema.org\/Organization\"><img decoding=\"async\" src=\"https:\/\/www.tunisienumerique.com\/wp-content\/uploads\/2017\/02\/logo_tunisie_numerique.png\"\/><\/div>\n<div class=\"swp_social_panel swp_horizontal_panel swp_flat_fresh swp_default_full_color swp_individual_full_color swp_other_full_color scale-100 scale-\" data-min-width=\"1100\" data-float-color=\"#ffffff\" data-float=\"none\" data-float-mobile=\"none\" data-transition=\"slide\">\n<div class=\"nc_tweetContainer swp_share_button total_shares total_sharesalt\"><span class=\"swp_count\">16 <span class=\"swp_label\">Partages<\/span><\/span><\/div>\n<\/div>\n<div class=\"mvp-related-posts left relative\">\n<h4 class=\"post-header\"><span class=\"post-header\">Lire aussi<\/span><\/h4>\n<\/div>\n<\/div>\n<p>Auteur: LM<br \/>\n<a href=\"https:\/\/www.tunisienumerique.com\/tunisie-audio-bientot-une-enieme-greve-des-stations-services\/\">Cliquez ici pour lire l&rsquo;article depuis sa source.<\/a><\/p>\n","protected":false},"excerpt":{"rendered":"<p>16 Partages La secr\u00e9taire g\u00e9n\u00e9rale de la chambre syndicale des m\u00e9tiers et services, Hayet Trabelsi a d\u00e9clar\u00e9, ce samedi, au micro de Mosa\u00efque FM, que les agents des stations-services ont d\u00e9cid\u00e9 d\u2019observer une gr\u00e8ve de trois jours dans toutes les r\u00e9gions du pays. Et ce, pour revendiquer la signature de toute urgence, de l\u2019avenant relatif [&hellip;]<\/p>\n","protected":false},"author":1789,"featured_media":36626,"comment_status":"closed","ping_status":"closed","sticky":false,"template":"","format":"standard","meta":{"fifu_image_url":"","fifu_image_alt":"","footnotes":""},"categories":[73,55],"tags":[],"class_list":["post-36625","post","type-post","status-publish","format-standard","has-post-thumbnail","hentry","category-actualite","category-tunisie"],"_links":{"self":[{"href":"https:\/\/linitiative.ca\/International\/wp-json\/wp\/v2\/posts\/36625","targetHints":{"allow":["GET"]}}],"collection":[{"href":"https:\/\/linitiative.ca\/International\/wp-json\/wp\/v2\/posts"}],"about":[{"href":"https:\/\/linitiative.ca\/International\/wp-json\/wp\/v2\/types\/post"}],"author":[{"embeddable":true,"href":"https:\/\/linitiative.ca\/International\/wp-json\/wp\/v2\/users\/1789"}],"replies":[{"embeddable":true,"href":"https:\/\/linitiative.ca\/International\/wp-json\/wp\/v2\/comments?post=36625"}],"version-history":[{"count":0,"href":"https:\/\/linitiative.ca\/International\/wp-json\/wp\/v2\/posts\/36625\/revisions"}],"wp:featuredmedia":[{"embeddable":true,"href":"https:\/\/linitiative.ca\/International\/wp-json\/"}],"wp:attachment":[{"href":"https:\/\/linitiative.ca\/International\/wp-json\/wp\/v2\/media?parent=36625"}],"wp:term":[{"taxonomy":"category","embeddable":true,"href":"https:\/\/linitiative.ca\/International\/wp-json\/wp\/v2\/categories?post=36625"},{"taxonomy":"post_tag","embeddable":true,"href":"https:\/\/linitiative.ca\/International\/wp-json\/wp\/v2\/tags?post=36625"}],"curies":[{"name":"wp","href":"https:\/\/api.w.org\/{rel}","templated":true}]}}