{"id":36629,"date":"2019-05-25T06:51:19","date_gmt":"2019-05-25T10:51:19","guid":{"rendered":"https:\/\/linitiative.ca\/International\/deuxieme-session-ordinaire-du-conseil-superieur-de-la-magistrature-communique-de-presse\/"},"modified":"2019-05-25T06:51:19","modified_gmt":"2019-05-25T10:51:19","slug":"deuxieme-session-ordinaire-du-conseil-superieur-de-la-magistrature-communique-de-presse","status":"publish","type":"post","link":"https:\/\/linitiative.ca\/International\/deuxieme-session-ordinaire-du-conseil-superieur-de-la-magistrature-communique-de-presse\/","title":{"rendered":"Deuxi\u00e8me session ordinaire du Conseil sup\u00e9rieur de la Magistrature (communiqu\u00e9 de presse)"},"content":{"rendered":"<div class=\"td-post-featured-image\"><a href=\"https:\/\/i1.wp.com\/www.sidwaya.info\/wp-content\/uploads\/2019\/05\/t%C3%A9l%C3%A9chargement-3.jpg?fit=400%2C280&#038;ssl=1\" data-caption=\"\"><img loading=\"lazy\" decoding=\"async\" width=\"400\" height=\"280\" class=\"entry-thumb td-modal-image\" src=\"https:\/\/i1.wp.com\/www.sidwaya.info\/wp-content\/uploads\/2019\/05\/t%C3%A9l%C3%A9chargement-3.jpg?resize=400%2C280&#038;ssl=1\" srcset=\"https:\/\/i1.wp.com\/www.sidwaya.info\/wp-content\/uploads\/2019\/05\/t\u00e9l\u00e9chargement-3.jpg?w=400&#038;ssl=1 400w, https:\/\/i1.wp.com\/www.sidwaya.info\/wp-content\/uploads\/2019\/05\/t\u00e9l\u00e9chargement-3.jpg?resize=300%2C210&#038;ssl=1 300w, https:\/\/i1.wp.com\/www.sidwaya.info\/wp-content\/uploads\/2019\/05\/t\u00e9l\u00e9chargement-3.jpg?resize=100%2C70&#038;ssl=1 100w\" sizes=\"auto, (max-width: 400px) 100vw, 400px\" alt=\"\" title=\"t\u00e9l\u00e9chargement\"\/><\/a><\/div>\n<div class=\"td-a-rec td-a-rec-id-content_top td_uid_30_5ce9b7278a786_rand td_block_template_1\"><img loading=\"lazy\" decoding=\"async\" class=\"aligncenter size-full wp-image-4463\" src=\"https:\/\/www.sidwaya.info\/wp-content\/uploads\/2019\/02\/FESPACO-TOUR-2019-Bannie%CC%80re-728x90-1.jpg\" alt=\"\" width=\"728\" height=\"90\"\/><\/div>\n<p><strong><em>Le Conseil sup\u00e9rieur de la magistrature a tenu, les 23 et 24 mai 2019 \u00e0 son si\u00e8ge sis \u00e0 Ouagadougou,<\/em><\/strong> <strong><em>sa deuxi\u00e8me session ordinaire au titre de l\u2019ann\u00e9e 2019.<\/em><\/strong><\/p>\n<p><strong>\u00a0<\/strong>R\u00e9unit autour des points de son ordre du jour, le Conseil, apr\u00e8s en avoir d\u00e9lib\u00e9r\u00e9 conform\u00e9ment \u00e0 la loi, a d\u00e9cid\u00e9 de ce qui suit\u00a0:<\/p>\n<ul>\n<li><strong>Sur le point des nominations<\/strong><\/li>\n<li>Monsieur <strong>KONDE Mazob\u00e9<\/strong> Jean, matricule 30\u00a0119 D, magistrat de grade exceptionnel, 8<sup>\u00e8me<\/sup> \u00e9chelon est nomm\u00e9 Premier Pr\u00e9sident de la Cour de cassation\u00a0;<\/li>\n<li>Monsieur <strong>KONOMBO Wanr\u00e8gma Modeste<\/strong>, matricule 130\u00a0226 B, magistrat de grade exceptionnel, 2<sup>\u00e8me<\/sup> \u00e9chelon, est nomm\u00e9 Avocat g\u00e9n\u00e9ral pr\u00e8s la Cour de cassation\u00a0;<\/li>\n<li>Monsieur <strong>OUATTARA Toa Dieudonn\u00e9<\/strong>, matricule 30\u00a0089 W, magistrat de grade exceptionnel, 8<sup>\u00e8me<\/sup> \u00e9chelon est nomm\u00e9 Commissaire du gouvernement du Conseil d\u2019Etat\u00a0;<\/li>\n<li>Madame <strong>ILBOUDO\/SAVADOGO Rassolgu\u00e9ssida Cl\u00e9mence<\/strong>, matricule 25\u00a0700 B, magistrat de grade exceptionnel, 7<sup>\u00e8me<\/sup> \u00e9chelon est nomm\u00e9e Conseiller au Conseil d\u2019Etat\u00a0;<\/li>\n<li>Monsieur <strong>DAO Moumounou<\/strong>, matricule 28 458 Z, inspecteur du Tr\u00e9sor, Cat\u00e9gorie A1, 1<sup>\u00e8re<\/sup> classe, 16<sup>\u00e8me<\/sup> \u00e9chelon, est nomm\u00e9 Pr\u00e9sident de chambre \u00e0 la Cour des comptes\u00a0;<\/li>\n<li>Monsieur <strong>KINDA L\u00e9ger<\/strong>, matricule 130\u00a0211 M, magistrat de grade exceptionnel, 3<sup>\u00e8me<\/sup> \u00e9chelon, est nomm\u00e9 Conseiller \u00e0 la Cour des comptes\u00a0;<\/li>\n<li>Monsieur <strong>OUEDRAOGO Adama<\/strong>, matricule 130\u00a0231 J, magistrat de grade exceptionnel, 1<sup>er<\/sup> \u00e9chelon, est nomm\u00e9 Conseiller \u00e0 la Cour des comptes\u00a0;<\/li>\n<li>Monsieur <strong>TRAORE Kassoum<\/strong>, matricule 24\u00a0961 T, Inspecteur des imp\u00f4ts, Cat\u00e9gorie A1, 1<sup>\u00e8re<\/sup> classe, 14<sup>\u00e8me<\/sup> \u00e9chelon, est nomm\u00e9 Conseiller \u00e0 la Cour des comptes\u00a0;<\/li>\n<li>Monsieur <strong>OUATTARA Bakankan<\/strong>, matricule 41\u00a0594 F, inspecteur des imp\u00f4ts, Cat\u00e9gorie A1, 1<sup>\u00e8re<\/sup> classe, 14<sup>\u00e8me<\/sup> \u00e9chelon est nomm\u00e9 Conseiller \u00e0 la Cour des comptes\u00a0;<\/li>\n<li>Monsieur <strong>SANKARA Alain<\/strong>, matricule 91\u00a0237 C, administrateur des services financiers, Cat\u00e9gorie A1, 1<sup>\u00e8re<\/sup> classe, 7<sup>\u00e8me<\/sup> \u00e9chelon, est nomm\u00e9 Conseiller \u00e0 la Cour des comptes\u00a0;<\/li>\n<li>Monsieur <strong>DIALLO Amadou<\/strong>, matricule 37\u00a0210 F, administrateur des services financiers, Cat\u00e9gorie A1, 1<sup>\u00e8re<\/sup> classe, 9<sup>\u00e8me<\/sup> \u00e9chelon est nomm\u00e9 Conseiller \u00e0 la Cour des comptes\u00a0;<\/li>\n<li>Monsieur <strong>KOMPAORE Sidwayan \u00c9ric Alphonse<\/strong>, matricule 54\u00a0646 R, administrateur des services financiers, Cat\u00e9gorie A1, 1<sup>\u00e8re<\/sup> classe, 10<sup>\u00e8me<\/sup> \u00e9chelon, est nomm\u00e9 Conseiller \u00e0 la Cour des comptes\u00a0;<\/li>\n<li>Monsieur <strong>PARE Florent D\u00e9sir\u00e9<\/strong>, matricule 50\u00a0041 P, inspecteur du Tr\u00e9sor, Cat\u00e9gorie A1, 1<sup>\u00e8re<\/sup> classe, 11<sup>\u00e8me<\/sup> \u00e9chelon, est nomm\u00e9 Conseiller \u00e0 la Cour des comptes\u00a0;<\/li>\n<li>Madame <strong>KOMPAORE\/TINDANO Lucie<\/strong>, matricule 41\u00a0580 D, inspecteur du Tr\u00e9sor, Cat\u00e9gorie A1, 1<sup>\u00e8re<\/sup> classe, 14<sup>\u00e8me<\/sup> \u00e9chelon, est nomm\u00e9e Conseiller \u00e0 la Cour des comptes\u00a0;<\/li>\n<li>Monsieur <strong>YODA Harouna<\/strong>, matricule 130\u00a0281 N, magistrat, 1<sup>er<\/sup> grade, 3<sup>\u00e8me<\/sup> \u00e9chelon est nomm\u00e9 Procureur du Faso pr\u00e8s le Tribunal de grande instance de Ouagadougou\u00a0;<\/li>\n<li>Monsieur <strong>SIMPORE Mouni<\/strong>, matricule 130\u00a0441 M, magistrat, 2<sup>\u00e8me<\/sup> grade, 3<sup>\u00e8me<\/sup> \u00e9chelon, est nomm\u00e9 Pr\u00e9sident du Tribunal de grande instance de Kongoussi, cumulativement Pr\u00e9sident du Tribunal administratif de Kongoussi\u00a0;<\/li>\n<li>Monsieur <strong>KOULIBALY Pi\u00e8 Bruno<\/strong>, matricule 130\u00a0449 D, magistrat, 2<sup>\u00e8me<\/sup> grade, 3<sup>\u00e8me<\/sup> \u00e9chelon est nomm\u00e9 Pr\u00e9sident du Tribunal de grande instance de Manga, cumulativement Pr\u00e9sident du Tribunal administratif de Manga\u00a0;<\/li>\n<li>Monsieur <strong>KABORE Charles Le Bon<\/strong>, matricule 130\u00a0470 M, magistrat, 2<sup>\u00e8me<\/sup> grade, 3<sup>\u00e8me<\/sup> \u00e9chelon est nomm\u00e9 Procureur du Faso pr\u00e8s le Tribunal de grande instance de Manga, cumulativement Commissaire du gouvernement du Tribunal administratif de Manga\u00a0;<\/li>\n<li>Monsieur <strong>IBRANGO Labara<\/strong>, matricule 130\u00a0510 F, magistrat, 2<sup>\u00e8me<\/sup> grade, 2<sup>\u00e8me<\/sup> \u00e9chelon est nomm\u00e9 Procureur du Faso pr\u00e8s le Tribunal de grande instance de Di\u00e9bougou, cumulativement Commissaire du gouvernement du Tribunal administratif de Di\u00e9bougou\u00a0;<\/li>\n<li>Monsieur <strong>COMPAORE Cheik Alfa Boubakar<\/strong>, matricule 130\u00a0519 E, magistrat, 2<sup>\u00e8me<\/sup> grade, 1<sup>er<\/sup> \u00e9chelon est nomm\u00e9 Procureur du Faso pr\u00e8s le Tribunal de grande instance de Gaoua, cumulativement Commissaire du gouvernement du Tribunal administratif de Gaoua\u00a0;<\/li>\n<li>Monsieur <strong>OUEDRAOGO Adama<\/strong>, matricule 130\u00a0485 Y, magistrat, 2<sup>\u00e8me<\/sup> grade, 3<sup>\u00e8me<\/sup> \u00e9chelon est nomm\u00e9 Procureur du Faso pr\u00e8s le Tribunal de grande instance de Yako, cumulativement Commissaire du gouvernement du Tribunal administratif de Yako\u00a0;<\/li>\n<li>Monsieur <strong>SAGNAN Tondjoa<\/strong>, matricule 130\u00a0476 Y, magistrat, 2<sup>\u00e8me<\/sup> grade, 3<sup>\u00e8me<\/sup> \u00e9chelon est nomm\u00e9 Procureur du Faso pr\u00e8s le Tribunal de grande instance de Ziniar\u00e9, cumulativement Commissaire du gouvernement du Tribunal administratif de Ziniar\u00e9\u00a0;<\/li>\n<li>Madame <strong>DOLI Ini Esther Benjamine<\/strong>, matricule 130\u00a0435 U, magistrat, 1<sup>er<\/sup> grade, 1<sup>er<\/sup> \u00e9chelon, est nomm\u00e9e Commissaire du gouvernement du Tribunal administratif de Ouagadougou.<\/li>\n<li><strong>Sur le point des demandes d\u2019avis\u00a0:<\/strong><\/li>\n<\/ul>\n<p>Le Conseil, soucieux de ne nullement perturber le fonctionnement des juridictions par des mises \u00e0 disposition qui portent atteinte \u00e0 des effectifs d\u00e9j\u00e0 r\u00e9duits et partant \u00e0 la bonne administration de la justice, a \u00e9mis six (06) avis favorables et un (01) avis d\u00e9favorable \u00e0 des demandes de mises \u00e0 disposition de magistrats tant dans d\u2019autres d\u00e9partements minist\u00e9riels et structures rattach\u00e9es que des affectations \u00e0 la Chancellerie<\/p>\n<ul>\n<li><strong>Sur le point des divers<\/strong><\/li>\n<\/ul>\n<p>Les divers ont port\u00e9s sur plusieurs points parmi lesquels :<\/p>\n<ul>\n<li>La conf\u00e9rence des magistrats qui se tiendra du 27 au 29 mai 2019 \u00e0 Ouagadougou\u00a0;<\/li>\n<li>La d\u00e9signation par le Pr\u00e9sident du Conseil des deux membres devant composer la Commission charg\u00e9e des enqu\u00eates de moralit\u00e9 des auditeurs de justice\u00a0;<\/li>\n<li>L\u2019audience solennelle de rentr\u00e9e judiciaire 2019-2020, pilot\u00e9e cette ann\u00e9e par la Cour des comptes.<\/li>\n<\/ul>\n<p><strong>Contact SP-CSM\u00a0:<\/strong><\/p>\n<p>Madame Victoria OUEDRAOGO\/KIBORA, Secr\u00e9taire permanente du Conseil sup\u00e9rieur de la magistrature<\/p>\n<p>Ouagadougou le 23 mai 2019<\/p>\n<div class=\"td-a-rec td-a-rec-id-content_bottom td_uid_31_5ce9b7278a92d_rand td_block_template_1\"><img loading=\"lazy\" decoding=\"async\" class=\"alignright size-full wp-image-1724\" src=\"https:\/\/www.sidwaya.info\/wp-content\/uploads\/2018\/12\/sidwaya-pub.jpg\" alt=\"\" width=\"720\" height=\"90\"\/><\/div>\n<p>Auteur: BS. Sidwaya<br \/>\n<a href=\"https:\/\/www.sidwaya.info\/blog\/2019\/05\/25\/deuxieme-session-ordinaire-du-conseil-superieur-de-la-magistrature-communique-de-presse\/\">Cliquez ici pour lire l&rsquo;article depuis sa source.<\/a><\/p>\n","protected":false},"excerpt":{"rendered":"<p>Le Conseil sup\u00e9rieur de la magistrature a tenu, les 23 et 24 mai 2019 \u00e0 son si\u00e8ge sis \u00e0 Ouagadougou, sa deuxi\u00e8me session ordinaire au titre de l\u2019ann\u00e9e 2019. \u00a0R\u00e9unit autour des points de son ordre du jour, le Conseil, apr\u00e8s en avoir d\u00e9lib\u00e9r\u00e9 conform\u00e9ment \u00e0 la loi, a d\u00e9cid\u00e9 de ce qui suit\u00a0: Sur [&hellip;]<\/p>\n","protected":false},"author":1816,"featured_media":0,"comment_status":"closed","ping_status":"closed","sticky":false,"template":"","format":"standard","meta":{"fifu_image_url":"","fifu_image_alt":"","footnotes":""},"categories":[73,81],"tags":[],"class_list":["post-36629","post","type-post","status-publish","format-standard","hentry","category-actualite","category-burkina-faso"],"_links":{"self":[{"href":"https:\/\/linitiative.ca\/International\/wp-json\/wp\/v2\/posts\/36629","targetHints":{"allow":["GET"]}}],"collection":[{"href":"https:\/\/linitiative.ca\/International\/wp-json\/wp\/v2\/posts"}],"about":[{"href":"https:\/\/linitiative.ca\/International\/wp-json\/wp\/v2\/types\/post"}],"author":[{"embeddable":true,"href":"https:\/\/linitiative.ca\/International\/wp-json\/wp\/v2\/users\/1816"}],"replies":[{"embeddable":true,"href":"https:\/\/linitiative.ca\/International\/wp-json\/wp\/v2\/comments?post=36629"}],"version-history":[{"count":0,"href":"https:\/\/linitiative.ca\/International\/wp-json\/wp\/v2\/posts\/36629\/revisions"}],"wp:attachment":[{"href":"https:\/\/linitiative.ca\/International\/wp-json\/wp\/v2\/media?parent=36629"}],"wp:term":[{"taxonomy":"category","embeddable":true,"href":"https:\/\/linitiative.ca\/International\/wp-json\/wp\/v2\/categories?post=36629"},{"taxonomy":"post_tag","embeddable":true,"href":"https:\/\/linitiative.ca\/International\/wp-json\/wp\/v2\/tags?post=36629"}],"curies":[{"name":"wp","href":"https:\/\/api.w.org\/{rel}","templated":true}]}}