{"id":36630,"date":"2019-05-25T11:54:38","date_gmt":"2019-05-25T15:54:38","guid":{"rendered":"https:\/\/linitiative.ca\/International\/foret-de-kua-le-mpp-reprouve-la-conduite-des-agents-des-eaux-et-forets\/"},"modified":"2019-05-25T11:54:38","modified_gmt":"2019-05-25T15:54:38","slug":"foret-de-kua-le-mpp-reprouve-la-conduite-des-agents-des-eaux-et-forets","status":"publish","type":"post","link":"https:\/\/linitiative.ca\/International\/foret-de-kua-le-mpp-reprouve-la-conduite-des-agents-des-eaux-et-forets\/","title":{"rendered":"For\u00eat de Kua : Le MPP r\u00e9prouve la conduite des agents des eaux et for\u00eats"},"content":{"rendered":"<div class=\"td-post-featured-image\"><a href=\"https:\/\/i0.wp.com\/www.sidwaya.info\/wp-content\/uploads\/2019\/05\/t%C3%A9l%C3%A9chargement-1-2.jpg?fit=400%2C226&#038;ssl=1\" data-caption=\"\"><img loading=\"lazy\" decoding=\"async\" width=\"400\" height=\"226\" class=\"entry-thumb td-modal-image\" src=\"https:\/\/i0.wp.com\/www.sidwaya.info\/wp-content\/uploads\/2019\/05\/t%C3%A9l%C3%A9chargement-1-2.jpg?resize=400%2C226&#038;ssl=1\" srcset=\"https:\/\/i0.wp.com\/www.sidwaya.info\/wp-content\/uploads\/2019\/05\/t\u00e9l\u00e9chargement-1-2.jpg?w=400&#038;ssl=1 400w, https:\/\/i0.wp.com\/www.sidwaya.info\/wp-content\/uploads\/2019\/05\/t\u00e9l\u00e9chargement-1-2.jpg?resize=300%2C170&#038;ssl=1 300w\" sizes=\"auto, (max-width: 400px) 100vw, 400px\" alt=\"\" title=\"t\u00e9l\u00e9chargement (1)\"\/><\/a><\/div>\n<div class=\"td-a-rec td-a-rec-id-content_top td_uid_30_5ce9b72ad8a81_rand td_block_template_1\"><img loading=\"lazy\" decoding=\"async\" class=\"aligncenter size-full wp-image-4463\" src=\"https:\/\/www.sidwaya.info\/wp-content\/uploads\/2019\/02\/FESPACO-TOUR-2019-Bannie%CC%80re-728x90-1.jpg\" alt=\"\" width=\"728\" height=\"90\"\/><\/div>\n<p class=\"yiv0912670360ydpc19ef08eyiv8204125824MsoNormal\">Des agents des eaux et for\u00eats ont eu l\u2019outrecuidance de d\u00e9terrer des bornes qui ont \u00e9t\u00e9 install\u00e9es dans la for\u00eat de Kua pour d\u00e9terminer la superficie du futur centre hospitalier qui devrait voir le jour \u00e0 Sya dans les tous prochains mois.<\/p>\n<p class=\"yiv0912670360ydpc19ef08eyiv8204125824MsoNormal\">Le moins que l\u2019on puisse dire c\u2019est que\u00a0 le choix du site a nourri la pol\u00e9mique et\u00a0 a, naturellement, aliment\u00e9 les d\u00e9bats au Burkina entre partisans et opposants de l\u2019occupation de l\u2019espace \u00e0 des fins d\u2019utilit\u00e9 publique et sociale. Faut-il le rappeler, le projet est estim\u00e9 \u00e0 plus de 70 milliards de F CFA et sera financ\u00e9 la coop\u00e9ration chinoise.<\/p>\n<p class=\"yiv0912670360ydpc19ef08eyiv8204125824MsoNormal\">En fin de compte, le gouvernement a jet\u00e9 son d\u00e9volu sur cette partie et a ordonn\u00e9 la r\u00e9alisation de travaux d\u2019usage avant le d\u00e9marrage de construction de l\u2019\u00e9difice hospitalier. Des bornes ont \u00e9t\u00e9 pos\u00e9es et voil\u00e0 qu\u2019un groupe d\u2019agents des eaux et for\u00eats mal intentionn\u00e9s, outrepassant toute l\u00e9galit\u00e9, se sont permis de les d\u00e9terrer et de les pr\u00e9senter aux m\u00e9dias comme des troph\u00e9es de guerre.<\/p>\n<p class=\"yiv0912670360ydpc19ef08eyiv8204125824MsoNormal\">De la part d\u2019agents qui ont \u00e9t\u00e9 form\u00e9s \u00e0 la discipline militaire, un tel comportement est inacceptable, d\u00e9plorable. Il constitue un acte d\u2019insubordination et nous \u00e9loigne de la pr\u00e9occupation que devrait avoir tout Burkinab\u00e8 de consolider au jour le jour notre Etat de droit.<\/p>\n<p class=\"yiv0912670360ydpc19ef08eyiv8204125824MsoNormal\"><strong>Le Mouvement du Peuple pour le Progr\u00e8s (MPP)<\/strong>\u00a0d\u00e9sapprouve et condamne ces actes d\u2019indiscipline caract\u00e9ris\u00e9e pos\u00e9s par des paramilitaires dont le statut n\u2019autorise aucunement de tels \u00e9carts de conduite et interpelle le gouvernement pour une prise de sanction exemplaire.<\/p>\n<p class=\"yiv0912670360ydpc19ef08eyiv8204125824MsoNormal\"><strong>Le MPP<\/strong>\u00a0rappelle que l\u2019Etat de droit donne \u00e0 chacun, les voies de son action, et notamment, lorsque des citoyens ne sont pas d\u2019accord avec un acte administratif, celui peut \u00eatre contest\u00e9 par voie judiciaire. Des agents des eaux et for\u00eats ne sauraient s\u2019\u00e9riger en justiciers.<\/p>\n<p class=\"yiv0912670360ydpc19ef08eyiv8204125824MsoNormal\"><strong>Le MPP<\/strong>\u00a0invite les Burkinab\u00e8 au calme et \u00e0 la raison et \u00e0 ne pas surdimensionner les probl\u00e8mes.<\/p>\n<p class=\"yiv0912670360ydpc19ef08eyiv8204125824MsoNormal\">L\u2019occupation d\u2019une partie de la for\u00eat de Kua, ne devrait pas nous distraire des vrais enjeux du projet qui est l\u2019implantation d\u2019un centre hospitalier moderne et de qualit\u00e9 au service des Burkinab\u00e8 et particuli\u00e8rement au profit de ceux qui habitent Bobo-Dioulasso et ses environs.<\/p>\n<p class=\"yiv0912670360ydpc19ef08eyiv8204125824MsoNormal\">Ne nous trompons pas de combat. Embouchons tous ensemble celui du d\u00e9veloppement \u00e9conomique et social du Burkina Faso. C\u2019est le seul combat utile qui vaille pour les Burkinab\u00e8.<\/p>\n<p class=\"yiv0912670360ydpc19ef08eyiv8204125824MsoNormal\"><strong>Le Porte-parole du parti<\/strong><\/p>\n<div class=\"td-a-rec td-a-rec-id-content_bottom td_uid_31_5ce9b72ad8ced_rand td_block_template_1\"><img loading=\"lazy\" decoding=\"async\" class=\"alignright size-full wp-image-1724\" src=\"https:\/\/www.sidwaya.info\/wp-content\/uploads\/2018\/12\/sidwaya-pub.jpg\" alt=\"\" width=\"720\" height=\"90\"\/><\/div>\n<p>Auteur: BS. Sidwaya<br \/>\n<a href=\"https:\/\/www.sidwaya.info\/blog\/2019\/05\/25\/foret-de-kua-le-mpp-reprouve-la-conduite-des-agents-des-eaux-et-forets\/\">Cliquez ici pour lire l&rsquo;article depuis sa source.<\/a><\/p>\n","protected":false},"excerpt":{"rendered":"<p>Des agents des eaux et for\u00eats ont eu l\u2019outrecuidance de d\u00e9terrer des bornes qui ont \u00e9t\u00e9 install\u00e9es dans la for\u00eat de Kua pour d\u00e9terminer la superficie du futur centre hospitalier qui devrait voir le jour \u00e0 Sya dans les tous prochains mois. Le moins que l\u2019on puisse dire c\u2019est que\u00a0 le choix du site a [&hellip;]<\/p>\n","protected":false},"author":1816,"featured_media":0,"comment_status":"closed","ping_status":"closed","sticky":false,"template":"","format":"standard","meta":{"fifu_image_url":"","fifu_image_alt":"","footnotes":""},"categories":[73,81],"tags":[],"class_list":["post-36630","post","type-post","status-publish","format-standard","hentry","category-actualite","category-burkina-faso"],"_links":{"self":[{"href":"https:\/\/linitiative.ca\/International\/wp-json\/wp\/v2\/posts\/36630","targetHints":{"allow":["GET"]}}],"collection":[{"href":"https:\/\/linitiative.ca\/International\/wp-json\/wp\/v2\/posts"}],"about":[{"href":"https:\/\/linitiative.ca\/International\/wp-json\/wp\/v2\/types\/post"}],"author":[{"embeddable":true,"href":"https:\/\/linitiative.ca\/International\/wp-json\/wp\/v2\/users\/1816"}],"replies":[{"embeddable":true,"href":"https:\/\/linitiative.ca\/International\/wp-json\/wp\/v2\/comments?post=36630"}],"version-history":[{"count":0,"href":"https:\/\/linitiative.ca\/International\/wp-json\/wp\/v2\/posts\/36630\/revisions"}],"wp:attachment":[{"href":"https:\/\/linitiative.ca\/International\/wp-json\/wp\/v2\/media?parent=36630"}],"wp:term":[{"taxonomy":"category","embeddable":true,"href":"https:\/\/linitiative.ca\/International\/wp-json\/wp\/v2\/categories?post=36630"},{"taxonomy":"post_tag","embeddable":true,"href":"https:\/\/linitiative.ca\/International\/wp-json\/wp\/v2\/tags?post=36630"}],"curies":[{"name":"wp","href":"https:\/\/api.w.org\/{rel}","templated":true}]}}