{"id":36631,"date":"2019-05-25T12:15:23","date_gmt":"2019-05-25T16:15:23","guid":{"rendered":"https:\/\/linitiative.ca\/International\/relance-de-la-filiere-cotonniere-message-du-mcia-relatif-aux-mesures-prises-par-le-gouvernement\/"},"modified":"2019-05-25T12:15:23","modified_gmt":"2019-05-25T16:15:23","slug":"relance-de-la-filiere-cotonniere-message-du-mcia-relatif-aux-mesures-prises-par-le-gouvernement","status":"publish","type":"post","link":"https:\/\/linitiative.ca\/International\/relance-de-la-filiere-cotonniere-message-du-mcia-relatif-aux-mesures-prises-par-le-gouvernement\/","title":{"rendered":"Relance de la fili\u00e8re cotonni\u00e8re\u00a0: Message du MCIA relatif aux mesures prises par le Gouvernement"},"content":{"rendered":"<div class=\"td-post-featured-image\"><a href=\"https:\/\/i0.wp.com\/www.sidwaya.info\/wp-content\/uploads\/2019\/05\/t%C3%A9l%C3%A9chargement-2-1.jpg?fit=400%2C268&#038;ssl=1\" data-caption=\"\"><img loading=\"lazy\" decoding=\"async\" width=\"400\" height=\"268\" class=\"entry-thumb td-modal-image\" src=\"https:\/\/i0.wp.com\/www.sidwaya.info\/wp-content\/uploads\/2019\/05\/t%C3%A9l%C3%A9chargement-2-1.jpg?resize=400%2C268&#038;ssl=1\" srcset=\"https:\/\/i0.wp.com\/www.sidwaya.info\/wp-content\/uploads\/2019\/05\/t\u00e9l\u00e9chargement-2-1.jpg?w=400&#038;ssl=1 400w, https:\/\/i0.wp.com\/www.sidwaya.info\/wp-content\/uploads\/2019\/05\/t\u00e9l\u00e9chargement-2-1.jpg?resize=300%2C201&#038;ssl=1 300w\" sizes=\"auto, (max-width: 400px) 100vw, 400px\" alt=\"\" title=\"t\u00e9l\u00e9chargement (2)\"\/><\/a><\/div>\n<div class=\"td-a-rec td-a-rec-id-content_top td_uid_30_5ce9b72e20742_rand td_block_template_1\"><img loading=\"lazy\" decoding=\"async\" class=\"aligncenter size-full wp-image-4463\" src=\"https:\/\/www.sidwaya.info\/wp-content\/uploads\/2019\/02\/FESPACO-TOUR-2019-Bannie%CC%80re-728x90-1.jpg\" alt=\"\" width=\"728\" height=\"90\"\/><\/div>\n<p><strong>Message du ministre du commerce, de l\u2019industrie et de l\u2019artisanat, president du comit\u00e9 de haut niveau du suivi de la relance de la production cotonni\u00e8re du Burkina Faso, relatif aux mesures prises par le gouvernement.<\/strong><\/p>\n<p>Dans le cadre de la relance durable de la production cotonni\u00e8re, un Comit\u00e9 de Haut Niveau du suivi de la relance de la production cotonni\u00e8re du Burkina Faso a \u00e9t\u00e9 mis en place, suivant les instructions de Son Excellence Monsieur le Pr\u00e9sident du Faso.<\/p>\n<p>Ce Comit\u00e9 de Haut Niveau regroupe les repr\u00e9sentants de l\u2019Administration publique (Premier Minist\u00e8re, Minist\u00e8res respectivement en charge du Commerce, de l\u2019Agriculture, de l\u2019Environnement, de la Recherche, des Finances) et des acteurs de la fili\u00e8re cotonni\u00e8re (soci\u00e9t\u00e9s cotonni\u00e8res, producteurs, filateurs). Il est pr\u00e9sid\u00e9 par le Ministre en charge du Commerce. Les Ministres respectivement en charge de l\u2019Agriculture et des Finances assurent la vice-pr\u00e9sidence dudit Comit\u00e9.<\/p>\n<p>Dans le cadre de la mise en \u0153uvre de sa feuille de route, le Comit\u00e9 de Haut Niveau a travaill\u00e9 rigoureusement, afin <strong>d\u2019examiner la qualit\u00e9 des semences de coton destin\u00e9es \u00e0 la campagne agricole 2019\/2020<\/strong> <strong>et ainsi, rassurer les producteurs avant le d\u00e9but de ladite campagne.<\/strong><\/p>\n<p>Faisant suite aux travaux (analyses phytosanitaires, tests de germination et inspections sur les sites de stockage des semences des trois soci\u00e9t\u00e9s cotonni\u00e8res) r\u00e9alis\u00e9s par le Groupe d\u2019Experts mis en place par le Comit\u00e9 de Haut Niveau, afin d\u2019examiner la qualit\u00e9 des semences de coton destin\u00e9es \u00e0 la campagne agricole 2019\/2020, les principales conclusions et recommandations dudit Groupe d\u2019Expert adopt\u00e9es par le Comit\u00e9 de Haut Niveau, vous ont \u00e9t\u00e9 communiqu\u00e9es dans le message du 8 avril 2019, que je vous ai adress\u00e9 et que je rappelle\u00a0:<\/p>\n<ul>\n<li>pour la campagne agricole 2019\/2020 et les prochaines campagnes, toutes les semences de coton seront d\u00e9sormais trait\u00e9es par les soci\u00e9t\u00e9s cotonni\u00e8res, avant leur mise en place. Ce traitement syst\u00e9matique aura l\u2019avantage de prot\u00e9ger les semences et les plantules de cotonnier contre les pathog\u00e8nes (bact\u00e9ries et champignons), afin d\u2019am\u00e9liorer les densit\u00e9s et l\u2019\u00e9tat sanitaire des plants qui pourront ainsi, mieux exprimer leur potentiel de production au champ\u00a0;<\/li>\n<li>les soci\u00e9t\u00e9s cotonni\u00e8res, \u00e0 partir des tests de germination effectu\u00e9s, ne sont autoris\u00e9es \u00e0 mettre en place que les lots de semences dont les taux de germination sont sup\u00e9rieurs \u00e0 60%. Tous les lots inf\u00e9rieurs seront syst\u00e9matiquement d\u00e9class\u00e9s. Aussi les doses de semis seront propos\u00e9es en fonction des taux de germination\u00a0;<\/li>\n<li>il est exig\u00e9 des soci\u00e9t\u00e9s cotonni\u00e8res, en termes de mesures suppl\u00e9mentaires, l\u2019acquisition de fongicides sp\u00e9cifiques qui seront utilis\u00e9s en cas de besoin, par des applications au sol apr\u00e8s la lev\u00e9e, pour prot\u00e9ger davantage les plants de cotonnier\u00a0;<\/li>\n<li>mettre l\u2019accent de fa\u00e7on permanente, sur la sensibilisation et le renforcement des capacit\u00e9s des producteurs, \u00e0 travers des champs de d\u00e9monstration qui seront implant\u00e9s dans toutes les zones de production cotonni\u00e8re du pays.<\/li>\n<\/ul>\n<p>En plus de la mise en place des semences bien trait\u00e9es, des efforts doivent \u00eatre faits, de la part des producteurs, pour le respect des itin\u00e9raires techniques de production (dates de semis densit\u00e9s, doses de fertilisation et protection phytosanitaire).<\/p>\n<p>Par ailleurs, il est d\u00e9cid\u00e9 que les structures techniques comp\u00e9tentes de l\u2019Etat poursuivent leurs actions de pr\u00e9l\u00e8vements et d\u2019analyses des engrais command\u00e9s par les soci\u00e9t\u00e9s cotonni\u00e8res au profit des producteurs afin de certifier leur qualit\u00e9.<\/p>\n<p>Aussi, dans la perspective d\u2019un bon d\u00e9roulement de la campagne cotonni\u00e8re 2019\/2020 et de permettre une relance durable de la production cotonni\u00e8re du Burkina Faso, le Gouvernement a examin\u00e9 et adopt\u00e9 en Conseil des ministres du 3 avril 2019, un Rapport relatif au bilan de la campagne cotonni\u00e8re 2018\/2019 et les perspectives pour la prochaine campagne 2019\/2020.<\/p>\n<p>Faisant suite \u00e0 l\u2019adoption dudit rapport, les mesures et d\u00e9cisions suivantes ont \u00e9t\u00e9 prises\u00a0:<\/p>\n<ul>\n<li>la r\u00e9duction des prix de cession des intrants agricoles (engrais et insecticides), gr\u00e2ce \u00e0 <strong>une subvention de l\u2019Etat de l\u2019ordre de 13,621 milliards F CFA.<\/strong> Ces prix de cession des intrants de la campagne 2019\/2020 se pr\u00e9sentent comme suit\u00a0:<\/li>\n<li>14\u00a0000 F CFA le sac de 50 Kg de NPK-S-B (soit une baisse de 1\u00a0000 F CFA par rapport \u00e0 la campagne 2018\/2019)\u00a0;<\/li>\n<li>14\u00a0000 F CFA le sac de 50 kg d\u2019Ur\u00e9e (soit une baisse de 1\u00a0000 F CFA par rapport \u00e0 la campagne 2018\/2019)\u00a0;<\/li>\n<li>3\u00a0800 F CFA la dose d\u2019un traitement par hectare de l\u2019insecticide classique\u00a0(prix identique \u00e0 celui de la campagne \u00e9coul\u00e9e) ;<\/li>\n<li>7\u00a0800 F CFA la dose d\u2019un traitement par hectare de l\u2019insecticide de sp\u00e9cialit\u00e9.<\/li>\n<li>l\u2019augmentation du prix d\u2019achat plancher du coton graine \u00e0 <strong>265 F CFA\/kg<\/strong> de coton graine\u00a0, gr\u00e2ce \u00e0 <strong>soutien exceptionnel de l\u2019Etat de 5 F CFA\/kg de coton graine<\/strong> ;<\/li>\n<li>l\u2019appui de l\u2019Association Interprofessionnelle du Coton du Burkina (AICB) \u00e0 l\u2019apurement des impay\u00e9s internes de la campagne \u00e9coul\u00e9e 2018\/2019, \u00e0 raison de <strong>10 F CFA\/kg<\/strong> de coton graine produit, soit environ <strong>4,350 milliards de F CFA.<\/strong><\/li>\n<\/ul>\n<p>Ces mesures d\u2019accompagnement de l\u2019Etat et de l\u2019AICB ci-dessus cit\u00e9es, ont \u00e9t\u00e9 partag\u00e9es avec l\u2019ensemble des producteurs au cours des fora de sensibilisation organis\u00e9s dans les zones cotonni\u00e8res.<\/p>\n<p>Des conclusions des fora de sensibilisation des producteurs dans les trois zones cotonni\u00e8res, d\u2019une part et des fortes attentes exprim\u00e9es par les producteurs au cours de la tourn\u00e9e de sensibilisation entreprise par le Comit\u00e9 de haut niveau du 6 au 11 mai 2019, dans les zones cotonni\u00e8res notamment celle de la soci\u00e9t\u00e9 Faso Coton et de la Soci\u00e9t\u00e9 burkinab\u00e8 des fibres textiles (SOFITEX), d\u2019autre part, le Gouvernement a d\u00e9cid\u00e9 au Conseil des Ministres du 22 mai 2019, d\u2019accorder un accompagnement suppl\u00e9mentaire au producteurs au titre de la campagne 2019\/2020.<\/p>\n<p>Il s\u2019agit\u00a0de l\u2019octroi <strong>d\u2019une subvention de 11,331\u00a0milliards de FCFA, en vue de l\u2019apurement des impay\u00e9s internes des producteurs enregistr\u00e9s au titre des campagnes 2017\/2018 et 2018\/2019.<\/strong><\/p>\n<p><strong>\u00a0<\/strong>Par ailleurs, le Gouvernement a \u00e9galement act\u00e9 l\u2019apport par les soci\u00e9t\u00e9s cotonni\u00e8res d\u2019<strong>une subvention de 2,309 milliards de F CFA<\/strong>, pour r\u00e9duire \u00e0 nouveau, le prix de cession des insecticides de sp\u00e9cialit\u00e9. Ainsi, le nouveau prix de cession des insecticides de sp\u00e9cialit\u00e9 sera annonc\u00e9 \u00e0 <strong>7\u00a0000 F CFA la dose du traitement \u00e0 l\u2019hectare<\/strong>, <strong>soit une baisse de 800 F CFA par dose \u00e0 l\u2019hectare<\/strong>.<\/p>\n<p>L\u2019ensemble de ces mesures prises par le Gouvernement, l\u2019AICB et les soci\u00e9t\u00e9s cotonni\u00e8res, t\u00e9moigne de la volont\u00e9 de tous \u00e0 cr\u00e9er les conditions favorables pour une bonne production cotonni\u00e8re et une am\u00e9lioration des revenus et condition de vie des braves producteurs.<\/p>\n<p>Ainsi, j\u2019exhorte tous les acteurs (producteurs et soci\u00e9t\u00e9s cotonni\u00e8res) \u00e0 travailler de fa\u00e7on professionnelle dans la coh\u00e9sion, le respect mutuel pour r\u00e9ussir ce d\u00e9fi de la relance durable de la production cotonni\u00e8re de notre pays.<\/p>\n<p>Je tiens \u00e0 rassurer que le comit\u00e9 de Haut Niveau, \u00e0 travers sa feuille de route, veillera \u00e0 la mise en \u0153uvre effective de l\u2019ensemble de ces mesures ci-dessus cit\u00e9es et accompagnera les acteurs pour un bon d\u00e9roulement de la campagne 2019\/2020.<\/p>\n<p>Je souhaite \u00e0 tous les acteurs de la fili\u00e8re cotonni\u00e8re du Burkina Faso, une tr\u00e8s bonne saison hivernale bien r\u00e9partie dans le temps et l\u2019espace, et une bonne campagne cotonni\u00e8re 2019\/2020.<\/p>\n<p><strong><u>Harouna KABORE<\/u><\/strong><\/p>\n<p><em>\u00a0\u00a0\u00a0\u00a0\u00a0\u00a0 \u00a0\u00a0\u00a0\u00a0\u00a0Officier de l\u2019Ordre de l\u2019Etalon<\/em><\/p>\n<div class=\"td-a-rec td-a-rec-id-content_bottom td_uid_31_5ce9b72e208de_rand td_block_template_1\"><img loading=\"lazy\" decoding=\"async\" class=\"alignright size-full wp-image-1724\" src=\"https:\/\/www.sidwaya.info\/wp-content\/uploads\/2018\/12\/sidwaya-pub.jpg\" alt=\"\" width=\"720\" height=\"90\"\/><\/div>\n<p>Auteur: BS. Sidwaya<br \/>\n<a href=\"https:\/\/www.sidwaya.info\/blog\/2019\/05\/25\/relance-de-la-filiere-cotonniere-message-du-mcia-relatif-aux-mesures-prises-par-le-gouvernement\/\">Cliquez ici pour lire l&rsquo;article depuis sa source.<\/a><\/p>\n","protected":false},"excerpt":{"rendered":"<p>Message du ministre du commerce, de l\u2019industrie et de l\u2019artisanat, president du comit\u00e9 de haut niveau du suivi de la relance de la production cotonni\u00e8re du Burkina Faso, relatif aux mesures prises par le gouvernement. Dans le cadre de la relance durable de la production cotonni\u00e8re, un Comit\u00e9 de Haut Niveau du suivi de la [&hellip;]<\/p>\n","protected":false},"author":1816,"featured_media":0,"comment_status":"closed","ping_status":"closed","sticky":false,"template":"","format":"standard","meta":{"fifu_image_url":"","fifu_image_alt":"","footnotes":""},"categories":[73,81],"tags":[],"class_list":["post-36631","post","type-post","status-publish","format-standard","hentry","category-actualite","category-burkina-faso"],"_links":{"self":[{"href":"https:\/\/linitiative.ca\/International\/wp-json\/wp\/v2\/posts\/36631","targetHints":{"allow":["GET"]}}],"collection":[{"href":"https:\/\/linitiative.ca\/International\/wp-json\/wp\/v2\/posts"}],"about":[{"href":"https:\/\/linitiative.ca\/International\/wp-json\/wp\/v2\/types\/post"}],"author":[{"embeddable":true,"href":"https:\/\/linitiative.ca\/International\/wp-json\/wp\/v2\/users\/1816"}],"replies":[{"embeddable":true,"href":"https:\/\/linitiative.ca\/International\/wp-json\/wp\/v2\/comments?post=36631"}],"version-history":[{"count":0,"href":"https:\/\/linitiative.ca\/International\/wp-json\/wp\/v2\/posts\/36631\/revisions"}],"wp:attachment":[{"href":"https:\/\/linitiative.ca\/International\/wp-json\/wp\/v2\/media?parent=36631"}],"wp:term":[{"taxonomy":"category","embeddable":true,"href":"https:\/\/linitiative.ca\/International\/wp-json\/wp\/v2\/categories?post=36631"},{"taxonomy":"post_tag","embeddable":true,"href":"https:\/\/linitiative.ca\/International\/wp-json\/wp\/v2\/tags?post=36631"}],"curies":[{"name":"wp","href":"https:\/\/api.w.org\/{rel}","templated":true}]}}