{"id":36632,"date":"2019-05-25T12:50:02","date_gmt":"2019-05-25T16:50:02","guid":{"rendered":"https:\/\/linitiative.ca\/International\/attaque-de-lyon-le-film-des-evenements\/"},"modified":"2019-05-25T12:50:02","modified_gmt":"2019-05-25T16:50:02","slug":"attaque-de-lyon-le-film-des-evenements","status":"publish","type":"post","link":"https:\/\/linitiative.ca\/International\/attaque-de-lyon-le-film-des-evenements\/","title":{"rendered":"Attaque de Lyon: le film des \u00e9v\u00e9nements"},"content":{"rendered":"<div readability=\"32\">\n<p>Publi\u00e9 le 25.05.2019 \u00e0 17h50 par AFP<\/p>\n<\/div>\n<div readability=\"156\">\n<p>Une explosion a secou\u00e9 vendredi soir le coeur de Lyon, une attaque au colis pi\u00e9g\u00e9 qui a fait 13 bless\u00e9s l\u00e9gers dont l\u2019auteur, aux motivations inconnues, \u00e9tait toujours recherch\u00e9 samedi par les autorit\u00e9s. Voici le film des \u00e9v\u00e9nements.<\/p>\n<p>\u2013 Le parcours du suspect \u2013<\/p>\n<p>Le procureur de la R\u00e9publique de Paris, R\u00e9my Heitz, en charge de l\u2019enqu\u00eate, est revenu samedi sur les instants qui ont pr\u00e9c\u00e9d\u00e9 l\u2019explosion, retrac\u00e9s gr\u00e2ce aux cam\u00e9ras de vid\u00e9osurveillance.<\/p>\n<p>A 17H20, le suspect emprunte le trottoir sur les quais de la Guilloti\u00e8re en direction de la place Bellecour.<\/p>\n<p>A 17H22, il passe entre des barri\u00e8res, place Antonin-Poncet.<\/p>\n<p>A 17H25, il progresse, cette fois \u00e0 pied, et arrive rue Victor-Hugo, poussant sa bicyclette \u00e0 deux mains.<\/p>\n<p>A 17H26, il arrive devant le magasin la Brioche Dor\u00e9e et d\u00e9pose son v\u00e9lo contre l\u2019un des blocs de b\u00e9ton dispos\u00e9s au milieu de la rue.<\/p>\n<p>A 17h27, il repart sur son v\u00e9lo et se dirige vers la place Bellecour, abandonnant le sac en papier kraft qu\u2019il avait d\u00e9pos\u00e9 sur le bloc de b\u00e9ton.<\/p>\n<p>Les vid\u00e9os montrent que le suspect emprunte le m\u00eame itin\u00e9raire.<\/p>\n<p>A 17h28 et 39 secondes, l\u2019explosion survient, entra\u00eenant le bris de la vitrine r\u00e9frig\u00e9r\u00e9e de la boulangerie.<\/p>\n<p>\u2013 Treize victimes, les Lyonnais choqu\u00e9s \u2013<\/p>\n<p>Apr\u00e8s un premier bilan \u00e9voquant \u00ab\u00a0au moins six bless\u00e9s\u00a0\u00bb, ce sont finalement treize bless\u00e9s l\u00e9gers qui sont d\u00e9nombr\u00e9s. Onze ont \u00e9t\u00e9 admis dans trois h\u00f4pitaux. Certains ont d\u00fb \u00eatre op\u00e9r\u00e9s afin d\u2019extraire des \u00e9clats.<\/p>\n<p>Dans la rue, les Lyonnais sont sous le choc. \u00ab\u00a0Lyon, \u00e7a a toujours \u00e9t\u00e9 calme\u00a0\u00bb, lan\u00e7ait Laurence Delobel, une restauratrice.<\/p>\n<p>\u2013 Le d\u00e9but de l\u2019enqu\u00eate \u2013<\/p>\n<p>La section antiterroriste du parquet de Paris annonce en d\u00e9but de soir\u00e9e se saisir de l\u2019enqu\u00eate. Peu apr\u00e8s, le ministre de l\u2019Int\u00e9rieur Christophe Castaner annonce le renforcement de \u00ab\u00a0la s\u00e9curit\u00e9 des sites accueillant du public et des \u00e9v\u00e9nements sportifs, culturels et cultuels\u00a0\u00bb.<\/p>\n<p>M. Castaner et le procureur de Paris se rendent bri\u00e8vement sur les lieux dans la soir\u00e9e, puis la police lance un appel \u00e0 t\u00e9moins, diffusant la photographie du suspect capt\u00e9 par une cam\u00e9ra de vid\u00e9osurveillance municipale.<\/p>\n<p>\u2013 Prudence du gouvernement \u2013<\/p>\n<p>Apr\u00e8s avoir d\u2019abord qualifi\u00e9 l\u2019explosion d&rsquo;\u00a0\u00bbattaque\u00a0\u00bb lors d\u2019une interview, Emmanuel Macron tweete dans la soir\u00e9e: \u00ab\u00a0Ce soir je pense aux bless\u00e9s de l\u2019explosion de Lyon, \u00e0 leurs familles touch\u00e9es par la violence\u00a0\u00bb.<\/p>\n<p>A seulement quelques heures de la cl\u00f4ture de la campagne pour les \u00e9lections europ\u00e9ennes, le Premier ministre Edouard Philippe annule sa participation au dernier meeting de campagne de la liste de la majorit\u00e9 \u00e0 Paris.<\/p>\n<p>De son c\u00f4t\u00e9, la garde des Sceaux Nicole Belloubet souligne vendredi soir qu\u2019il est \u00ab\u00a0trop t\u00f4t\u00a0\u00bb pour \u00e9voquer \u00ab\u00a0un acte terroriste\u00a0\u00bb.<\/p>\n<p>\u2013 Le jour d\u2019apr\u00e8s \u2013<\/p>\n<p>Le maire de Lyon et ancien ministre de l\u2019Int\u00e9rieur G\u00e9rard Collomb, de retour samedi matin d\u2019un voyage au Japon, fait part de sa \u00ab\u00a0profonde \u00e9motion\u00a0\u00bb et de sa \u00ab\u00a0surprise\u00a0\u00bb. Mais \u00ab\u00a0\u00e7a aurait pu \u00eatre pire\u00a0\u00bb, dit-il aussi, soulag\u00e9.<\/p>\n<p>De son c\u00f4t\u00e9, R\u00e9my Heitz, annonce samedi midi que pour l\u2019instant, \u00ab\u00a0cet acte n\u2019a donn\u00e9 lieu \u00e0 aucune revendication\u00a0\u00bb.<\/p>\n<p>Le suspect est toujours activement recherch\u00e9. \u00ab\u00a0Tous les moyens\u00a0\u00bb ont \u00e9t\u00e9 d\u00e9ploy\u00e9s pour l&rsquo;\u00a0\u00bbinterpeller rapidement\u00a0\u00bb , pr\u00e9cise le procureur de Paris ajoutant que \u00ab\u00a0de nouvelles photographies de l\u2019individu\u00a0\u00bb vont \u00ab\u00a0\u00eatre tr\u00e8s prochainement diffus\u00e9es\u00a0\u00bb.<\/p>\n<p>A l\u2019Elys\u00e9e, M. Macron re\u00e7oit le le ministre de l\u2019Int\u00e9rieur pour \u00ab\u00a0un point g\u00e9n\u00e9ral de situation\u00a0\u00bb sur les questions de \u00ab\u00a0s\u00e9curit\u00e9 int\u00e9rieure\u00a0\u00bb.<\/p>\n<p>Samedi apr\u00e8s-midi, des sources proches du dossier indiquent qu\u2019un ADN non encore identifi\u00e9 a \u00e9t\u00e9 isol\u00e9 sur le colis pi\u00e9g\u00e9, et que l\u2019explosif utilis\u00e9 pourrait \u00eatre du TATP, un explosif artisanal tr\u00e8s instable.<\/p>\n<\/div>\n<p>Auteur: AFP<br \/>\n<a href=\"https:\/\/www.journalducameroun.com\/attaque-de-lyon-le-film-des-evenements\/\">Cliquez ici pour lire l&rsquo;article depuis sa source.<\/a><\/p>\n","protected":false},"excerpt":{"rendered":"<p>Publi\u00e9 le 25.05.2019 \u00e0 17h50 par AFP Une explosion a secou\u00e9 vendredi soir le coeur de Lyon, une attaque au colis pi\u00e9g\u00e9 qui a fait 13 bless\u00e9s l\u00e9gers dont l\u2019auteur, aux motivations inconnues, \u00e9tait toujours recherch\u00e9 samedi par les autorit\u00e9s. Voici le film des \u00e9v\u00e9nements. \u2013 Le parcours du suspect \u2013 Le procureur de la [&hellip;]<\/p>\n","protected":false},"author":1965,"featured_media":0,"comment_status":"closed","ping_status":"closed","sticky":false,"template":"","format":"standard","meta":{"fifu_image_url":"","fifu_image_alt":"","footnotes":""},"categories":[73,82],"tags":[],"class_list":["post-36632","post","type-post","status-publish","format-standard","hentry","category-actualite","category-cameroun"],"_links":{"self":[{"href":"https:\/\/linitiative.ca\/International\/wp-json\/wp\/v2\/posts\/36632","targetHints":{"allow":["GET"]}}],"collection":[{"href":"https:\/\/linitiative.ca\/International\/wp-json\/wp\/v2\/posts"}],"about":[{"href":"https:\/\/linitiative.ca\/International\/wp-json\/wp\/v2\/types\/post"}],"author":[{"embeddable":true,"href":"https:\/\/linitiative.ca\/International\/wp-json\/wp\/v2\/users\/1965"}],"replies":[{"embeddable":true,"href":"https:\/\/linitiative.ca\/International\/wp-json\/wp\/v2\/comments?post=36632"}],"version-history":[{"count":0,"href":"https:\/\/linitiative.ca\/International\/wp-json\/wp\/v2\/posts\/36632\/revisions"}],"wp:attachment":[{"href":"https:\/\/linitiative.ca\/International\/wp-json\/wp\/v2\/media?parent=36632"}],"wp:term":[{"taxonomy":"category","embeddable":true,"href":"https:\/\/linitiative.ca\/International\/wp-json\/wp\/v2\/categories?post=36632"},{"taxonomy":"post_tag","embeddable":true,"href":"https:\/\/linitiative.ca\/International\/wp-json\/wp\/v2\/tags?post=36632"}],"curies":[{"name":"wp","href":"https:\/\/api.w.org\/{rel}","templated":true}]}}