{"id":36633,"date":"2019-05-25T13:18:03","date_gmt":"2019-05-25T17:18:03","guid":{"rendered":"https:\/\/linitiative.ca\/International\/legypte-lance-une-initiative-africaine-contre-le-virus-de-lhepatite-c\/"},"modified":"2019-05-25T13:18:03","modified_gmt":"2019-05-25T17:18:03","slug":"legypte-lance-une-initiative-africaine-contre-le-virus-de-lhepatite-c","status":"publish","type":"post","link":"https:\/\/linitiative.ca\/International\/legypte-lance-une-initiative-africaine-contre-le-virus-de-lhepatite-c\/","title":{"rendered":"L\u2019Egypte lance une initiative africaine contre le virus de l\u2019h\u00e9patite C"},"content":{"rendered":"<div readability=\"32\">\n<p>Publi\u00e9 le 25.05.2019 \u00e0 18h18 par APA News<\/p>\n<\/div>\n<div readability=\"67\">\n<p>Le Pr\u00e9sident \u00e9gyptien, Abdel Fattah Al Sisi a lanc\u00e9 une initiative visant pour l\u2019\u00e9radication de l\u2019h\u00e9patite C pour un million d\u2019Africains, ainsi que le lancement d\u2019une nouvelle phase de la campagne \u00ab 100 millions de personnes en sant\u00e9 \u00bb pour fournir des soins de sant\u00e9 aux ressortissants \u00e9trangers r\u00e9sidant en \u00c9gypte.Par Mohamed Fayed<\/p>\n<p>Cette initiative \u00e9mane de la conviction de l\u2019\u00c9gypte que la sant\u00e9 et la vitalit\u00e9 du peuple africain sont la cl\u00e9 du progr\u00e8s et de la prosp\u00e9rit\u00e9, et de l\u2019importance des programmes de d\u00e9veloppement inscrits dans l\u2019Agenda 2063 de l\u2019Union africaine pour \u00ab une Afrique prosp\u00e8re, bas\u00e9e sur une croissance inclusive et un d\u00e9veloppement durable \u00bb.<\/p>\n<p>A cet \u00e9gard, le gouvernement \u00e9gyptien compte \u00a0fournir une assistance technique au personnel m\u00e9dical de divers pays africains dans les domaines de d\u00e9pistage et du diagnostic des citoyens.<\/p>\n<p>Aussi et dans le cadre des efforts tendant \u00e0 partager les exp\u00e9riences et les bonnes pratiques, l\u2019Agence \u00e9gyptienne de partenariat pour le d\u00e9veloppement contribue au transfert et au partage de diverses exp\u00e9riences \u00e9gyptiennes avec des cadres africains dans nombre de domaines tels que la sant\u00e9, l\u2019agriculture, l\u2019irrigation, les \u00e9nergies renouvelables, et ce \u00e0 travers le renforcement des capacit\u00e9s et l\u2019envoi d\u2019experts.<\/p>\n<p>Depuis sa cr\u00e9ation en 2014, l\u2019Agence a organis\u00e9 pr\u00e8s de 305 sessions de formation ayant profit\u00e9 \u00e0 plus de 10 000 stagiaires, et envoy\u00e9 70 experts \u00e9gyptiens dans divers domaines.<\/p>\n<p>L\u2019Agence cherche \u00e0 cr\u00e9er un cadre de partenariat avec les institutions de d\u00e9veloppement r\u00e9gionales et internationales comp\u00e9tentes afin de contribuer \u00e0 la r\u00e9alisation des objectifs du d\u00e9veloppement de l\u2019Afrique.<\/p>\n<\/div>\n<p>Auteur: APA News<br \/>\n<a href=\"https:\/\/www.journalducameroun.com\/legypte-lance-une-initiative-africaine-contre-le-virus-de-lhepatite-c\/\">Cliquez ici pour lire l&rsquo;article depuis sa source.<\/a><\/p>\n","protected":false},"excerpt":{"rendered":"<p>Publi\u00e9 le 25.05.2019 \u00e0 18h18 par APA News Le Pr\u00e9sident \u00e9gyptien, Abdel Fattah Al Sisi a lanc\u00e9 une initiative visant pour l\u2019\u00e9radication de l\u2019h\u00e9patite C pour un million d\u2019Africains, ainsi que le lancement d\u2019une nouvelle phase de la campagne \u00ab 100 millions de personnes en sant\u00e9 \u00bb pour fournir des soins de sant\u00e9 aux ressortissants [&hellip;]<\/p>\n","protected":false},"author":1965,"featured_media":0,"comment_status":"closed","ping_status":"closed","sticky":false,"template":"","format":"standard","meta":{"fifu_image_url":"","fifu_image_alt":"","footnotes":""},"categories":[73,82],"tags":[],"class_list":["post-36633","post","type-post","status-publish","format-standard","hentry","category-actualite","category-cameroun"],"_links":{"self":[{"href":"https:\/\/linitiative.ca\/International\/wp-json\/wp\/v2\/posts\/36633","targetHints":{"allow":["GET"]}}],"collection":[{"href":"https:\/\/linitiative.ca\/International\/wp-json\/wp\/v2\/posts"}],"about":[{"href":"https:\/\/linitiative.ca\/International\/wp-json\/wp\/v2\/types\/post"}],"author":[{"embeddable":true,"href":"https:\/\/linitiative.ca\/International\/wp-json\/wp\/v2\/users\/1965"}],"replies":[{"embeddable":true,"href":"https:\/\/linitiative.ca\/International\/wp-json\/wp\/v2\/comments?post=36633"}],"version-history":[{"count":0,"href":"https:\/\/linitiative.ca\/International\/wp-json\/wp\/v2\/posts\/36633\/revisions"}],"wp:attachment":[{"href":"https:\/\/linitiative.ca\/International\/wp-json\/wp\/v2\/media?parent=36633"}],"wp:term":[{"taxonomy":"category","embeddable":true,"href":"https:\/\/linitiative.ca\/International\/wp-json\/wp\/v2\/categories?post=36633"},{"taxonomy":"post_tag","embeddable":true,"href":"https:\/\/linitiative.ca\/International\/wp-json\/wp\/v2\/tags?post=36633"}],"curies":[{"name":"wp","href":"https:\/\/api.w.org\/{rel}","templated":true}]}}