{"id":36634,"date":"2019-05-25T15:50:01","date_gmt":"2019-05-25T19:50:01","guid":{"rendered":"https:\/\/linitiative.ca\/International\/palmares-du-72e-festival-de-cannes\/"},"modified":"2019-05-25T15:50:01","modified_gmt":"2019-05-25T19:50:01","slug":"palmares-du-72e-festival-de-cannes","status":"publish","type":"post","link":"https:\/\/linitiative.ca\/International\/palmares-du-72e-festival-de-cannes\/","title":{"rendered":"Palmar\u00e8s du 72e Festival de Cannes"},"content":{"rendered":"<div readability=\"32\">\n<p>Publi\u00e9 le 25.05.2019 \u00e0 20h50 par AFP<\/p>\n<\/div>\n<div readability=\"59\">\n<p>Palmar\u00e8s du 72e Festival de Cannes d\u00e9voil\u00e9 ce samedi soir:<\/p>\n<p>\u2013 Palme d\u2019or: \u00ab\u00a0Parasite\u00a0\u00bb du Sud-Cor\u00e9en Bong Joon-ho<\/p>\n<p>\u2013 Grand Prix: \u00ab\u00a0Atlantique\u00a0\u00bb de la Franco-S\u00e9n\u00e9galaise Mati Diop<\/p>\n<p>\u2013 Prix du jury: \u00ab\u00a0Les mis\u00e9rables\u00a0\u00bb du Fran\u00e7ais Ladj Ly et \u00ab\u00a0Bacurau\u00a0\u00bb des Br\u00e9siliens Kleber Mendon\u00e7a Filho et Juliano Dornelles<\/p>\n<p>\u2013 Prix de la mise en sc\u00e8ne: les Belges Luc et Jean-Pierre Dardenne pour \u00ab\u00a0Le jeune Ahmed\u00a0\u00bb<\/p>\n<p>\u2013 Prix d\u2019interpr\u00e9tation masculine: l\u2019Espagnol Antonio Banderas pour \u00ab\u00a0Douleur et gloire\u00a0\u00bb de Pedro Almodovar<\/p>\n<p>\u2013 Prix d\u2019interpr\u00e9tation f\u00e9minine: l\u2019Anglo-Am\u00e9ricaine Emily Beecham pour \u00ab\u00a0Little Joe\u00a0\u00bb de Jessica Hausner<\/p>\n<p>\u2013 Prix du sc\u00e9nario: \u00ab\u00a0Portrait de la jeune fille en feu\u00a0\u00bb de la Fran\u00e7aise C\u00e9line Sciamma<\/p>\n<p>\u2013 Mention sp\u00e9ciale du jury: \u00ab\u00a0It must be heaven\u00a0\u00bb du Palestinien Elia Suleiman<\/p>\n<p>\u2013 Camera d\u2019or: \u00ab\u00a0Nuestras madres\u00a0\u00bb du Guat\u00e9malt\u00e8que C\u00e9sar Diaz<\/p>\n<p>\u2013 Palme d\u2019or du court m\u00e9trage: \u00ab\u00a0La distance entre le ciel et nous\u00a0\u00bb du Grec Vasilis Kekatos<\/p>\n<p>\u2013 Mention sp\u00e9ciale du court m\u00e9trage: \u00ab\u00a0Monstruos Dios\u00a0\u00bb de l\u2019Argentine Agustina San Martin<\/p>\n<\/div>\n<p>Auteur: AFP<br \/>\n<a href=\"https:\/\/www.journalducameroun.com\/palmares-du-72e-festival-de-cannes\/\">Cliquez ici pour lire l&rsquo;article depuis sa source.<\/a><\/p>\n","protected":false},"excerpt":{"rendered":"<p>Publi\u00e9 le 25.05.2019 \u00e0 20h50 par AFP Palmar\u00e8s du 72e Festival de Cannes d\u00e9voil\u00e9 ce samedi soir: \u2013 Palme d\u2019or: \u00ab\u00a0Parasite\u00a0\u00bb du Sud-Cor\u00e9en Bong Joon-ho \u2013 Grand Prix: \u00ab\u00a0Atlantique\u00a0\u00bb de la Franco-S\u00e9n\u00e9galaise Mati Diop \u2013 Prix du jury: \u00ab\u00a0Les mis\u00e9rables\u00a0\u00bb du Fran\u00e7ais Ladj Ly et \u00ab\u00a0Bacurau\u00a0\u00bb des Br\u00e9siliens Kleber Mendon\u00e7a Filho et Juliano Dornelles \u2013 [&hellip;]<\/p>\n","protected":false},"author":1965,"featured_media":0,"comment_status":"closed","ping_status":"closed","sticky":false,"template":"","format":"standard","meta":{"fifu_image_url":"","fifu_image_alt":"","footnotes":""},"categories":[73,82],"tags":[],"class_list":["post-36634","post","type-post","status-publish","format-standard","hentry","category-actualite","category-cameroun"],"_links":{"self":[{"href":"https:\/\/linitiative.ca\/International\/wp-json\/wp\/v2\/posts\/36634","targetHints":{"allow":["GET"]}}],"collection":[{"href":"https:\/\/linitiative.ca\/International\/wp-json\/wp\/v2\/posts"}],"about":[{"href":"https:\/\/linitiative.ca\/International\/wp-json\/wp\/v2\/types\/post"}],"author":[{"embeddable":true,"href":"https:\/\/linitiative.ca\/International\/wp-json\/wp\/v2\/users\/1965"}],"replies":[{"embeddable":true,"href":"https:\/\/linitiative.ca\/International\/wp-json\/wp\/v2\/comments?post=36634"}],"version-history":[{"count":0,"href":"https:\/\/linitiative.ca\/International\/wp-json\/wp\/v2\/posts\/36634\/revisions"}],"wp:attachment":[{"href":"https:\/\/linitiative.ca\/International\/wp-json\/wp\/v2\/media?parent=36634"}],"wp:term":[{"taxonomy":"category","embeddable":true,"href":"https:\/\/linitiative.ca\/International\/wp-json\/wp\/v2\/categories?post=36634"},{"taxonomy":"post_tag","embeddable":true,"href":"https:\/\/linitiative.ca\/International\/wp-json\/wp\/v2\/tags?post=36634"}],"curies":[{"name":"wp","href":"https:\/\/api.w.org\/{rel}","templated":true}]}}