{"id":36637,"date":"2019-05-25T15:50:10","date_gmt":"2019-05-25T19:50:10","guid":{"rendered":"https:\/\/linitiative.ca\/International\/banderas-dalmodovar-a-almodovar-en-passant-par-hollywood\/"},"modified":"2019-05-25T15:50:10","modified_gmt":"2019-05-25T19:50:10","slug":"banderas-dalmodovar-a-almodovar-en-passant-par-hollywood","status":"publish","type":"post","link":"https:\/\/linitiative.ca\/International\/banderas-dalmodovar-a-almodovar-en-passant-par-hollywood\/","title":{"rendered":"Banderas, d\u2019Almodovar \u00e0 Almodovar en passant par Hollywood"},"content":{"rendered":"<div readability=\"32\">\n<p>Publi\u00e9 le 25.05.2019 \u00e0 20h50 par AFP<\/p>\n<\/div>\n<div readability=\"149\">\n<p>Il a incarn\u00e9 Zorro et Picasso, jou\u00e9 les vampires comme les latin lovers: l\u2019Espagnol Antonio Banderas est aussi et surtout le plus fid\u00e8le acteur de Pedro Almodovar, qui le lan\u00e7a au cin\u00e9ma en 1982.<\/p>\n<p>A 58 ans, Banderas vient de remporter le prix d\u2019interpr\u00e9tation masculine pour son huiti\u00e8me film dirig\u00e9 par l\u2019Espagnol, \u00ab\u00a0Douleur et Gloire\u00a0\u00bb, le plus personnel jamais fait par le cin\u00e9aste.<\/p>\n<p>Cette fois, il s\u2019est gliss\u00e9 dans les polos color\u00e9s et les v\u00e9ritables chaussons du cin\u00e9aste, a \u00e9volu\u00e9 parmi les meubles et les oeuvres d\u2019art de son appartement madril\u00e8ne, pour incarner son double: un r\u00e9alisateur angoiss\u00e9 et endolori que l\u2019acteur interpr\u00e8te avec une nouvelle sobri\u00e9t\u00e9.<\/p>\n<p>Almodovar vante cette interpr\u00e9tation de Banderas comme \u00ab\u00a0la meilleure de sa vie\u00a0\u00bb.<\/p>\n<p>\u00ab\u00a0Ce n\u2019est pas le Banderas passionn\u00e9, plein de brio et de bravoure si caract\u00e9ristiques. C\u2019est tout le contraire: une tonalit\u00e9 de jeu avec de petits gestes, minimalistes\u00a0\u00bb, a-t-il dit \u00e0 Cannes.<\/p>\n<p>L\u2019acteur est aujourd\u2019hui \u00ab\u00a0dans la maturit\u00e9, il est pass\u00e9 trois fois au bloc\u00a0\u00bb pour des op\u00e9rations du coeur, apr\u00e8s un infarctus en 2017 soulignait encore le cin\u00e9aste: \u00ab\u00a0Je voyais sur son visage l\u2019exp\u00e9rience de celui qui sait qu\u2019il pourrait \u00eatre mort\u00a0\u00bb.<\/p>\n<p>Almodovar, \u00ab\u00a0je l\u2019aime parce qu\u2019il m\u2019a fait r\u00e9fl\u00e9chir sur \u00e9norm\u00e9ment de choses toute ma vie\u00a0\u00bb, a dit Banderas.<\/p>\n<p>Il s\u2019est souvenu que le r\u00e9alisateur lui avait fait incarner un homosexuel meurtrier dans \u00ab\u00a0La loi du d\u00e9sir\u00a0\u00bb, d\u00e8s 1987, quand \u00ab\u00a0le crime \u00e9tait moralement accept\u00e9 dans le monde du cin\u00e9ma\u00a0\u00bb mais le fait \u00ab\u00a0que deux personnes du m\u00eame sexe s\u2019embrassent \u00e9tait frapp\u00e9 d\u2019anath\u00e8me\u00a0\u00bb.<\/p>\n<p>\u2013 Andalousie natale \u2013<\/p>\n<p>Un jour d\u2019\u00e9t\u00e9 de 1980, un Andalou prenait un train en laissant derri\u00e8re lui sa m\u00e8re enseignante, son p\u00e8re policier et sa ville de Malaga (sud): \u00e0 presque 20 ans, Jos\u00e9 Antonio Dominguez Bandera (sans s) montait \u00e0 Madrid avec l\u2019envie de \u00ab\u00a0s\u2019inventer\u00a0\u00bb, a-t-il souvent racont\u00e9.<\/p>\n<p>L\u2019ann\u00e9e suivante, devenu acteur au Th\u00e9\u00e2tre national de Madrid, il \u00e9tait attabl\u00e9 au c\u00e9l\u00e8bre caf\u00e9 Gijon quand un homme lui dit: \u00ab\u00a0Tu as un visage tr\u00e8s romantique, tu devrais faire du cin\u00e9ma\u00a0\u00bb.<\/p>\n<p>C\u2019\u00e9tait Almodovar qui allait l\u2019enr\u00f4ler dans son \u00ab\u00a0Labyrinthe des passions\u00a0\u00bb (1982) d\u00e9jant\u00e9, l\u2019Espagne vivant alors sa transition de la dictature \u00e0 la d\u00e9mocratie et une lib\u00e9ration des moeurs effr\u00e9n\u00e9e.<\/p>\n<p>Banderas pr\u00e9sente Almodovar comme \u00ab\u00a0un g\u00e9nie\u00a0\u00bb extr\u00eamement exigeant, qui sut voir clair en lui.<\/p>\n<p>Sous sa direction, il fut l\u2019apprenti torero frustr\u00e9 de \u00ab\u00a0Matador\u00a0\u00bb (1988), le marginal s\u00e9questrant une actrice porno (Victoria Abril) d&rsquo;\u00a0\u00bbAttache-moi !\u00a0\u00bb (1990) ou le chirurgien psychopathe de \u00ab\u00a0La piel que habito\u00a0\u00bb (2011).<\/p>\n<p>Dans les ann\u00e9es 90, cependant, le bel Espagnol au regard de braise partit \u00e0 l\u2019aventure aux Etats-Unis sans m\u00eame parler l\u2019anglais.<\/p>\n<p>Le film \u00ab\u00a0Les Mambo Kings\u00a0\u00bb (1992) allait le r\u00e9v\u00e9ler outre-Atlantique dans un r\u00f4le de musicien cubain exil\u00e9 \u00e0 New York.<\/p>\n<p>Il encha\u00eena les projets hollywoodiens et les films d\u2019action \u2013 au c\u00f4t\u00e9 de Tom Cruise dans \u00ab\u00a0Entretien avec un vampire\u00a0\u00bb (1994) ou en cavalier qui surgit de la nuit dans \u00ab\u00a0Le masque de Zorro\u00a0\u00bb (1998) \u2013 jusqu\u2019\u00e0 m\u00e9riter son \u00e9toile sur le \u00ab\u00a0Walk of Fame\u00a0\u00bb de Los Angeles.<\/p>\n<p>\u2013 Son th\u00e9\u00e2tre bient\u00f4t inaugur\u00e9 \u2013<\/p>\n<p>Quant \u00e0 sa vie amoureuse, la presse \u00ab\u00a0people\u00a0\u00bb en a relat\u00e9 quelques \u00e9pisodes: Banderas divor\u00e7ait en 1996 d\u2019une actrice espagnole discr\u00e8te pour s\u2019unir \u00e0 la star am\u00e9ricaine Melanie Griffith, rencontr\u00e9e sur le tournage de la com\u00e9die romantique \u00ab\u00a0Too Much\u00a0\u00bb (1995) de Fernando Trueba.<\/p>\n<p>En 2015, le couple \u2013 qui avait eu une fille \u2013 se s\u00e9parait. Banderas avait connu \u00e0 Cannes une belle N\u00e9erlandaise, actuellement sa compagne.<\/p>\n<p>En 2018, il a endur\u00e9 des heures de maquillage quotidien pour incarner un vieux Pablo Picasso, dans la s\u00e9rie am\u00e9ricaine \u00ab\u00a0Genius\u00a0\u00bb.<\/p>\n<p>Originaire de Malaga \u2013 comme le peintre \u2013 il est particuli\u00e8rement attach\u00e9 \u00e0 sa ville o\u00f9 il participe chaque ann\u00e9e \u00e0 la procession catholique de la Semaine sainte.<\/p>\n<p>A l\u2019automne, il y inaugurera son th\u00e9\u00e2tre, li\u00e9 \u00e0 une \u00e9cole d\u2019art dramatique portant son nom.<\/p>\n<\/div>\n<p>Auteur: AFP<br \/>\n<a href=\"https:\/\/www.journalducameroun.com\/banderas-dalmodovar-a-almodovar-en-passant-par-hollywood\/\">Cliquez ici pour lire l&rsquo;article depuis sa source.<\/a><\/p>\n","protected":false},"excerpt":{"rendered":"<p>Publi\u00e9 le 25.05.2019 \u00e0 20h50 par AFP Il a incarn\u00e9 Zorro et Picasso, jou\u00e9 les vampires comme les latin lovers: l\u2019Espagnol Antonio Banderas est aussi et surtout le plus fid\u00e8le acteur de Pedro Almodovar, qui le lan\u00e7a au cin\u00e9ma en 1982. A 58 ans, Banderas vient de remporter le prix d\u2019interpr\u00e9tation masculine pour son huiti\u00e8me [&hellip;]<\/p>\n","protected":false},"author":1965,"featured_media":0,"comment_status":"closed","ping_status":"closed","sticky":false,"template":"","format":"standard","meta":{"fifu_image_url":"","fifu_image_alt":"","footnotes":""},"categories":[73,82],"tags":[],"class_list":["post-36637","post","type-post","status-publish","format-standard","hentry","category-actualite","category-cameroun"],"_links":{"self":[{"href":"https:\/\/linitiative.ca\/International\/wp-json\/wp\/v2\/posts\/36637","targetHints":{"allow":["GET"]}}],"collection":[{"href":"https:\/\/linitiative.ca\/International\/wp-json\/wp\/v2\/posts"}],"about":[{"href":"https:\/\/linitiative.ca\/International\/wp-json\/wp\/v2\/types\/post"}],"author":[{"embeddable":true,"href":"https:\/\/linitiative.ca\/International\/wp-json\/wp\/v2\/users\/1965"}],"replies":[{"embeddable":true,"href":"https:\/\/linitiative.ca\/International\/wp-json\/wp\/v2\/comments?post=36637"}],"version-history":[{"count":0,"href":"https:\/\/linitiative.ca\/International\/wp-json\/wp\/v2\/posts\/36637\/revisions"}],"wp:attachment":[{"href":"https:\/\/linitiative.ca\/International\/wp-json\/wp\/v2\/media?parent=36637"}],"wp:term":[{"taxonomy":"category","embeddable":true,"href":"https:\/\/linitiative.ca\/International\/wp-json\/wp\/v2\/categories?post=36637"},{"taxonomy":"post_tag","embeddable":true,"href":"https:\/\/linitiative.ca\/International\/wp-json\/wp\/v2\/tags?post=36637"}],"curies":[{"name":"wp","href":"https:\/\/api.w.org\/{rel}","templated":true}]}}