{"id":36638,"date":"2019-05-25T16:18:03","date_gmt":"2019-05-25T20:18:03","guid":{"rendered":"https:\/\/linitiative.ca\/International\/coupe-de-la-caf-la-renaissance-sportive-de-berkane-a-un-pas-de-la-gloire\/"},"modified":"2019-05-25T16:18:03","modified_gmt":"2019-05-25T20:18:03","slug":"coupe-de-la-caf-la-renaissance-sportive-de-berkane-a-un-pas-de-la-gloire","status":"publish","type":"post","link":"https:\/\/linitiative.ca\/International\/coupe-de-la-caf-la-renaissance-sportive-de-berkane-a-un-pas-de-la-gloire\/","title":{"rendered":"Coupe de la CAF : La Renaissance Sportive de Berkane \u00e0 un pas de la gloire"},"content":{"rendered":"<div readability=\"32\">\n<p>Publi\u00e9 le 25.05.2019 \u00e0 21h18 par APA News<\/p>\n<\/div>\n<div readability=\"112\">\n<p>Le club marocain de la Renaissance sportive de Berkane (RSB) d\u00e9fendra avec opini\u00e2tret\u00e9, dimanche \u00e0 Alexandrie, ses chances face \u00e0 l\u2019\u00e9quipe cairote du Zamalek pour remporter pour la premi\u00e8re de son histoire, la Coupe de la Conf\u00e9d\u00e9ration africaine de football (CAF).Par Hicham Alaoui<\/p>\n<p>Une mission qui n\u2019est pas de tout repos pour les Oranges qui se sont impos\u00e9s en final-aller at home sur le score \u00e9triqu\u00e9 de 1 \u00e0 0. Un score qui n\u2019assure pas une situation confortable pour les co\u00e9quipiers de Omar Namssaoui.<\/p>\n<p>Les Oranges de Berkane s\u2019attendent \u00e0 un match tr\u00e8s disput\u00e9 \u00e0 l\u2019ext\u00e9rieur face au prestigieux club du Zamalek, pour remporter ce titre continental et confirmer leur belle prestation tout au long de cette comp\u00e9tition.<\/p>\n<p>Quant au Zamalek, il compte donner le meilleur de lui-m\u00eame \u00e0 domicile devant ses supporters pour s\u2019adjuger le troph\u00e9e.<\/p>\n<p>Pour le Docteur Mustapha Souieh, sp\u00e9cialiste en chirurgie oncologique et reconstructrice et un f\u00e9ru de la RSB, deux sc\u00e9narios peuvent se produire lors de cette finale. \u00ab Le premier, que je ne le souhaiterai nullement, implique une experience associ\u00e9e \u00e0 de l\u2019intelligence et de l\u2019aventure de la part du coach du Zamalek, c\u2019est de n\u2019encaisser aucun but \u00e0 la premi\u00e8re p\u00e9riode en jouant la d\u00e9fense, quite \u00e0 ne pas aller chercher \u00e0 marquer des buts sauf si l\u2019opportunit\u00e9 vient jusqu\u2019\u00e0 leurs pieds \u00bb, a-t-il tenu \u00e0 expliquer dans une d\u00e9claration \u00e0 APA.<\/p>\n<p>\u00ab Ce sc\u00e9nario serait b\u00e9n\u00e9fique au Zamalek si l\u2019\u00e9quipe cairote arrive \u00e0 attaquer en deuxi\u00e8me mi-temps et inscrire des buts. \u00a0Mais je vois loin le Zamalek effectu\u00e9 ce jeu vu la pression des supporters du club qui veulent \u00e0 tout prix marquer d\u00e8s les premi\u00e8res minutes du match \u00bb, a-t-il ajout\u00e9<\/p>\n<p>\u00ab Ceci nous m\u00e8ne au 2\u00e8me sc\u00e9nario qui est celui de vouloir marquer des buts, ce qui ouvrira les couloirs aux Bekanais et surtout avec les contre-attaques bien maitris\u00e9es par nos joueurs, chose qui permettra de scorer et revenir avec un Troph\u00e9e bien m\u00e9rit\u00e9e \u00bb, a vivement esp\u00e9r\u00e9 Dr. Souieh, natif de la ville de Berkane et maitre-pr\u00e9curseur de la gu\u00e9rison par cellules souches au Maroc, en Afrique et dans le monde arabe.<\/p>\n<p>Revenant sur le sport en g\u00e9n\u00e9ral dans l\u2019Oriental, il a relev\u00e9 que cette r\u00e9gion s\u2019est toujours distingu\u00e9e par ses sportifs talentueux dans diff\u00e9rentes disciplines sportives, citant des joueurs de haute facture ayant marqu\u00e9 le football marocain, tels les fr\u00e8res Brazis, Mounir Lahbil, Harras, Chahboune, Boushaba, Fetchat ou encore Lashaf et la liste est longue. La ville de Berkane est \u00e9galement connue par son enfant prodige, le champion mondial et olympique Hicham El Guerrouj, ma\u00eetre incontest\u00e9 du demi-fond \u00e0 la fin des ann\u00e9es 90 et au d\u00e9but des ann\u00e9es 2000 et meilleur athl\u00e8te de l\u2019IAAF en 2001, 2002 et 2003, soit trois ann\u00e9es cons\u00e9cutives.<\/p>\n<p>Selon Dr. Souieh, les Berkanais sont entrain de faire rena\u00eetre leurs jours de gloire en entamant une \u00e8re de cons\u00e9crations qui leur convient le mieux puisque c\u2019est une ville qui devrait \u00e8tre d\u00e9di\u00e9e aux sports par exc\u00e9llence. \u00ab J\u2019appelle les respnsables \u00a0gouvernementaux \u00e0 faire de la ville un p\u00f4le de leadership dans la formation des futurs champions toutes disciplines confondues \u00bb, a-t-il lanc\u00e9.<\/p>\n<p>Pour lui, les performances et les prouesses de la Renaissance Sportive de Berkane sont le r\u00e9sultat de la gestion \u00ab clairvoyante \u00bb et \u00ab subtile \u00bb de son pr\u00e9sident, Fouzi Lakjaa et du Comit\u00e9 Directeur du club.<\/p>\n<p>\u00ab Je r\u00eave mais avec des yeux ouverts d\u2019une Coupe continentale qui fera entrer la RSB de plain-pied dans le giron des clubs d\u00e9tenteurs du sacre africain \u00bb, a-t-il souhait\u00e9 ardemment.<\/p>\n<\/div>\n<p>Auteur: APA News<br \/>\n<a href=\"https:\/\/www.journalducameroun.com\/coupe-de-la-caf-la-renaissance-sportive-de-berkane-a-un-pas-de-la-gloire\/\">Cliquez ici pour lire l&rsquo;article depuis sa source.<\/a><\/p>\n","protected":false},"excerpt":{"rendered":"<p>Publi\u00e9 le 25.05.2019 \u00e0 21h18 par APA News Le club marocain de la Renaissance sportive de Berkane (RSB) d\u00e9fendra avec opini\u00e2tret\u00e9, dimanche \u00e0 Alexandrie, ses chances face \u00e0 l\u2019\u00e9quipe cairote du Zamalek pour remporter pour la premi\u00e8re de son histoire, la Coupe de la Conf\u00e9d\u00e9ration africaine de football (CAF).Par Hicham Alaoui Une mission qui n\u2019est [&hellip;]<\/p>\n","protected":false},"author":1965,"featured_media":0,"comment_status":"closed","ping_status":"closed","sticky":false,"template":"","format":"standard","meta":{"fifu_image_url":"","fifu_image_alt":"","footnotes":""},"categories":[73,82],"tags":[],"class_list":["post-36638","post","type-post","status-publish","format-standard","hentry","category-actualite","category-cameroun"],"_links":{"self":[{"href":"https:\/\/linitiative.ca\/International\/wp-json\/wp\/v2\/posts\/36638","targetHints":{"allow":["GET"]}}],"collection":[{"href":"https:\/\/linitiative.ca\/International\/wp-json\/wp\/v2\/posts"}],"about":[{"href":"https:\/\/linitiative.ca\/International\/wp-json\/wp\/v2\/types\/post"}],"author":[{"embeddable":true,"href":"https:\/\/linitiative.ca\/International\/wp-json\/wp\/v2\/users\/1965"}],"replies":[{"embeddable":true,"href":"https:\/\/linitiative.ca\/International\/wp-json\/wp\/v2\/comments?post=36638"}],"version-history":[{"count":0,"href":"https:\/\/linitiative.ca\/International\/wp-json\/wp\/v2\/posts\/36638\/revisions"}],"wp:attachment":[{"href":"https:\/\/linitiative.ca\/International\/wp-json\/wp\/v2\/media?parent=36638"}],"wp:term":[{"taxonomy":"category","embeddable":true,"href":"https:\/\/linitiative.ca\/International\/wp-json\/wp\/v2\/categories?post=36638"},{"taxonomy":"post_tag","embeddable":true,"href":"https:\/\/linitiative.ca\/International\/wp-json\/wp\/v2\/tags?post=36638"}],"curies":[{"name":"wp","href":"https:\/\/api.w.org\/{rel}","templated":true}]}}