{"id":36639,"date":"2019-05-25T17:18:03","date_gmt":"2019-05-25T21:18:03","guid":{"rendered":"https:\/\/linitiative.ca\/International\/la-marque-francaise-celio-va-habiller-les-mourabitounes\/"},"modified":"2019-05-25T17:18:03","modified_gmt":"2019-05-25T21:18:03","slug":"la-marque-francaise-celio-va-habiller-les-mourabitounes","status":"publish","type":"post","link":"https:\/\/linitiative.ca\/International\/la-marque-francaise-celio-va-habiller-les-mourabitounes\/","title":{"rendered":"La marque fran\u00e7aise Celio va habiller les Mourabitounes"},"content":{"rendered":"<div readability=\"32\">\n<p>Publi\u00e9 le 25.05.2019 \u00e0 22h18 par APA News<\/p>\n<\/div>\n<div readability=\"65\">\n<p>La marque fran\u00e7aise de pr\u00eat-\u00e0-porter masculin Celio va habiller l\u2019\u00e9quipe de football mauritanienne (Mourabitounes) pour la Coupe d\u2019Afrique des Nations 2019 pr\u00e9vue du 21 juin au 19 juillet prochain en \u00c9gypte, a appris APA de sources officielles.Un partenariat dans ce sens a \u00e9t\u00e9 sign\u00e9 la nuit derni\u00e8re \u00e0 Nouakchott par Ahmed Yahya, pr\u00e9sident de la F\u00e9d\u00e9ration Mauritanienne de Football (FFRIM), et Chakib Mekadmini, responsable de la franchise de Celio qui ouvrira bient\u00f4t ses portes dans ce pays.<\/p>\n<p>En vertu de ce partenariat, la marque fran\u00e7aise a offert des costumes fabriqu\u00e9s sur mesure aux joueurs et \u00e0 l\u2019ensemble du staff des Mourabitounes durant leurs sorties officielles pour la p\u00e9riode de la CAN 2019. \u00a0\u00a0<\/p>\n<p>L\u2019entraineur Corentin Martins et son groupe appara\u00eetront, eux aussi, en costume gris fonc\u00e9, chemise blanche et une cravate noire assortie au costume, avec des souliers noirs.<\/p>\n<p>\u00ab La franchise de la marque Celio a choisi la s\u00e9lection nationale pour ses d\u00e9buts en Mauritanie et \u00a0nous nous en f\u00e9licitons \u00bb, a dit le pr\u00e9sident de la FFRIM dans un mot lors de la signature du partenariat.<\/p>\n<p>En contrepartie, la marque fran\u00e7aise \u00ab\u00a0utilisera l\u2019image des joueurs et la visibilit\u00e9 offerte par nos supports de communication\u00a0\u00bb, a-t-il ajout\u00e9.<\/p>\n<p>De son c\u00f4t\u00e9, M. Mekadmini a d\u00e9clar\u00e9 qu\u2019il s\u2019agit l\u00e0 d\u2019un geste de la part de son entreprise pour la s\u00e9lection mauritanienne et pour encourager toute la jeunesse de ce pays.<\/p>\n<\/div>\n<p>Auteur: APA News<br \/>\n<a href=\"https:\/\/www.journalducameroun.com\/la-marque-francaise-celio-va-habiller-les-mourabitounes\/\">Cliquez ici pour lire l&rsquo;article depuis sa source.<\/a><\/p>\n","protected":false},"excerpt":{"rendered":"<p>Publi\u00e9 le 25.05.2019 \u00e0 22h18 par APA News La marque fran\u00e7aise de pr\u00eat-\u00e0-porter masculin Celio va habiller l\u2019\u00e9quipe de football mauritanienne (Mourabitounes) pour la Coupe d\u2019Afrique des Nations 2019 pr\u00e9vue du 21 juin au 19 juillet prochain en \u00c9gypte, a appris APA de sources officielles.Un partenariat dans ce sens a \u00e9t\u00e9 sign\u00e9 la nuit derni\u00e8re [&hellip;]<\/p>\n","protected":false},"author":1965,"featured_media":0,"comment_status":"closed","ping_status":"closed","sticky":false,"template":"","format":"standard","meta":{"fifu_image_url":"","fifu_image_alt":"","footnotes":""},"categories":[73,82],"tags":[],"class_list":["post-36639","post","type-post","status-publish","format-standard","hentry","category-actualite","category-cameroun"],"_links":{"self":[{"href":"https:\/\/linitiative.ca\/International\/wp-json\/wp\/v2\/posts\/36639","targetHints":{"allow":["GET"]}}],"collection":[{"href":"https:\/\/linitiative.ca\/International\/wp-json\/wp\/v2\/posts"}],"about":[{"href":"https:\/\/linitiative.ca\/International\/wp-json\/wp\/v2\/types\/post"}],"author":[{"embeddable":true,"href":"https:\/\/linitiative.ca\/International\/wp-json\/wp\/v2\/users\/1965"}],"replies":[{"embeddable":true,"href":"https:\/\/linitiative.ca\/International\/wp-json\/wp\/v2\/comments?post=36639"}],"version-history":[{"count":0,"href":"https:\/\/linitiative.ca\/International\/wp-json\/wp\/v2\/posts\/36639\/revisions"}],"wp:attachment":[{"href":"https:\/\/linitiative.ca\/International\/wp-json\/wp\/v2\/media?parent=36639"}],"wp:term":[{"taxonomy":"category","embeddable":true,"href":"https:\/\/linitiative.ca\/International\/wp-json\/wp\/v2\/categories?post=36639"},{"taxonomy":"post_tag","embeddable":true,"href":"https:\/\/linitiative.ca\/International\/wp-json\/wp\/v2\/tags?post=36639"}],"curies":[{"name":"wp","href":"https:\/\/api.w.org\/{rel}","templated":true}]}}