{"id":36640,"date":"2019-05-25T17:50:01","date_gmt":"2019-05-25T21:50:01","guid":{"rendered":"https:\/\/linitiative.ca\/International\/mati-diop-une-jeune-realisatrice-qui-met-lafrique-en-haut-de-laffiche\/"},"modified":"2019-05-25T17:50:01","modified_gmt":"2019-05-25T21:50:01","slug":"mati-diop-une-jeune-realisatrice-qui-met-lafrique-en-haut-de-laffiche","status":"publish","type":"post","link":"https:\/\/linitiative.ca\/International\/mati-diop-une-jeune-realisatrice-qui-met-lafrique-en-haut-de-laffiche\/","title":{"rendered":"Mati Diop, une jeune r\u00e9alisatrice qui met l\u2019Afrique en haut de l\u2019affiche"},"content":{"rendered":"<div readability=\"32\">\n<p>Publi\u00e9 le 25.05.2019 \u00e0 22h50 par AFP<\/p>\n<\/div>\n<div readability=\"136\">\n<p>La Franco-S\u00e9n\u00e9galaise Mati Diop, couronn\u00e9e \u00e0 Cannes par le Grand Prix pour son premier long-m\u00e9trage \u00ab\u00a0Atlantique\u00a0\u00bb, est une jeune cin\u00e9aste qui n\u2019a de cesse de revenir \u00e0 l\u2019Afrique, dont elle parle dans ce film en \u00e9voquant le sort des migrants.<\/p>\n<p>Fille du musicien Wasis Diop, et ni\u00e8ce du grand r\u00e9alisateur s\u00e9n\u00e9galais Djibril Diop Mamb\u00e9ty, r\u00e9alisateur de \u00ab\u00a0Touki Bouki\u00a0\u00bb \u2013 film majeur du cin\u00e9ma africain r\u00e9compens\u00e9 \u00e0 Cannes par le prix de la critique internationale en 1973 \u2013 Mati Diop, 36 ans, signe avec \u00ab\u00a0Atlantique\u00a0\u00bb une fable politique et onirique, histoire de fant\u00f4mes et d\u2019exil chez la jeunesse de Dakar.<\/p>\n<p>\u00ab\u00a0Peut-\u00eatre que je repr\u00e9sente une nouvelle dynamique\u00a0\u00bb, a-t-elle dit \u00e0 Cannes, expliquant avoir \u00ab\u00a0d\u00e9couvert qu\u2019elle \u00e9tait la premi\u00e8re r\u00e9alisatrice noire \u00e0 figurer dans la s\u00e9lection\u00a0\u00bb.<\/p>\n<p>\u00ab\u00a0C\u2019est tr\u00e8s important de pouvoir s\u2019identifier \u00e0 quelqu\u2019un, d\u2019avoir des sortes de r\u00e9f\u00e9rences pour les jeunes. Donc si c\u2019est le cas, si je deviens une sorte de r\u00e9f\u00e9rence pour les r\u00e9alisatrices noires, j\u2019en serai tr\u00e8s fi\u00e8re\u00a0\u00bb, avait-elle ajout\u00e9.<\/p>\n<p>Pr\u00e9sent\u00e9e comme la rel\u00e8ve du cin\u00e9ma s\u00e9n\u00e9galais, cette jeune femme fr\u00eale avait d\u00e9j\u00e0 \u00e9t\u00e9 remarqu\u00e9e avec \u00ab\u00a0Mille soleils\u00a0\u00bb, sorti en 2013. Un moyen m\u00e9trage documentaire qui suivait l\u2019acteur de \u00ab\u00a0Touki Bouki\u00a0\u00bb et dialoguait avec le film mythique de son oncle qu\u2019elle a peu connu.<\/p>\n<p>N\u00e9e \u00e0 Paris en 1982, o\u00f9 elle a grandi, Mati Diop s\u2019est orient\u00e9e d\u2019abord vers les arts plastiques, notamment la photo. Elle int\u00e8gre le laboratoire de recherche artistique du Palais de Tokyo en 2006, puis le Studio national des arts contemporains du Fresnoy en 2007.<\/p>\n<p>\u2013 \u00ab\u00a0Par procuration\u00a0\u00bb \u2013<\/p>\n<p>Actrice \u00e0 ses heures, notamment chez Claire Denis dans \u00ab\u00a035 rhums\u00a0\u00bb (2008), cette admiratrice du cin\u00e9ma onirique du Tha\u00eflandais Apichatpong Weerasethakul a encha\u00een\u00e9 plusieurs courts m\u00e9trages depuis 2004, signant des films \u00e0 l\u2019esth\u00e9tique soign\u00e9e.<\/p>\n<p>Parmi eux se trouve \u00ab\u00a0Atlantiques\u00a0\u00bb, tourn\u00e9 \u00e0 Dakar il y a dix ans, qui racontait la travers\u00e9e en mer d\u2019un jeune migrant depuis les c\u00f4tes s\u00e9n\u00e9galaises.<\/p>\n<p>\u00ab\u00a0Ce film, je l\u2019avais fait dans l\u2019urgence, \u00e0 un moment o\u00f9 beaucoup de gar\u00e7ons partaient en mer, quittaient leur pays pour fuir le ch\u00f4mage pour un avenir meilleur. Et il se trouve que j\u2019\u00e9tais l\u00e0, que j\u2019ai pass\u00e9 du temps \u00e0 Dakar \u00e0 ce moment l\u00e0, et que je me suis pris en pleine face les r\u00e9alit\u00e9s complexes et sensibles du ph\u00e9nom\u00e8ne qu\u2019on appelait \u00e0 l\u2019\u00e9poque l\u2019\u00e9migration clandestine\u00a0\u00bb, a expliqu\u00e9 la r\u00e9alisatrice \u00e0 l\u2019AFP.<\/p>\n<p>\u00ab\u00a0J\u2019y ai d\u2019abord consacr\u00e9 ce court m\u00e9trage, et puis une fois ce film mont\u00e9, termin\u00e9, j\u2019ai senti que j\u2019avais encore \u00e9norm\u00e9ment de dimensions, de choses \u00e0 explorer. J\u2019avais envie de lui donner une forme plus ample, plus grande, plus longue.\u00a0\u00bb<\/p>\n<p>Ce sera \u00ab\u00a0Atlantique\u00a0\u00bb, \u00ab\u00a0un film sur la hantise, l\u2019envo\u00fbtement et sur l\u2019id\u00e9e que les fant\u00f4mes prennent naissance en nous\u00a0\u00bb, dit-elle, qui vient apr\u00e8s \u00ab\u00a0Mille soleils\u00a0\u00bb.<\/p>\n<p>Dans \u00ab\u00a0Atlantique\u00a0\u00bb, elle raconte l\u2019histoire d\u2019Ada (Mama San\u00e9), une jeune fille qui vit dans une banlieue populaire de Dakar, amoureuse de Souleiman (Ibrahima Traor\u00e9), ouvrier sur un chantier et sans salaire depuis des mois. Le jour o\u00f9 Souleiman d\u00e9cide de quitter le pays par la mer pour chercher un avenir meilleur en Europe, la vie d\u2019Ada bascule.<\/p>\n<p>\u00ab\u00a0J\u2019ai pass\u00e9 toute mon adolescence \u00e0 Paris. Ecrire le personnage d\u2019Ada, c\u2019\u00e9tait une mani\u00e8re de vivre une adolescence s\u00e9n\u00e9galaise par procuration\u00a0\u00bb, a expliqu\u00e9 la r\u00e9alisatrice. Avant d\u2019ajouter: \u00ab\u00a0De toute fa\u00e7on, mes films parlent plus de ce que je n\u2019ai pas v\u00e9cu que de ce que j\u2019ai v\u00e9cu\u00a0\u00bb.<\/p>\n<\/div>\n<p>Auteur: AFP<br \/>\n<a href=\"https:\/\/www.journalducameroun.com\/mati-diop-une-jeune-realisatrice-qui-met-lafrique-en-haut-de-laffiche\/\">Cliquez ici pour lire l&rsquo;article depuis sa source.<\/a><\/p>\n","protected":false},"excerpt":{"rendered":"<p>Publi\u00e9 le 25.05.2019 \u00e0 22h50 par AFP La Franco-S\u00e9n\u00e9galaise Mati Diop, couronn\u00e9e \u00e0 Cannes par le Grand Prix pour son premier long-m\u00e9trage \u00ab\u00a0Atlantique\u00a0\u00bb, est une jeune cin\u00e9aste qui n\u2019a de cesse de revenir \u00e0 l\u2019Afrique, dont elle parle dans ce film en \u00e9voquant le sort des migrants. Fille du musicien Wasis Diop, et ni\u00e8ce du [&hellip;]<\/p>\n","protected":false},"author":1965,"featured_media":0,"comment_status":"closed","ping_status":"closed","sticky":false,"template":"","format":"standard","meta":{"fifu_image_url":"","fifu_image_alt":"","footnotes":""},"categories":[73,82],"tags":[],"class_list":["post-36640","post","type-post","status-publish","format-standard","hentry","category-actualite","category-cameroun"],"_links":{"self":[{"href":"https:\/\/linitiative.ca\/International\/wp-json\/wp\/v2\/posts\/36640","targetHints":{"allow":["GET"]}}],"collection":[{"href":"https:\/\/linitiative.ca\/International\/wp-json\/wp\/v2\/posts"}],"about":[{"href":"https:\/\/linitiative.ca\/International\/wp-json\/wp\/v2\/types\/post"}],"author":[{"embeddable":true,"href":"https:\/\/linitiative.ca\/International\/wp-json\/wp\/v2\/users\/1965"}],"replies":[{"embeddable":true,"href":"https:\/\/linitiative.ca\/International\/wp-json\/wp\/v2\/comments?post=36640"}],"version-history":[{"count":0,"href":"https:\/\/linitiative.ca\/International\/wp-json\/wp\/v2\/posts\/36640\/revisions"}],"wp:attachment":[{"href":"https:\/\/linitiative.ca\/International\/wp-json\/wp\/v2\/media?parent=36640"}],"wp:term":[{"taxonomy":"category","embeddable":true,"href":"https:\/\/linitiative.ca\/International\/wp-json\/wp\/v2\/categories?post=36640"},{"taxonomy":"post_tag","embeddable":true,"href":"https:\/\/linitiative.ca\/International\/wp-json\/wp\/v2\/tags?post=36640"}],"curies":[{"name":"wp","href":"https:\/\/api.w.org\/{rel}","templated":true}]}}