{"id":36641,"date":"2019-05-25T17:50:03","date_gmt":"2019-05-25T21:50:03","guid":{"rendered":"https:\/\/linitiative.ca\/International\/des-milliers-disraeliens-manifestent-contre-netanyahu\/"},"modified":"2019-05-25T17:50:03","modified_gmt":"2019-05-25T21:50:03","slug":"des-milliers-disraeliens-manifestent-contre-netanyahu","status":"publish","type":"post","link":"https:\/\/linitiative.ca\/International\/des-milliers-disraeliens-manifestent-contre-netanyahu\/","title":{"rendered":"Des milliers d\u2019Isra\u00e9liens manifestent contre Netanyahu"},"content":{"rendered":"<div readability=\"32\">\n<p>Publi\u00e9 le 25.05.2019 \u00e0 22h50 par AFP<\/p>\n<\/div>\n<div readability=\"93\">\n<p>Des milliers d\u2019Isra\u00e9liens ont manifest\u00e9 samedi soir \u00e0 Tel-Aviv contre d\u2019\u00e9ventuels accords de coalition du Premier ministre d\u00e9sign\u00e9 Benjamin Netanyahu qui pourraient constituer pour l\u2019opposition la fin de la d\u00e9mocratie dans le pays.<\/p>\n<p>M. Netanyahu, qui a remport\u00e9 les l\u00e9gislatives du 9 avril, a jusqu\u2019\u00e0 mercredi soir pour former une nouvelle coalition.<\/p>\n<p>Jusqu\u2019\u00e0 pr\u00e9sent il n\u2019a pas r\u00e9ussi \u00e0 r\u00e9pondre aux exigences conflictuelles de ses potentiels partenaires gouvernementaux, principalement sur la question de la conscription dans l\u2019arm\u00e9e des juifs ultra-orthodoxes.<\/p>\n<p>Si aucun accord n\u2019a \u00e9t\u00e9 pr\u00e9sent\u00e9 jusqu\u2019\u00e0 pr\u00e9sent, les sp\u00e9culations vont bon train sur le fait que les membres de la coalition pourraient accepter des mesures visant \u00e0 affaiblir le pouvoir judiciaire, qui cherche \u00e0 lancer un proc\u00e8s contre M. Netanyahu.<\/p>\n<p>Le procureur g\u00e9n\u00e9ral isra\u00e9lien Avichai Mandelblit a repouss\u00e9 mercredi \u00e0 d\u00e9but octobre la date \u00e0 laquelle le M. Netanyahu doit \u00eatre entendu pour r\u00e9pondre des accusations de corruption pesant sur lui.<\/p>\n<p>En f\u00e9vrier, il avait annonc\u00e9 son intention d\u2019inculper le Premier ministre pour \u00ab\u00a0corruption\u00a0\u00bb, \u00ab\u00a0fraude\u00a0\u00bb et \u00ab\u00a0abus de confiance\u00a0\u00bb dans trois affaires.<\/p>\n<p>Le Premier ministre nie en bloc les accusations et d\u00e9nonce une \u00ab\u00a0chasse aux sorci\u00e8res\u00a0\u00bb.<\/p>\n<p>Samedi soir, des milliers de personnes ont agit\u00e9 le drapeau isra\u00e9lien, scandant des slogans tels que \u00ab\u00a0un peuple, une loi\u00a0\u00bb.<\/p>\n<p>\u00ab\u00a0Nous ne vous laisserons pas transformer un Isra\u00ebl d\u00e9mocratique en une cour priv\u00e9e d\u2019une famille royale ou d\u2019un sultanat\u00a0\u00bb, a d\u00e9clar\u00e9 Benny Gantz, chef de l\u2019alliance de centre-droit Bleu-blanc, qui passe pour \u00eatre le plus grand parti d\u2019opposition.<\/p>\n<p>\u00ab\u00a0Vous n\u2019\u00eates pas au-dessus des lois, on ne vous laissera pas \u00eatre un dictateur\u00a0\u00bb, a lanc\u00e9 pour sa part Yair Lapid, \u00e9galement de l\u2019alliance Bleu-blanc.<\/p>\n<p>\u00ab\u00a0Nous sommes ici pour combattre pour notre pays. Netanyahu va \u00e9craser la Cour supr\u00eame pour emp\u00eacher la justice\u00a0\u00bb de faire son travail, a dit Tamar Zandberg du parti Meretz.<\/p>\n<p>Les organisateurs ont estim\u00e9 que des dizaines de milliers de personnes avaient particip\u00e9 \u00e0 la marche qui a eu lieu devant le mus\u00e9e de Tel-Aviv. Moins de 10.000 manifestants \u00e9taient pr\u00e9sents, selon la police.<\/p>\n<p>Si Netanyahu ne parvient pas \u00e0 former une coalition d\u2019ici mercredi, le pr\u00e9sident Reuven Rivlin pourrait confier la mission \u00e0 un autre d\u00e9put\u00e9.<\/p>\n<\/div>\n<p>Auteur: AFP<br \/>\n<a href=\"https:\/\/www.journalducameroun.com\/des-milliers-disraeliens-manifestent-contre-netanyahu\/\">Cliquez ici pour lire l&rsquo;article depuis sa source.<\/a><\/p>\n","protected":false},"excerpt":{"rendered":"<p>Publi\u00e9 le 25.05.2019 \u00e0 22h50 par AFP Des milliers d\u2019Isra\u00e9liens ont manifest\u00e9 samedi soir \u00e0 Tel-Aviv contre d\u2019\u00e9ventuels accords de coalition du Premier ministre d\u00e9sign\u00e9 Benjamin Netanyahu qui pourraient constituer pour l\u2019opposition la fin de la d\u00e9mocratie dans le pays. M. Netanyahu, qui a remport\u00e9 les l\u00e9gislatives du 9 avril, a jusqu\u2019\u00e0 mercredi soir pour [&hellip;]<\/p>\n","protected":false},"author":1965,"featured_media":0,"comment_status":"closed","ping_status":"closed","sticky":false,"template":"","format":"standard","meta":{"fifu_image_url":"","fifu_image_alt":"","footnotes":""},"categories":[73,82],"tags":[],"class_list":["post-36641","post","type-post","status-publish","format-standard","hentry","category-actualite","category-cameroun"],"_links":{"self":[{"href":"https:\/\/linitiative.ca\/International\/wp-json\/wp\/v2\/posts\/36641","targetHints":{"allow":["GET"]}}],"collection":[{"href":"https:\/\/linitiative.ca\/International\/wp-json\/wp\/v2\/posts"}],"about":[{"href":"https:\/\/linitiative.ca\/International\/wp-json\/wp\/v2\/types\/post"}],"author":[{"embeddable":true,"href":"https:\/\/linitiative.ca\/International\/wp-json\/wp\/v2\/users\/1965"}],"replies":[{"embeddable":true,"href":"https:\/\/linitiative.ca\/International\/wp-json\/wp\/v2\/comments?post=36641"}],"version-history":[{"count":0,"href":"https:\/\/linitiative.ca\/International\/wp-json\/wp\/v2\/posts\/36641\/revisions"}],"wp:attachment":[{"href":"https:\/\/linitiative.ca\/International\/wp-json\/wp\/v2\/media?parent=36641"}],"wp:term":[{"taxonomy":"category","embeddable":true,"href":"https:\/\/linitiative.ca\/International\/wp-json\/wp\/v2\/categories?post=36641"},{"taxonomy":"post_tag","embeddable":true,"href":"https:\/\/linitiative.ca\/International\/wp-json\/wp\/v2\/tags?post=36641"}],"curies":[{"name":"wp","href":"https:\/\/api.w.org\/{rel}","templated":true}]}}