{"id":36651,"date":"2019-05-26T05:10:44","date_gmt":"2019-05-26T09:10:44","guid":{"rendered":"https:\/\/linitiative.ca\/International\/symposium-international-dart-contemporain-dasilah-une-7eme-edition-qui-met-en-lumiere-lart-contemporain-indien\/"},"modified":"2019-05-26T05:10:44","modified_gmt":"2019-05-26T09:10:44","slug":"symposium-international-dart-contemporain-dasilah-une-7eme-edition-qui-met-en-lumiere-lart-contemporain-indien","status":"publish","type":"post","link":"https:\/\/linitiative.ca\/International\/symposium-international-dart-contemporain-dasilah-une-7eme-edition-qui-met-en-lumiere-lart-contemporain-indien\/","title":{"rendered":"Symposium international d\u2019art contemporain d\u2019Asilah  : Une 7\u00e8me \u00e9dition qui met en lumi\u00e8re l\u2019art contemporain indien"},"content":{"rendered":"<p><img decoding=\"async\" class=\"post_layout_5_img\" src=\"http:\/\/aujourdhui.ma\/wp-content\/uploads\/2019\/05\/artistes-peintres-indiens-Maison-d%E2%80%99art-contemporain-Asilah-Briech-1.jpg?x29840\" alt=\"Symposium international d\u2019art contemporain d\u2019Asilah : Une 7\u00e8me \u00e9dition qui met en lumi\u00e8re l\u2019art contemporain indien\"\/><\/p>\n<p class=\"p1\"><span class=\"s1\"><span class=\"c4\"><strong>Plus d\u2019une vingtaine d\u2019artistes-peintres indiens et marocains seront r\u00e9unis \u00e0 la Maison d\u2019art contemporain Asilah-Briech (MAC.A).<\/strong><\/span><\/span> <span id=\"more-311836\"\/><\/p>\n<p class=\"p1\"><span class=\"s1\">C\u2019est \u00e0 l\u2019occasion du 7\u00e8me Symposium international d\u2019art contemporain d\u2019Asilah pr\u00e9vu du 9 au 16 juin 2019. Organis\u00e9e par l\u2019Association pour l\u2019art et la culture et la Fondation de la maison de l\u2019art contemporain, en partenariat avec l\u2019ambassade d\u2019Inde, cette manifestation artistique s\u2019annonce riche en nouveaut\u00e9s et en d\u00e9bats. D\u2019abord, elle sera plac\u00e9e sous le th\u00e8me \u00abL\u2019art et spiritualit\u00e9\u00bb. Ainsi elle mettra \u00e0 l\u2019honneur l\u2019art contemporain indien.<\/span><\/p>\n<p class=\"p1\"><span class=\"s1\"><em>\u00abCette manifestation s\u2019inscrit dans le cadre de l\u2019Inde au MAC.A et fait suite \u00e0 la r\u00e9sidence Art Print Workshop India Morocco organis\u00e9e lors du mois de mars de cette ann\u00e9e. Nous c\u00e9l\u00e9brons l\u2019Inde suite \u00e0 l\u2019accord de coop\u00e9ration culturelle sign\u00e9 entre le Maroc et ce pays, et ce dans le cadre de la politique d\u2019ouverture et de partage avec d\u2019autres horizons et d\u2019autres pays\u00bb,<\/em> a soulign\u00e9 l\u2019artiste-peintre Ahlam Lemssefer, pr\u00e9sidente de l\u2019Association pour l\u2019art et la culture, initiatrice de cet \u00e9v\u00e9nement. Dans ce sens, 24 artistes-peintres indiens exposent leurs cr\u00e9ations aupr\u00e8s de leurs homologues marocains.<\/span><\/p>\n<p><a href=\"http:\/\/aujourdhui.ma\/wp-content\/uploads\/2019\/05\/artistes-peintres-indiens-Maison-d%E2%80%99art-contemporain-Asilah-Briech.jpg?x29840\"><img loading=\"lazy\" decoding=\"async\" class=\"size-full wp-image-311839 aligncenter\" src=\"http:\/\/aujourdhui.ma\/wp-content\/uploads\/2019\/05\/artistes-peintres-indiens-Maison-d%E2%80%99art-contemporain-Asilah-Briech.jpg?x29840\" alt=\"\" width=\"746\" height=\"380\" srcset=\"http:\/\/aujourdhui.ma\/wp-content\/uploads\/2019\/05\/artistes-peintres-indiens-Maison-d\u2019art-contemporain-Asilah-Briech.jpg 746w, http:\/\/aujourdhui.ma\/wp-content\/uploads\/2019\/05\/artistes-peintres-indiens-Maison-d\u2019art-contemporain-Asilah-Briech-300x153.jpg 300w\" sizes=\"auto, (max-width: 746px) 100vw, 746px\"\/><\/a><\/p>\n<p class=\"p1\"><span class=\"s1\">Par ailleurs, le Symposium international d\u2019art contemporain propose un programme riche en activit\u00e9s. Au menu, un colloque sur le th\u00e8me de l\u2019art et spiritualit\u00e9. Il conna\u00eetra la participation des intervenants de l\u2019Inde et du Maroc. Au programme \u00e9galement une soir\u00e9e musicale et po\u00e9tique. Celle-ci sera anim\u00e9e par une s\u00e9lection de noms, \u00e0 savoir Salah El Ouadiaa, Widad Benmoussa, et d\u2019autres po\u00e9tesses indiennes. Plus qu\u2019une simple galerie d\u2019art, la Maison de l\u2019art contemporain d\u2019Asilah est un lieu de rencontre et d\u2019\u00e9changes entre les artistes et les intellectuels du monde entier, partageant avec le public leur \u00e9nergie et leurs vibrations. MAC.<\/span><span class=\"s1\">A est aussi une r\u00e9sidence d\u2019artistes h\u00e9bergeant jusqu\u2019\u00e0 vingt personnes, vivant ensemble dans un esprit de fusion et de partage de leurs connaissances et leur savoir.<\/span><\/p>\n<p class=\"p1\"><span class=\"s1\">MAC.A accueille \u00e9galement des \u00e9v\u00e9nements artistiques tout au long de l\u2019ann\u00e9e : expositions, symposiums, conf\u00e9rences, formations\u2026 Situ\u00e9 \u00e0 six kilom\u00e8tres d\u2019Asilah, ce lieu contemporain se distingue par son architecture moderne et \u00e9pur\u00e9e, son emplacement propice \u00e0 l\u2019\u00e9vasion et \u00e0 la cr\u00e9ation.<\/span><\/p>\n<p>Auteur: Siham Jadraoui<br \/>\n<a href=\"http:\/\/aujourdhui.ma\/culture\/symposium-international-dart-contemporain-dasilah-une-7eme-edition-qui-met-en-lumiere-lart-contemporain-indien\">Cliquez ici pour lire l&rsquo;article depuis sa source.<\/a><\/p>\n","protected":false},"excerpt":{"rendered":"<p>Plus d\u2019une vingtaine d\u2019artistes-peintres indiens et marocains seront r\u00e9unis \u00e0 la Maison d\u2019art contemporain Asilah-Briech (MAC.A). C\u2019est \u00e0 l\u2019occasion du 7\u00e8me Symposium international d\u2019art contemporain d\u2019Asilah pr\u00e9vu du 9 au 16 juin 2019. Organis\u00e9e par l\u2019Association pour l\u2019art et la culture et la Fondation de la maison de l\u2019art contemporain, en partenariat avec l\u2019ambassade d\u2019Inde, [&hellip;]<\/p>\n","protected":false},"author":1759,"featured_media":0,"comment_status":"closed","ping_status":"closed","sticky":false,"template":"","format":"standard","meta":{"fifu_image_url":"","fifu_image_alt":"","footnotes":""},"categories":[73,54],"tags":[],"class_list":["post-36651","post","type-post","status-publish","format-standard","hentry","category-actualite","category-maroc"],"_links":{"self":[{"href":"https:\/\/linitiative.ca\/International\/wp-json\/wp\/v2\/posts\/36651","targetHints":{"allow":["GET"]}}],"collection":[{"href":"https:\/\/linitiative.ca\/International\/wp-json\/wp\/v2\/posts"}],"about":[{"href":"https:\/\/linitiative.ca\/International\/wp-json\/wp\/v2\/types\/post"}],"author":[{"embeddable":true,"href":"https:\/\/linitiative.ca\/International\/wp-json\/wp\/v2\/users\/1759"}],"replies":[{"embeddable":true,"href":"https:\/\/linitiative.ca\/International\/wp-json\/wp\/v2\/comments?post=36651"}],"version-history":[{"count":0,"href":"https:\/\/linitiative.ca\/International\/wp-json\/wp\/v2\/posts\/36651\/revisions"}],"wp:attachment":[{"href":"https:\/\/linitiative.ca\/International\/wp-json\/wp\/v2\/media?parent=36651"}],"wp:term":[{"taxonomy":"category","embeddable":true,"href":"https:\/\/linitiative.ca\/International\/wp-json\/wp\/v2\/categories?post=36651"},{"taxonomy":"post_tag","embeddable":true,"href":"https:\/\/linitiative.ca\/International\/wp-json\/wp\/v2\/tags?post=36651"}],"curies":[{"name":"wp","href":"https:\/\/api.w.org\/{rel}","templated":true}]}}