{"id":36652,"date":"2019-05-26T06:01:44","date_gmt":"2019-05-26T10:01:44","guid":{"rendered":"https:\/\/linitiative.ca\/International\/gambie-et-zambie-au-menu-des-lions-de-latlas\/"},"modified":"2019-05-26T06:01:44","modified_gmt":"2019-05-26T10:01:44","slug":"gambie-et-zambie-au-menu-des-lions-de-latlas","status":"publish","type":"post","link":"https:\/\/linitiative.ca\/International\/gambie-et-zambie-au-menu-des-lions-de-latlas\/","title":{"rendered":"Gambie et Zambie au menu des Lions de l\u2019Atlas"},"content":{"rendered":"<p class=\"c4\"><strong><span class=\"c2\">E<\/span><span class=\"c3\">nfin, le s\u00e9lectionneur national Herv\u00e9 Renard et la F\u00e9d\u00e9ration royale marocaine de football ont trouv\u00e9 des sparring-partners pour faire les ultimes retouches des Lions de l\u2019Atlas avant le d\u00e9part pour l\u2019Egypte, \u00e0 quelques jours du coup d\u2019envoi de la CAN 2019.<\/span><\/strong><\/p>\n<p class=\"c4\">Dans le cadre de ses pr\u00e9parations pour la phase finale de la 32\u00e8me \u00e9dition de la Coupe d\u2019Afrique des Nations de football, la s\u00e9lection nationale A disputera deux matchs amicaux, a annonc\u00e9 la FRMF.<\/p>\n<p class=\"c4\">Les Lions de l\u2019Atlas vont affronter leurs homologues de la Gambie et la Zambie respectivement le mercredi 12 juin et le dimanche 16 juin au Grand Stade de Marrakech \u00e0 la m\u00eame heure de (17h30).<\/p>\n<p class=\"c4\">Les Lions vont ainsi disputer leur 3<sup>e<\/sup> match amical, en pr\u00e9vision de la prochaine CAN, apr\u00e8s celui perdu face \u00e0 l\u2019Argentine (0-1) en mars dernier \u00e0 Tanger.<\/p>\n<p class=\"c4\">Si le test face \u00e0 l\u2019Argentine n\u2019avait pas tenu ses promesses au vu de la nature de l\u2019adversaire sud-am\u00e9ricain qui n\u2019a rien \u00e0 voir avec le jeu africain, les deux prochaines rencontres contre des s\u00e9lections africaines ont leur importance. Cela m\u00eame si elles ne sont pas de la partie de la CAN \u00e9gyptienne, la Zambie \u00e9limin\u00e9e par le Mozambique et la Gambie sortie par l\u2019Alg\u00e9rie.<\/p>\n<p class=\"c4\">Avant ces deux matchs, les Lions de l\u2019Atlas effectueront un stage de pr\u00e9paration \u00e0 Rabat d\u2019une dizaine de jours, au Centre national de football (CNF) de Ma\u00e2mora \u00e0 partir du 02 juin prochain.<\/p>\n<p class=\"c4\">Deux jours apr\u00e8s leur 2 matches amicaux, les Lions de l\u2019Atlas se rendront au Caire, mardi 18 juin 2019 \u00e0 bord d\u2019un vol sp\u00e9cial depuis l\u2019a\u00e9roport international Rabat-Sal\u00e9, pour participer \u00e0 la CAN pr\u00e9vue entre le 21 juin et le 19 juillet prochains sur la terre des Pharaons.<\/p>\n<p class=\"c4\">Le Maroc est log\u00e9 dans le groupe D avec la C\u00f4te d\u2019Ivoire, la Namibie et l\u2019Afrique du Sud.<\/p>\n<p class=\"c5\"><strong>Rochdi Ben Mhammed<\/strong><\/p>\n<p>Auteur: rahal mehamed<br \/>\n<a href=\"http:\/\/albayane.press.ma\/gambie-et-zambie-au-menu-des-lions-de-latlas.html\">Cliquez ici pour lire l&rsquo;article depuis sa source.<\/a><\/p>\n","protected":false},"excerpt":{"rendered":"<p>Enfin, le s\u00e9lectionneur national Herv\u00e9 Renard et la F\u00e9d\u00e9ration royale marocaine de football ont trouv\u00e9 des sparring-partners pour faire les ultimes retouches des Lions de l\u2019Atlas avant le d\u00e9part pour l\u2019Egypte, \u00e0 quelques jours du coup d\u2019envoi de la CAN 2019. Dans le cadre de ses pr\u00e9parations pour la phase finale de la 32\u00e8me \u00e9dition [&hellip;]<\/p>\n","protected":false},"author":1760,"featured_media":0,"comment_status":"closed","ping_status":"closed","sticky":false,"template":"","format":"standard","meta":{"fifu_image_url":"","fifu_image_alt":"","footnotes":""},"categories":[73,54],"tags":[],"class_list":["post-36652","post","type-post","status-publish","format-standard","hentry","category-actualite","category-maroc"],"_links":{"self":[{"href":"https:\/\/linitiative.ca\/International\/wp-json\/wp\/v2\/posts\/36652","targetHints":{"allow":["GET"]}}],"collection":[{"href":"https:\/\/linitiative.ca\/International\/wp-json\/wp\/v2\/posts"}],"about":[{"href":"https:\/\/linitiative.ca\/International\/wp-json\/wp\/v2\/types\/post"}],"author":[{"embeddable":true,"href":"https:\/\/linitiative.ca\/International\/wp-json\/wp\/v2\/users\/1760"}],"replies":[{"embeddable":true,"href":"https:\/\/linitiative.ca\/International\/wp-json\/wp\/v2\/comments?post=36652"}],"version-history":[{"count":0,"href":"https:\/\/linitiative.ca\/International\/wp-json\/wp\/v2\/posts\/36652\/revisions"}],"wp:attachment":[{"href":"https:\/\/linitiative.ca\/International\/wp-json\/wp\/v2\/media?parent=36652"}],"wp:term":[{"taxonomy":"category","embeddable":true,"href":"https:\/\/linitiative.ca\/International\/wp-json\/wp\/v2\/categories?post=36652"},{"taxonomy":"post_tag","embeddable":true,"href":"https:\/\/linitiative.ca\/International\/wp-json\/wp\/v2\/tags?post=36652"}],"curies":[{"name":"wp","href":"https:\/\/api.w.org\/{rel}","templated":true}]}}