{"id":36653,"date":"2019-05-26T06:14:35","date_gmt":"2019-05-26T10:14:35","guid":{"rendered":"https:\/\/linitiative.ca\/International\/aid-mouhoub-talent-et-humilite-a-equidistance\/"},"modified":"2019-05-26T06:14:35","modified_gmt":"2019-05-26T10:14:35","slug":"aid-mouhoub-talent-et-humilite-a-equidistance","status":"publish","type":"post","link":"https:\/\/linitiative.ca\/International\/aid-mouhoub-talent-et-humilite-a-equidistance\/","title":{"rendered":"A\u00efd Mouhoub: talent et humilit\u00e9 \u00e0 \u00e9quidistance"},"content":{"rendered":"<p class=\"c4\"><strong><span class=\"c2\">A<\/span> <span class=\"c3\">quoi ressemblerait le th\u00e9\u00e2tre marocain si A\u00efd Mouhoub n\u2019avait pas exist\u00e9? Les planches auraient \u00e9t\u00e9 certainement sombres et ennuyeuses. Pourtant, ce grand com\u00e9dien, au parcours exceptionnel, qui nous a quitt\u00e9s il y a 8 ans \u00e0 l\u2019\u00e2ge de 81 ans, est tomb\u00e9 dans les oubliettes\u2026 malheureusement.<\/span><\/strong><\/p>\n<p class=\"c4\">Mouhoub \u00e9tait l\u2019une des figures de proue ayant pr\u00e9par\u00e9 le terrain pour une nouvelle g\u00e9n\u00e9ration d\u2019artistes et de com\u00e9diens. Il a, avec une poign\u00e9e d\u2019artistes, \u0153uvr\u00e9 pendant des d\u00e9cennies en silence et dans l\u2019ombre pour une sc\u00e8ne artistique cr\u00e9ative et engag\u00e9e.<\/p>\n<p class=\"c4\">C\u2019est en 1930 \u00e0 Casablanca, que le com\u00e9dien est n\u00e9. La ville connaissait \u00e0 l\u2019\u00e9poque des mutations sur tous les plans y compris artistique. A vrai dire,\u00a0 faire du th\u00e9\u00e2tre \u00e0 ce moment \u00a0\u00e9tait une v\u00e9ritable aventure \u00e0 risque. Rien n\u2019\u00e9tait garanti\u2026 mais la passion guidait les gens. \u00a0D\u00e8s son jeune \u00e2ge, A\u00efd fit son choix: devenir un c\u00e9l\u00e8bre com\u00e9dien.<\/p>\n<p class=\"c4\">Pour ce faire, il lui fallut d\u2019abord achever ses \u00e9tudes primaires, d\u00e9couvrir un peu la vie et ses contraintes en \u00a0fr\u00e9quentant une soci\u00e9t\u00e9 o\u00f9 il avait \u00a0exerc\u00e9 le m\u00e9tier de menuisier avant de se jeter dans les bras de son premier amour\u00a0: le th\u00e9\u00e2tre. Dans ses d\u00e9buts, il fr\u00e9quenta les troupes de \u00abth\u00e9\u00e2tre d\u2019art espagnol\u00bb avant d\u2019entamer une carri\u00e8re professionnelle au sein de la troupe de th\u00e9\u00e2tre\u00a0 \u00abNoujoum Al Atlas\u00bb qui \u00e9tait sous la direction du dramaturge et acteur, Mohamed Hassan Al Joundi.<\/p>\n<p class=\"c4\">Le com\u00e9dien, guid\u00e9 par sa passion, parvint \u00e0 se faire une place non seulement dans la troupe, mais aussi dans le paysage artistique et le th\u00e9\u00e2tral national. La qu\u00eate de soi et de son propre style le pouss\u00e8rent \u00e0 chercher d\u2019autres exp\u00e9riences artistiques plus riches et \u00e9panouies. Ce n\u2019\u00e9tait qu\u2019une question de temps. \u00a0Apr\u00e8s quelques ann\u00e9es, A\u00efd fit un beau passage \u00e0 la \u00abmaison de th\u00e9\u00e2tre\u00bb. Une p\u00e9riode fleurissante o\u00f9\u00a0 l\u2019acteur entra par la grande porte dans le professionnalisme.<\/p>\n<p class=\"c4\">Le th\u00e9\u00e2tre avait vu ainsi na\u00eetre l\u2019un de ses enfants prodiges et artistes talentueux qui ma\u00eetrisait parfaitement ses r\u00f4les. Dans les ann\u00e9es 60, le com\u00e9dien tenta le petit \u00e9cran. Il n\u2019\u00e9tait pas le seul \u00e0 participer aux productions t\u00e9l\u00e9visuelles \u00e0 cette \u00e9poque. Car, un bon nombre d\u2019acteurs et de com\u00e9diens de sa g\u00e9n\u00e9ration participaient \u00e0 ces productions. C\u2019\u00e9tait un peu la tendance du temps.<\/p>\n<p class=\"c4\"><strong>Une passion pour le cin\u00e9ma\u2026<\/strong><\/p>\n<p class=\"c4\">Les lumi\u00e8res et les projecteurs du cin\u00e9ma s\u00e9duisaient les com\u00e9diens et les artistes de l\u2019\u00e9poque.\u00a0 Des ann\u00e9es plus tard, des cin\u00e9astes sollicitaient A\u00efd pour des r\u00f4les. C\u2019\u00e9tait une occasion \u00e0 ne pas rater. Mais, en contrepartie, \u00a0l\u2019artiste \u00e9tait prudent dans le choix de ses r\u00f4les et ses personnages qu\u2019il incarnait dans\u00a0 les films. L\u2019image comptait beaucoup pour lui. Son talent s\u2019est confirm\u00e9 au fil du temps sur la sc\u00e8ne artistique et cin\u00e9matographique. Fid\u00e8le aux planches, Mouhoub retourna aux origines, au th\u00e9\u00e2tre o\u00f9 il avait fait ses premiers pas, pour se lancer dans\u00a0 la r\u00e9alisation en travaillant sur plusieurs projets pour la troupe de th\u00e9\u00e2tre \u00abEl Wafa\u00e2\u00bb de Marrakech.<\/p>\n<p class=\"c4\"><strong>Un parcours qui d\u00e9fie l\u2019amn\u00e9sie<\/strong><\/p>\n<p class=\"c4\">Le public des ann\u00e9es 80 se souviendra de la pi\u00e8ce \u00e0 succ\u00e8s \u00abLe mariage d\u2019Abderraouf\u00bb qu\u2019il avait mise en sc\u00e8ne pour le com\u00e9dien, Abderrahim Tounsi, alias Abderraouf. Une pi\u00e8ce qui a fait rire aux \u00e9clats les Marocains. Apr\u00e8s ce succ\u00e8s, le com\u00e9dien commen\u00e7a \u00e0 jouer dans des films marocains. Son premier r\u00f4le \u00e9tait dans le long m\u00e9trage de Hakim Nouri \u00abLe marteau et l\u2019enclume\u00bb qui lui valut le Prix de la meilleure interpr\u00e9tation masculine au 3e Festival du film national de Mekn\u00e8s en 1991. En revanche, malgr\u00e9 tous ces succ\u00e8s et cons\u00e9crations dans le 7e art, le th\u00e9\u00e2tre circulait dans ses veines. Mouhoub \u00e9tait de retour encore une autre fois sur les planches pour jouer des r\u00f4les dans les pi\u00e8ces \u00abAbbas et Belkas \u00e0 Las Vegas\u00bb et \u00abAttahouna\u00bb.<\/p>\n<p class=\"c4\">L\u2019artiste consacra et sacrifia sa vie \u00e0 l\u2019art et la cr\u00e9ation et aux r\u00f4les jou\u00e9s dans le th\u00e9\u00e2tre, la t\u00e9l\u00e9vision en passant par le cin\u00e9ma. Il a laiss\u00e9 une marque ind\u00e9l\u00e9bile dans le monde th\u00e9\u00e2tral qui d\u00e9fie l\u2019amn\u00e9sie et l\u2019oubli.<\/p>\n<p class=\"c5\"><strong>Mohamed Nait Youssef<\/strong><\/p>\n<p>Auteur: rahal mehamed<br \/>\n<a href=\"http:\/\/albayane.press.ma\/aid-mouhoub-talent-et-humilite-a-equidistance.html\">Cliquez ici pour lire l&rsquo;article depuis sa source.<\/a><\/p>\n","protected":false},"excerpt":{"rendered":"<p>A quoi ressemblerait le th\u00e9\u00e2tre marocain si A\u00efd Mouhoub n\u2019avait pas exist\u00e9? Les planches auraient \u00e9t\u00e9 certainement sombres et ennuyeuses. Pourtant, ce grand com\u00e9dien, au parcours exceptionnel, qui nous a quitt\u00e9s il y a 8 ans \u00e0 l\u2019\u00e2ge de 81 ans, est tomb\u00e9 dans les oubliettes\u2026 malheureusement. Mouhoub \u00e9tait l\u2019une des figures de proue ayant [&hellip;]<\/p>\n","protected":false},"author":1760,"featured_media":0,"comment_status":"closed","ping_status":"closed","sticky":false,"template":"","format":"standard","meta":{"fifu_image_url":"","fifu_image_alt":"","footnotes":""},"categories":[73,54],"tags":[],"class_list":["post-36653","post","type-post","status-publish","format-standard","hentry","category-actualite","category-maroc"],"_links":{"self":[{"href":"https:\/\/linitiative.ca\/International\/wp-json\/wp\/v2\/posts\/36653","targetHints":{"allow":["GET"]}}],"collection":[{"href":"https:\/\/linitiative.ca\/International\/wp-json\/wp\/v2\/posts"}],"about":[{"href":"https:\/\/linitiative.ca\/International\/wp-json\/wp\/v2\/types\/post"}],"author":[{"embeddable":true,"href":"https:\/\/linitiative.ca\/International\/wp-json\/wp\/v2\/users\/1760"}],"replies":[{"embeddable":true,"href":"https:\/\/linitiative.ca\/International\/wp-json\/wp\/v2\/comments?post=36653"}],"version-history":[{"count":0,"href":"https:\/\/linitiative.ca\/International\/wp-json\/wp\/v2\/posts\/36653\/revisions"}],"wp:attachment":[{"href":"https:\/\/linitiative.ca\/International\/wp-json\/wp\/v2\/media?parent=36653"}],"wp:term":[{"taxonomy":"category","embeddable":true,"href":"https:\/\/linitiative.ca\/International\/wp-json\/wp\/v2\/categories?post=36653"},{"taxonomy":"post_tag","embeddable":true,"href":"https:\/\/linitiative.ca\/International\/wp-json\/wp\/v2\/tags?post=36653"}],"curies":[{"name":"wp","href":"https:\/\/api.w.org\/{rel}","templated":true}]}}