{"id":36654,"date":"2019-05-26T06:38:29","date_gmt":"2019-05-26T10:38:29","guid":{"rendered":"https:\/\/linitiative.ca\/International\/temoignages-assembles-par-lhoussine-elliaoui\/"},"modified":"2019-05-26T06:38:29","modified_gmt":"2019-05-26T10:38:29","slug":"temoignages-assembles-par-lhoussine-elliaoui","status":"publish","type":"post","link":"https:\/\/linitiative.ca\/International\/temoignages-assembles-par-lhoussine-elliaoui\/","title":{"rendered":"T\u00e9moignages assembl\u00e9s par Lhoussine Elliaoui"},"content":{"rendered":"<p class=\"c3\"><span class=\"c2\"><strong><img loading=\"lazy\" decoding=\"async\" class=\" wp-image-79034 alignleft\" src=\"http:\/\/albayane.press.ma\/wp-content\/uploads\/abdelhamid_ahmady-200x130.jpg\" alt=\"\" width=\"180\" height=\"117\"\/>Abdelhamid Ahmady \u00a0\u00abAdieu, mon professeur, mon ami\u00bb<\/strong><\/span><\/p>\n<p class=\"c5\"><strong><span class=\"c4\">\u00ab<span class=\"c2\">M<\/span>onsieur le professeur\u00bb, \u00abMonsieur le chef de d\u00e9partement\u00bb, \u00abMa\u00eetre\u00bb, Mr Belal\u00bb, \u00abSi Aziz\u00bb, de toutes ces appellations, c\u2019est bien la derni\u00e8re que notre professeur appr\u00e9ci\u00e2t le plus, les autres \u00e9taient soigneusement \u00e9cart\u00e9es, \u00e0 l\u2019occasion, \u00e0 cause de la distance que sugg\u00e8re leur emploi\u00a0 et le formalisme qui les sous-entend.<\/span><\/strong><\/p>\n<p class=\"c5\">Pourtant si un professeur\u00a0 de l\u2019enseignement sup\u00e9rieur, dans la jeune universit\u00e9 marocaine, m\u00e9ritait le titre de \u00abma\u00eetre\u00bb, c\u2019\u00e9tait bien le professeur Aziz.<\/p>\n<p class=\"c5\">Militant de la libert\u00e9 et de l\u2019\u00e9mancipation sociale, culturelle et \u00e9conomique, son militantisme se refl\u00e9tait dans chacun de ses actes et s\u2019exprimait dans toutes ses id\u00e9es.<\/p>\n<p class=\"c5\">Mais, militant, il avait ma\u00eetris\u00e9, parall\u00e8lement, l\u2019art de faire des d\u00e9monstrations qui ob\u00e9issaient au stricte crit\u00e8re de la rigueur scientifique et ses analyses ouvertement et sinc\u00e8rement engag\u00e9es n\u2019en finissent pas de d\u00e9voiler derri\u00e8re la volont\u00e9 d\u00e9clar\u00e9e de lib\u00e9rer l\u2019homme de son \u00e9tat d\u2019exploit\u00e9; une m\u00e9thode de recherche que peu d\u2019esprits scientifiques ont su approcher.<\/p>\n<p class=\"c5\">Mais Aziz, au-del\u00e0 de l\u2019homme politique et de l\u2019enceignant chercheur, \u00e9tait d\u2019abord l\u2019humain\u00a0: humain dans ses contacts, dans ses amiti\u00e9s et aussi, et surtout, dans ses rapports avec ses adversaires politiques (mais lui se sentait-il l\u2019adversaire de quelqu\u2019un\u00a0?).<\/p>\n<p class=\"c5\">En fait mes id\u00e9es sont dans une confusion, mais je ne saurai rendre tout l\u2019hommage que m\u00e9rite mon professeur et mon ami.<\/p>\n<p class=\"c5\">La derni\u00e8re fois que j\u2019eu la chance de le c\u00f4toyer (\u00e0 l\u2019occasion de la soir\u00e9e de cl\u00f4ture du colloque sur \u00abl\u2019\u00e9conomie de la sant\u00e9\u00bb), il m\u2019avait serr\u00e9 la main et dans un \u00e9lan d\u2019affection me dit\u00a0: \u00abTu sais, nous sommes un peuple, heureusement, sentimental\u00bb.<\/p>\n<p class=\"c5\">Aujourd\u2019hui, ce peuple, sentimental te pleure, \u00e0 travers ses enfants qui t\u2019ont connu, c\u00f4toy\u00e9, appris de toi et appr\u00e9ci\u00e9.<\/p>\n<p class=\"c5\">Aujourd\u2019hui, toi, l\u2019ami, tu nous quittes, mais le ma\u00eetre et le professeur sont et en resteront pr\u00e9sents dans l\u2019esprit de chacun de nous. Car l\u2019exemple que tu nous a enseign\u00e9 demeurera\u00a0 \u00e0 jamais pr\u00e9sent dans nos tentatives de recherches pour continuer la noble mission de chercheur, militant\u00a0 et conscient, du tiers-monde. Nos condol\u00e9ances ne vont pas \u00e0 un groupe de gens en dehors d\u2019autres, mais \u00e0 nous tous qui voyons partir, avec toi, un sens certain de l\u2019humain, du devoir et un capital de confiance dans la jeunesse de notre cher pays.<\/p>\n<p class=\"c5\">Adieu, mon ami, puissions-nous \u00eatre \u00e0 la hauteur de ta t\u00e2che scientifique que tu as entam\u00e9e dans notre jeunesse, aujourd\u2019hui, de pr\u00e9server et d\u2019essayer de la continuer.<\/p>\n<p class=\"c6\"><span class=\"c2\"><strong>***<\/strong><\/span><\/p>\n<p class=\"c6\"><span class=\"c2\"><strong>Abderrahim El Bedoui: \u00abUn hommage au Ma\u00eetre\u2026En toute modestie\u00bb<\/strong><\/span><\/p>\n<p class=\"c5\"><strong><span class=\"c2\"><img loading=\"lazy\" decoding=\"async\" class=\" wp-image-79033 alignleft\" src=\"http:\/\/albayane.press.ma\/wp-content\/uploads\/prof_elbedoui-169x130.jpg\" alt=\"\" width=\"153\" height=\"118\"\/>C<\/span><span class=\"c4\">omme les \u00e9crits, les enregistrements restent.<\/span><\/strong><\/p>\n<p class=\"c5\"><span class=\"c4\"><strong>R\u00e9\u00e9coutons\u00a0 ces extraits des d\u00e9bats du 20 novembre 1980. Quand un amphith\u00e9\u00e2tre de la facult\u00e9 des sciences juridiques, \u00e9conomiques et sociale de Casablanca abritait la c\u00e9r\u00e9monie de ma th\u00e8se d\u2019Etat pr\u00e9sid\u00e9 par le professeur Aziz Belal.<\/strong><\/span><\/p>\n<p class=\"c5\">\u2026En conclusion de ma note de pr\u00e9sentation, je venais de d\u00e9clarer que \u00abce travail a certainement d\u00fb passer sous silence certains \u00e9l\u00e9ments d\u2019analyse, on n\u2019a pas suffisamment d\u00e9velopp\u00e9 d\u2019autres. C\u2019est un mal n\u00e9cessaire, si l\u2019on veut \u00e9viter de se cantonner dans la description et oublier l\u2019effort de synth\u00e8se. Si un travail pluridisciplinaire pourra certainement mieux faire, celui-ci aura au moins cout\u00e9 d\u2019y avoir incit\u00e9!<\/p>\n<p class=\"c5\">Prenant la parole, le professeur Belal ouvrit ainsi les d\u00e9bats\u00a0: \u00abj\u2019ai retenu surtout la conclusion qui met l\u2019accent sur la modestie du chercheur. Vous concevez un travail de th\u00e8se de doctorat d\u2019Etat, non comme une fin qui inciterait par la suite au mandarinat institutionnalis\u00e9, \u00e0 la presse intellectuelle, \u00e0 la pr\u00e9tention, mais au contraire, un commencement, un d\u00e9but, un jalon pos\u00e9 sur une longue route, celle de la recherche, celle de l\u2019enrichissement de la connaissance et par voie de cons\u00e9quence de la pratique sociale\u00bb.<\/p>\n<p class=\"c5\">A un autre auditoire toute ou\u00efe, Si Aziz (comme il aimait se faire appeler par ses \u00e9tudiants et ses \u00e9lecteurs) venait de prodiguer un autre de ses pr\u00e9cieux conseils, prouvant encore une fois la haute id\u00e9e qu\u2019il se faisait de la mission\u00a0 de l\u2019enseignement sup\u00e9rieur, \u00e0 la fois p\u00e9dagogique, chercheur et formateur.<\/p>\n<p class=\"c5\">Avant sa tragique disparition, d\u2019autres soutenances l\u2019attendaient \u00e0 Rabat et Casablanca, ses \u00e9tudiants l\u2019attendaient pour les examens, ses coll\u00e8gues de Casablanca l\u2019attendaient au d\u00e9partement qu\u2019il a su diriger avec une s\u00e9r\u00e9nit\u00e9 sans faille, ses \u00e9lecteurs l\u2019attendaient pour le voir se pencher sur leurs probl\u00e8mes pour oeuvrer personnellement \u00e0 leur solution.<\/p>\n<p class=\"c5\">D\u2019autres encore et encore, d\u2019autres l\u2019attendaient. Mais Si Aziz n\u2019est plus. Notre pays, notre capitale \u00e9conomique, notre universit\u00e9, notre facult\u00e9 viennent de perdre une de leurs figures d\u2019\u00e9lite.<\/p>\n<p class=\"c5\">Universitaire actif, repr\u00e9sentant local combatif et militant exemplaire. Plusieurs missions, un m\u00eame homme, d\u2019une courtoisie sans pareil et d\u2019une ferme volont\u00e9 de dialogue.<\/p>\n<p class=\"c5\">Feu Aziz Belal n\u2019est pas seulement le martyr de la commune de Ain Diab qui doit honorer sa m\u00e9moire en donnant son nom \u00e0 l\u2019une de ses art\u00e8res. Feu Aziz Belal est aussi le martyr de la recherche scientifique nationale qui doit \u00e9galement se porter \u00e0 la hauteur de sa m\u00e9moire en cr\u00e9ant un prix Aziz Belal, r\u00e9compensant tous les ans un travail de port\u00e9e socio-\u00e9conomique.<\/p>\n<p class=\"c5\">Au moment o\u00f9 l\u2019universit\u00e9 devient, pour certains, le lieu du plus grand progressisme verbal et du plus grand conservatisme de fait, au moment o\u00f9 certains \u00abuniversitaires\u00bb se laissent aller \u00e0 la suffisance, Si Aziz donnait, chaque jour, \u00e0 chaque r\u00e9union, dans chaque conversation, dans chaque direction de recherche, dans tous les s\u00e9minaires auxquels\u00a0 il a pris part, deux grandes le\u00e7ons aussi magistrales que ses cours:<\/p>\n<p class=\"c5\">\u2013 La plus grande modestie peut aller de pair avec les plus nobles et les plus lourdes t\u00e2ches.<\/p>\n<p class=\"c5\">\u2013 Les faits et les actes peuvent vraiment respecter et r\u00e9ellement refl\u00e9ter les paroles et les intentions.<\/p>\n<p class=\"c5\">C\u2019est ainsi l\u2019h\u00e9ritage de Si Aziz et c\u2019est tout ce qu\u2019on voulait qu\u2019il nous laisse. Sa mission accomplie, qu\u2019il repose en paix!<\/p>\n<p>Auteur: rahal mehamed<br \/>\n<a href=\"http:\/\/albayane.press.ma\/temoignages-assembles-par-lhoussine-elliaoui.html\">Cliquez ici pour lire l&rsquo;article depuis sa source.<\/a><\/p>\n","protected":false},"excerpt":{"rendered":"<p>Abdelhamid Ahmady \u00a0\u00abAdieu, mon professeur, mon ami\u00bb \u00abMonsieur le professeur\u00bb, \u00abMonsieur le chef de d\u00e9partement\u00bb, \u00abMa\u00eetre\u00bb, Mr Belal\u00bb, \u00abSi Aziz\u00bb, de toutes ces appellations, c\u2019est bien la derni\u00e8re que notre professeur appr\u00e9ci\u00e2t le plus, les autres \u00e9taient soigneusement \u00e9cart\u00e9es, \u00e0 l\u2019occasion, \u00e0 cause de la distance que sugg\u00e8re leur emploi\u00a0 et le formalisme qui les [&hellip;]<\/p>\n","protected":false},"author":1760,"featured_media":36655,"comment_status":"closed","ping_status":"closed","sticky":false,"template":"","format":"standard","meta":{"fifu_image_url":"","fifu_image_alt":"","footnotes":""},"categories":[73,54],"tags":[],"class_list":["post-36654","post","type-post","status-publish","format-standard","has-post-thumbnail","hentry","category-actualite","category-maroc"],"_links":{"self":[{"href":"https:\/\/linitiative.ca\/International\/wp-json\/wp\/v2\/posts\/36654","targetHints":{"allow":["GET"]}}],"collection":[{"href":"https:\/\/linitiative.ca\/International\/wp-json\/wp\/v2\/posts"}],"about":[{"href":"https:\/\/linitiative.ca\/International\/wp-json\/wp\/v2\/types\/post"}],"author":[{"embeddable":true,"href":"https:\/\/linitiative.ca\/International\/wp-json\/wp\/v2\/users\/1760"}],"replies":[{"embeddable":true,"href":"https:\/\/linitiative.ca\/International\/wp-json\/wp\/v2\/comments?post=36654"}],"version-history":[{"count":0,"href":"https:\/\/linitiative.ca\/International\/wp-json\/wp\/v2\/posts\/36654\/revisions"}],"wp:featuredmedia":[{"embeddable":true,"href":"https:\/\/linitiative.ca\/International\/wp-json\/"}],"wp:attachment":[{"href":"https:\/\/linitiative.ca\/International\/wp-json\/wp\/v2\/media?parent=36654"}],"wp:term":[{"taxonomy":"category","embeddable":true,"href":"https:\/\/linitiative.ca\/International\/wp-json\/wp\/v2\/categories?post=36654"},{"taxonomy":"post_tag","embeddable":true,"href":"https:\/\/linitiative.ca\/International\/wp-json\/wp\/v2\/tags?post=36654"}],"curies":[{"name":"wp","href":"https:\/\/api.w.org\/{rel}","templated":true}]}}