{"id":36656,"date":"2019-05-26T06:48:38","date_gmt":"2019-05-26T10:48:38","guid":{"rendered":"https:\/\/linitiative.ca\/International\/inde-namo-rempile-pour-un-second-mandat\/"},"modified":"2019-05-26T06:48:38","modified_gmt":"2019-05-26T10:48:38","slug":"inde-namo-rempile-pour-un-second-mandat","status":"publish","type":"post","link":"https:\/\/linitiative.ca\/International\/inde-namo-rempile-pour-un-second-mandat\/","title":{"rendered":"Inde: \u00abNaMo\u00bb rempile pour un second mandat\u2026"},"content":{"rendered":"<p class=\"c4\"><span class=\"c3\"><strong><span class=\"c2\">L<\/span>es \u00e9lections l\u00e9gislatives indiennes n\u2019ayant laiss\u00e9 aucune place au suspense, c\u2019est le Bharatiya Janata Party (BJP) du Premier ministre Narendra Modi, 68 ans, qui, apr\u00e8s les premiers d\u00e9pouillements effectu\u00e9s ce jeudi, \u00e0 l\u2019issue d\u2019un vote marathon qui a dur\u00e9\u00a0 six semaines, a revendiqu\u00e9 la victoire. Les votes ayant \u00e9t\u00e9 enregistr\u00e9s sur des machines \u00e9lectroniques dans plus d\u2019un million de bureaux, leur d\u00e9pouillement a d\u00e9but\u00e9 jeudi \u00e0 8 h locales (2 h 30 GMT).<\/strong><\/span><\/p>\n<p class=\"c4\">\u00abL\u2019Inde gagne \u00e0 nouveau\u00bb a imm\u00e9diatement d\u00e9clar\u00e9, sur son compte Twitter le premier ministre sortant qui n\u2019entend vraiment pas sortir. Lui emboitant le pas, Amit Shah, le puissant patron du BJP et son bras droit a \u00e9crit: \u00abCette grande victoire est la victoire de la foi du peuple en cinq ann\u00e9es de leadership progressiste et fort du Premier ministre Modi\u00bb.<\/p>\n<p class=\"c4\">Les premi\u00e8res estimations pr\u00e9voient une tr\u00e8s nette victoire et une majorit\u00e9 absolue de 272 parlementaires \u00e0 la coalition men\u00e9e par la formation du Premier ministre et vont m\u00eame jusqu\u2019\u00e0 \u00e9voquer la possibilit\u00e9 pour le BJP de d\u00e9crocher seul la majorit\u00e9 des si\u00e8ges; une configuration in\u00e9dite dans un pays habitu\u00e9 aux larges coalitions.<\/p>\n<p class=\"c4\">Dot\u00e9 d\u2019un redoutable sens politique, Narendra Modi, omnipr\u00e9sent dans la vie quotidienne de ses compatriotes depuis son arriv\u00e9e en 2014 au pouvoir \u2013 qu\u2019il s\u2019est employ\u00e9 \u00e0 personnifier \u2013 s\u2019est \u00e9rig\u00e9 en d\u00e9fenseur de la nation en axant sa campagne \u00e9lectorale sur un discours tellement s\u00e9curitaire qu\u2019il est devenu anxiog\u00e8ne.<\/p>\n<p class=\"c4\">Orn\u00e9 d\u2019une barbe blanche et barr\u00e9 de fines lunettes, le visage du Premier ministre remplit\u00a0 l\u2019espace public d\u2019une fa\u00e7on que l\u2019Inde n\u2019avait plus connu depuis Indira Ghandi qui fut assassin\u00e9e en 1984 par deux extr\u00e9mistes sikhs appartenant \u00e0 sa garde personnelle et lui reprochant la r\u00e9pression sanglante effectu\u00e9e par son arm\u00e9e \u00e0 l\u2019int\u00e9rieur du \u00abtemple d\u2019or\u00bb d\u2019Amritsar au Pendjab quelques mois auparavant.<\/p>\n<p class=\"c4\">Ayant \u00e9t\u00e9, en 2014, un des premiers repr\u00e9sentants de la vague populiste qui avait d\u00e9ferl\u00e9 sur le monde \u00e0 acc\u00e9der au pouvoir, Narendra Modi avait promis de dynamiser la croissance et de faire de l\u2019Inde une puissance \u00e9conomique majeure. Et m\u00eame si, au terme de son mandat, la soci\u00e9t\u00e9 indienne vit une certaine crispation politico-religieuse et que le bilan \u00e9conomique pr\u00e9sent\u00e9 par celui que ses partisans appellent affectueusement \u00abNaMo\u00bb est en demi-teinte malgr\u00e9 un taux de croissance de 6,7% pour 2017-2018 qui reste enviable vu de l\u2019ext\u00e9rieur mais dont la progression est jug\u00e9e insuffisante par rapport au potentiel et au besoin d\u2019un pays de 1,3 milliard d\u2019habitants, ce charismatique \u00abfils d\u2019un vendeur de th\u00e9\u00bb du Gujarat (ouest de l\u2019Inde) oppos\u00e9 \u00e0 une kyrielle de puissants partis r\u00e9gionaux bien d\u00e9cid\u00e9s \u00e0 le faire tomber semble n\u2019avoir pas encore dit son dernier mot et \u00eatre sur le point de rempiler pour un nouveau mandat encore plus fort qu\u2019il ne l\u2019\u00e9tait auparavant mais attendons pour voir\u2026<\/p>\n<p class=\"c5\"><strong>Nabil El Bousaadi<\/strong><\/p>\n<p>Auteur: rahal mehamed<br \/>\n<a href=\"http:\/\/albayane.press.ma\/inde-namo-rempile-pour-un-second-mandat.html\">Cliquez ici pour lire l&rsquo;article depuis sa source.<\/a><\/p>\n","protected":false},"excerpt":{"rendered":"<p>Les \u00e9lections l\u00e9gislatives indiennes n\u2019ayant laiss\u00e9 aucune place au suspense, c\u2019est le Bharatiya Janata Party (BJP) du Premier ministre Narendra Modi, 68 ans, qui, apr\u00e8s les premiers d\u00e9pouillements effectu\u00e9s ce jeudi, \u00e0 l\u2019issue d\u2019un vote marathon qui a dur\u00e9\u00a0 six semaines, a revendiqu\u00e9 la victoire. Les votes ayant \u00e9t\u00e9 enregistr\u00e9s sur des machines \u00e9lectroniques dans [&hellip;]<\/p>\n","protected":false},"author":1760,"featured_media":0,"comment_status":"closed","ping_status":"closed","sticky":false,"template":"","format":"standard","meta":{"fifu_image_url":"","fifu_image_alt":"","footnotes":""},"categories":[73,54],"tags":[],"class_list":["post-36656","post","type-post","status-publish","format-standard","hentry","category-actualite","category-maroc"],"_links":{"self":[{"href":"https:\/\/linitiative.ca\/International\/wp-json\/wp\/v2\/posts\/36656","targetHints":{"allow":["GET"]}}],"collection":[{"href":"https:\/\/linitiative.ca\/International\/wp-json\/wp\/v2\/posts"}],"about":[{"href":"https:\/\/linitiative.ca\/International\/wp-json\/wp\/v2\/types\/post"}],"author":[{"embeddable":true,"href":"https:\/\/linitiative.ca\/International\/wp-json\/wp\/v2\/users\/1760"}],"replies":[{"embeddable":true,"href":"https:\/\/linitiative.ca\/International\/wp-json\/wp\/v2\/comments?post=36656"}],"version-history":[{"count":0,"href":"https:\/\/linitiative.ca\/International\/wp-json\/wp\/v2\/posts\/36656\/revisions"}],"wp:attachment":[{"href":"https:\/\/linitiative.ca\/International\/wp-json\/wp\/v2\/media?parent=36656"}],"wp:term":[{"taxonomy":"category","embeddable":true,"href":"https:\/\/linitiative.ca\/International\/wp-json\/wp\/v2\/categories?post=36656"},{"taxonomy":"post_tag","embeddable":true,"href":"https:\/\/linitiative.ca\/International\/wp-json\/wp\/v2\/tags?post=36656"}],"curies":[{"name":"wp","href":"https:\/\/api.w.org\/{rel}","templated":true}]}}