{"id":36657,"date":"2019-05-26T07:00:53","date_gmt":"2019-05-26T11:00:53","guid":{"rendered":"https:\/\/linitiative.ca\/International\/explosion-des-droits-dimportation-du-ble-tendre\/"},"modified":"2019-05-26T07:00:53","modified_gmt":"2019-05-26T11:00:53","slug":"explosion-des-droits-dimportation-du-ble-tendre","status":"publish","type":"post","link":"https:\/\/linitiative.ca\/International\/explosion-des-droits-dimportation-du-ble-tendre\/","title":{"rendered":"Explosion des droits d\u2019importation du bl\u00e9 tendre"},"content":{"rendered":"<p class=\"c4\"><span class=\"c3\"><strong><span class=\"c2\">A<\/span> partir du 1<sup>er<\/sup> juin prochain, les droits de douanes applicables sur l\u2019importation du bl\u00e9 tendre vont fortement augmenter. Le gouvernement vient de prendre cette d\u00e9cision pour encourager la commercialisation de la production locale du bl\u00e9.<\/strong><\/span><\/p>\n<p class=\"c4\">Les minoteries sont les premiers vis\u00e9s par cette mesure. Le recours au bl\u00e9 import\u00e9 reste toutefois pr\u00e9f\u00e9rable pour des raisons de qualit\u00e9 et de calibrage. Valeur d\u2019aujourd\u2019hui, le stock de bl\u00e9 s\u2019\u00e9l\u00e8ve \u00e0 17,7 millions de quintaux, soit plus de quatre mois\u00a0 et demi des besoins des minoteries industrielles.<\/p>\n<p class=\"c4\">Le projet de d\u00e9cret n\u00b0 2.19.418 relatif \u00e0 la modification de la quotit\u00e9 du droit d\u2019importation applicable au bl\u00e9 tendre et ses d\u00e9riv\u00e9s vient d\u2019\u00eatre adopt\u00e9 par le Conseil de gouvernement. Le ministre de tutelle explique cette hausse par l\u2019\u00e9volution baissi\u00e8re des prix des c\u00e9r\u00e9ales au niveau du march\u00e9 international. Akhannouch veut\u00a0 \u00e0 travers cette r\u00e9vision \u00e0 la hausse des droits de douane sur l\u2019importation du bl\u00e9 encourager la commercialisation de la production locale et l\u2019approvisionnement normal du march\u00e9 int\u00e9rieur en bl\u00e9 tendre.<\/p>\n<p class=\"c4\">Cette d\u00e9cision intervient aussi dans un contexte national marqu\u00e9 par une campagne c\u00e9r\u00e9ali\u00e8re difficile p\u00e9nalis\u00e9e par l\u2019absence des pluies et la persistance de la s\u00e9cheresse et partant, par la baisse des rendements pr\u00e9vus au titre de la campagne 2018\/2019. Les pr\u00e9visions tablent sur une production moyenne ne d\u00e9passant pas les 50 millions de quintaux de c\u00e9r\u00e9ales loin du record de l\u2019ann\u00e9e pr\u00e9c\u00e9dente qui a totalis\u00e9 103 millions de quintaux.<\/p>\n<p class=\"c4\">Pour rappel, le stock national de bl\u00e9 disponible \u00e0 mi-avril 2019 s\u2019\u00e9tablit \u00e0 peine \u00e0 17,7 millions de quintaux, soit une couverture de 4,5 mois des besoins des minoteries industrielles. Ces derni\u00e8res ont toujours recouru massivement \u00e0 l\u2019importation \u00a0du bl\u00e9 au d\u00e9triment du bl\u00e9 local. Et ce, pour plusieurs raisons de calibrage et qualit\u00e9.<\/p>\n<p class=\"c4\">Le bl\u00e9 national reste, toutefois, tax\u00e9 de qualit\u00e9 inf\u00e9rieure,\u00a0 que ce soit en termes de couleurs, de calibrage ou de dimension ou\u00a0 encore de qualit\u00e9. Cela s\u2019explique aussi par le faible recours aux semences certifi\u00e9es pour cause de leurs prix excessifs. La recherche agronomique reste le parent pauvre de la fili\u00e8re c\u00e9r\u00e9ali\u00e8re et la mise sur le march\u00e9 de nouvelles vari\u00e9t\u00e9s de bl\u00e9 ne fait pas partie des priorit\u00e9s de notre politique agricole ni de celle du Plan Maroc Vert\u2026<\/p>\n<p class=\"c5\"><strong>Fairouz El Mouden<\/strong><\/p>\n<p>Auteur: rahal mehamed<br \/>\n<a href=\"http:\/\/albayane.press.ma\/explosion-des-droits-dimportation-du-ble-tendre.html\">Cliquez ici pour lire l&rsquo;article depuis sa source.<\/a><\/p>\n","protected":false},"excerpt":{"rendered":"<p>A partir du 1er juin prochain, les droits de douanes applicables sur l\u2019importation du bl\u00e9 tendre vont fortement augmenter. Le gouvernement vient de prendre cette d\u00e9cision pour encourager la commercialisation de la production locale du bl\u00e9. Les minoteries sont les premiers vis\u00e9s par cette mesure. Le recours au bl\u00e9 import\u00e9 reste toutefois pr\u00e9f\u00e9rable pour des [&hellip;]<\/p>\n","protected":false},"author":1760,"featured_media":0,"comment_status":"closed","ping_status":"closed","sticky":false,"template":"","format":"standard","meta":{"fifu_image_url":"","fifu_image_alt":"","footnotes":""},"categories":[73,54],"tags":[],"class_list":["post-36657","post","type-post","status-publish","format-standard","hentry","category-actualite","category-maroc"],"_links":{"self":[{"href":"https:\/\/linitiative.ca\/International\/wp-json\/wp\/v2\/posts\/36657","targetHints":{"allow":["GET"]}}],"collection":[{"href":"https:\/\/linitiative.ca\/International\/wp-json\/wp\/v2\/posts"}],"about":[{"href":"https:\/\/linitiative.ca\/International\/wp-json\/wp\/v2\/types\/post"}],"author":[{"embeddable":true,"href":"https:\/\/linitiative.ca\/International\/wp-json\/wp\/v2\/users\/1760"}],"replies":[{"embeddable":true,"href":"https:\/\/linitiative.ca\/International\/wp-json\/wp\/v2\/comments?post=36657"}],"version-history":[{"count":0,"href":"https:\/\/linitiative.ca\/International\/wp-json\/wp\/v2\/posts\/36657\/revisions"}],"wp:attachment":[{"href":"https:\/\/linitiative.ca\/International\/wp-json\/wp\/v2\/media?parent=36657"}],"wp:term":[{"taxonomy":"category","embeddable":true,"href":"https:\/\/linitiative.ca\/International\/wp-json\/wp\/v2\/categories?post=36657"},{"taxonomy":"post_tag","embeddable":true,"href":"https:\/\/linitiative.ca\/International\/wp-json\/wp\/v2\/tags?post=36657"}],"curies":[{"name":"wp","href":"https:\/\/api.w.org\/{rel}","templated":true}]}}