{"id":36658,"date":"2019-05-26T13:04:24","date_gmt":"2019-05-26T17:04:24","guid":{"rendered":"https:\/\/linitiative.ca\/International\/tipasa-le-mausolee-royal-de-mauretanie-rouvert-au-public-apres-27-ans-de-fermeture\/"},"modified":"2019-05-26T13:04:24","modified_gmt":"2019-05-26T17:04:24","slug":"tipasa-le-mausolee-royal-de-mauretanie-rouvert-au-public-apres-27-ans-de-fermeture","status":"publish","type":"post","link":"https:\/\/linitiative.ca\/International\/tipasa-le-mausolee-royal-de-mauretanie-rouvert-au-public-apres-27-ans-de-fermeture\/","title":{"rendered":"Tipasa: le Mausol\u00e9e royal de Maur\u00e9tanie rouvert au public apr\u00e8s 27 ans de fermeture"},"content":{"rendered":"<div>\n<div class=\"K2FeedImage\"><img decoding=\"async\" src=\"http:\/\/www.aps.dz\/media\/k2\/items\/cache\/d68780aa73fc3cb801952ab0544f5dd7_S.jpg\" alt=\"Tipasa: le Mausol\u00e9e royal de Maur\u00e9tanie rouvert au public apr\u00e8s 27 ans de fermeture\"><\/div>\n<div class=\"K2FeedIntroText\">\n<p><strong>TIPASA &#8211; Le Mausol\u00e9e royal de Maur\u00e9tanie (de Tipasa), class\u00e9 au patrimoine mondial de l&rsquo;humanit\u00e9 par l\u2019Unesco, a \u00e9t\u00e9 rouvert au public dans la soir\u00e9e de vendredi apr\u00e8s 27 ans de fermeture (1992) pour raisons s\u00e9curitaires li\u00e9es \u00e0 sa protection contre d\u2019\u00e9ventuels attentats terroristes.<\/strong><\/p>\n<\/div>\n<div class=\"K2FeedFullText\">\n<p>La d\u00e9cision de r\u00e9ouverture \u00ab\u00a0\u00e0 titre exceptionnel\u00a0\u00bb du Mausol\u00e9e royal de Maur\u00e9tanie dans la soir\u00e9e de vendredi a \u00e9t\u00e9 prise par la Direction technique de protection des biens culturels, relevant de l&rsquo;Office national de gestion et d&rsquo;exploitation des biens culturels prot\u00e9g\u00e9s (OGEBC), dans l\u2019attente de la finalisation d\u2019une \u00e9tude technique attestant de l\u2019absence d\u2019un risque quelconque sur le monument li\u00e9 \u00e0 la pr\u00e9sence des visiteurs.<\/p>\n<p>Une soir\u00e9e artistique a \u00e9t\u00e9 anim\u00e9e sur place par l\u2019association culturelle de chant Andalou &lsquo;El Manara&rsquo;.<\/p>\n<p>Accompagn\u00e9s de sp\u00e9cialistes en arch\u00e9ologie, les nombreux visiteurs du Mausol\u00e9e royal de Maur\u00e9tanie, -sis sur les hauteurs de Sidi Rached, avec vue plongeante sur la c\u00f4te du Chenoua- venus \u00e0 l\u2019invitation de l&rsquo;Office national de gestion et d&rsquo;exploitation des biens culturels prot\u00e9g\u00e9s, n\u2019ont pas cach\u00e9 leur \u00ab\u00a0admiration et stup\u00e9faction m\u00eal\u00e9es de fiert\u00e9 et d\u2019orgueil\u00a0\u00bb \u00e0 la d\u00e9couverte de \u00ab\u00a0ce site d\u2019exception\u00a0\u00bb comme ils l&rsquo;ont qualifi\u00e9 dans leurs d\u00e9clarations \u00e0 l\u2019APS, \u00ab\u00a0construit depuis la nuit des temps, selon des techniques architecturales de haut niveau, qui n\u2019ont pas encore livr\u00e9 leurs secrets, jusqu\u2019\u00e0 nos jours\u00a0\u00bb, a observ\u00e9 le directeur de l\u2019exploitation \u00e0 l\u2019Office, Youcef Lalmas.<\/p>\n<p>Parall\u00e8lement \u00e0 une soir\u00e9e andalouse de haute facture, anim\u00e9e par la troupe de l\u2019association \u00ab\u00a0El Manara\u00a0\u00bb, les visiteurs du Mausol\u00e9e royal de Maur\u00e9tanie ont \u00e9t\u00e9 invit\u00e9s \u00e0 la d\u00e9couverte de ses diff\u00e9rents passages s\u00e9par\u00e9s d\u2019une galerie menant \u00e0 la chambre fun\u00e9raire, suppos\u00e9e \u00eatre la s\u00e9pulture de la reine \u00e9gyptienne Cl\u00e9op\u00e2tre, \u00e9pouse de Juba II, roi de la Mauritanie c\u00e9sarienne.<\/p>\n<hr>\n<h3>Lire aussi:\u00a0<a href=\"http:\/\/www.aps.dz\/culture\/88127-tipasa-la-ministre-de-la-culture-plaide-pour-la-valorisation-du-patrimoine-culturel-national\" target=\"_blank\" rel=\"noopener noreferrer\">La ministre de la Culture plaide pour la valorisation du patrimoine culturel national<\/a><\/h3>\n<hr>\n<p>La d\u00e9cision de r\u00e9ouverture du Mausol\u00e9e royal aux visiteurs est \u00ab\u00a0historique et courageuse\u00a0\u00bb, a estim\u00e9, pour sa part, le directeur de l\u2019OGEBC, Nasroune Bouhil, soulignant qu\u2019elle vise \u00ab\u00a0la valorisation et promotion du patrimoine arch\u00e9ologique national\u00a0\u00bb.<\/p>\n<p>Les visites sur site sont encadr\u00e9es par la Direction technique de protection des biens culturels de l\u2019Office, en charge de la protection de ce type de monuments arch\u00e9ologiques.<\/p>\n<p>Ainsi, les invit\u00e9s \u00e0 cette premi\u00e8re soir\u00e9e familiale, organis\u00e9e en ce mois sacr\u00e9 du Ramadhan, ont eu droit \u00e0 des visites guid\u00e9es, \u00e0 l\u2019int\u00e9rieur du mausol\u00e9e, par groupes d\u2019une quinzaine de personnes, a pr\u00e9cis\u00e9 M. Nasroune, soulignant la possibilit\u00e9 d\u2019organisation de soir\u00e9es similaires \u00e0 l\u2019avenir \u00ab\u00a0\u00e0 condition qu\u2019elles ne constituent pas un risque sur le site\u00a0\u00bb, a-t-il relev\u00e9.<\/p>\n<p>Interrog\u00e9 sur l\u2019inhumation suppos\u00e9e ou pas de la reine Cl\u00e9op\u00e2tre dans le Mausol\u00e9e, Youcef Lalmas a soulign\u00e9 que les recherches \u00e0 ce sujet \u00ab\u00a0n\u2019ont pas encore confirm\u00e9 cette hypoth\u00e8se\u00a0\u00bb. \u00ab\u00a0Une chose est s\u00fbre cependant, la reine Cl\u00e9op\u00e2tre a bien visit\u00e9 le Mausol\u00e9e qui abritait, \u00e0 l\u2019\u00e9poque, des rites \u00e0 l\u2019honneur des morts de la famille royale\u00a0\u00bb, a assur\u00e9 le responsable.<\/p>\n<blockquote>\n<p><em><strong>\u00ab\u00a0Les historiens s\u2019accordent, en outre, sur le fait que le mausol\u00e9e a \u00e9t\u00e9 bien construit pour servir de s\u00e9pulture aux membres de la famille royale\u00a0\u00bb, a-t-il ajout\u00e9.<\/strong><\/em><\/p>\n<\/blockquote>\n<p>M. Lalmas a, par ailleurs, exprim\u00e9 son rejet cat\u00e9gorique de l\u2019appellation de \u00ab\u00a0pyramides alg\u00e9riennes\u00a0\u00bb donn\u00e9e par certains m\u00e9dias \u00e0 ce mausol\u00e9e, estimant que ce titre \u00ab\u00a0r\u00e9duit la valeur historique et arch\u00e9ologique du monument\u00a0\u00bb. \u00ab\u00a0Il n\u2019y a aucun lieu de comparaison avec les pyramides d\u2019Egypte, tant au volet des techniques de construction, que de l\u2019\u00e9poque de sa r\u00e9alisation\u00a0\u00bb, a-t-il assur\u00e9.<\/p>\n<p>Le Mausol\u00e9e royal de Maur\u00e9tanie est situ\u00e9 \u00e0 pr\u00e8s de 70 km \u00e0 l\u2019Ouest de la capitale alg\u00e9rienne, avant d\u2019arriver \u00e0 la ville de Tipasa, sur la route menant \u00e0 Cherchell.<\/p>\n<p>Ce monument, construit en pierre, est de forme circulaire, avec une base de 185,5 m\u00e8tres et un diam\u00e8tre de 60,9 m\u00e8tres, sur une hauteur de 32,4 m\u00e8tres. La base de la structure \u00e9tait autrefois orn\u00e9e de 60 colonnes ioniques et quatre portes arri\u00e8res. Les visiteurs ont acc\u00e8s au mausol\u00e9e \u00e0 travers une petite porte \u00e0 sa base, situ\u00e9e dans sa partie Est.<\/p>\n<p>Au centre de la tombe se trouvent deux chambres vo\u00fbt\u00e9es accessibles par un escalier en colima\u00e7on. Ces chambres sont divis\u00e9es par un court passage et s\u00e9par\u00e9es de la galerie par des portes en pierre mobiles.<\/p>\n<p>Le tombeau est parfaitement visible de la plaine de la Mitidja, au Sud d\u2019Alger, et des hauteurs de Bouzar\u00e9ah. Il constitue, \u00e9galement, un point de rep\u00e8re pour les marins et p\u00eacheurs en mer.<\/p>\n<p>D\u2019autres mausol\u00e9es de constitution similaires existent en Alg\u00e9rie, \u00e0 l\u2019exemple du mausol\u00e9e numide de Medghacen de la ville de Batna, ou le mausol\u00e9e ouvert de Tlemcen.<\/p>\n<p>Selon certains vieux \u00e9crits romains, la construction du Mausol\u00e9e royal de Maur\u00e9tanie remonterait \u00e0 l\u2019an 40 apr\u00e8s J.C, soit \u00e0 l\u2019\u00e9poque de la prise du royaume de Mauritanie par les romains.<\/p>\n<\/div>\n<\/div>\n<p>Auteur:<br \/>\n<a href=\"http:\/\/www.aps.dz\/culture\/89864-tipasa-le-mausolee-royal-de-mauretanie-rouvert-au-public-apres-27-ans-de-fermeture\">Cliquez ici pour lire l&rsquo;article depuis sa source.<\/a><\/p>\n","protected":false},"excerpt":{"rendered":"<p>TIPASA &#8211; Le Mausol\u00e9e royal de Maur\u00e9tanie (de Tipasa), class\u00e9 au patrimoine mondial de l&rsquo;humanit\u00e9 par l\u2019Unesco, a \u00e9t\u00e9 rouvert au public dans la soir\u00e9e de vendredi apr\u00e8s 27 ans de fermeture (1992) pour raisons s\u00e9curitaires li\u00e9es \u00e0 sa protection contre d\u2019\u00e9ventuels attentats terroristes. La d\u00e9cision de r\u00e9ouverture \u00ab\u00a0\u00e0 titre exceptionnel\u00a0\u00bb du Mausol\u00e9e royal de [&hellip;]<\/p>\n","protected":false},"author":1790,"featured_media":36659,"comment_status":"closed","ping_status":"closed","sticky":false,"template":"","format":"standard","meta":{"fifu_image_url":"","fifu_image_alt":"","footnotes":""},"categories":[53,79],"tags":[],"class_list":["post-36658","post","type-post","status-publish","format-standard","has-post-thumbnail","hentry","category-algerie","category-culture"],"_links":{"self":[{"href":"https:\/\/linitiative.ca\/International\/wp-json\/wp\/v2\/posts\/36658","targetHints":{"allow":["GET"]}}],"collection":[{"href":"https:\/\/linitiative.ca\/International\/wp-json\/wp\/v2\/posts"}],"about":[{"href":"https:\/\/linitiative.ca\/International\/wp-json\/wp\/v2\/types\/post"}],"author":[{"embeddable":true,"href":"https:\/\/linitiative.ca\/International\/wp-json\/wp\/v2\/users\/1790"}],"replies":[{"embeddable":true,"href":"https:\/\/linitiative.ca\/International\/wp-json\/wp\/v2\/comments?post=36658"}],"version-history":[{"count":0,"href":"https:\/\/linitiative.ca\/International\/wp-json\/wp\/v2\/posts\/36658\/revisions"}],"wp:featuredmedia":[{"embeddable":true,"href":"https:\/\/linitiative.ca\/International\/wp-json\/"}],"wp:attachment":[{"href":"https:\/\/linitiative.ca\/International\/wp-json\/wp\/v2\/media?parent=36658"}],"wp:term":[{"taxonomy":"category","embeddable":true,"href":"https:\/\/linitiative.ca\/International\/wp-json\/wp\/v2\/categories?post=36658"},{"taxonomy":"post_tag","embeddable":true,"href":"https:\/\/linitiative.ca\/International\/wp-json\/wp\/v2\/tags?post=36658"}],"curies":[{"name":"wp","href":"https:\/\/api.w.org\/{rel}","templated":true}]}}