{"id":36660,"date":"2019-05-26T13:04:25","date_gmt":"2019-05-26T17:04:25","guid":{"rendered":"https:\/\/linitiative.ca\/International\/la-richesse-du-patrimoine-musical-kabyle-presentee-a-alger-dans-une-forme-symphonique\/"},"modified":"2019-05-26T13:04:25","modified_gmt":"2019-05-26T17:04:25","slug":"la-richesse-du-patrimoine-musical-kabyle-presentee-a-alger-dans-une-forme-symphonique","status":"publish","type":"post","link":"https:\/\/linitiative.ca\/International\/la-richesse-du-patrimoine-musical-kabyle-presentee-a-alger-dans-une-forme-symphonique\/","title":{"rendered":"La richesse du patrimoine musical kabyle pr\u00e9sent\u00e9e \u00e0 Alger dans une forme symphonique"},"content":{"rendered":"<div>\n<div class=\"K2FeedImage\"><img decoding=\"async\" src=\"http:\/\/www.aps.dz\/media\/k2\/items\/cache\/9363bc4937bb799d90960933cbc637a0_S.jpg\" alt=\"Fella Assirem se produit au concert \" musique kabyle symphonique><\/div>\n<div class=\"K2FeedIntroText\">\n<p><strong>ALGER &#8211; La richesse du patrimoine musical kabyle a \u00e9t\u00e9\u00a0 mise en valeur, samedi soir \u00e0 Alger dans un concert anim\u00e9 par les voix\u00a0 \u00e9toff\u00e9es de Fella Assirem et Zoheir Mazari, accompagn\u00e9s par l&rsquo;Orchestre\u00a0 symphonique de l&rsquo;Op\u00e9ra d&rsquo;Alger sous la direction du maestro Amine Kouider,\u00a0 devant un public nombreux.<\/strong><\/p>\n<\/div>\n<div class=\"K2FeedFullText\">\n<p>Accueilli \u00e0 l&rsquo;Op\u00e9ra d&rsquo;Alger Boualem-Bessa\u00efeh, \u00ab\u00a0Musique kabyle\u00a0 symphonique\u00a0\u00bb, intitul\u00e9 du concert, a permis \u00e0 l\u2019assistance de revisiter une\u00a0 dizaine d\u2019\u0153uvres de\u00a0 grands auteurs et compositeurs kabyles, pr\u00e9sent\u00e9es dans une distribution\u00a0 polyphonique qui a mis en valeur toute la richesse m\u00e9lodique et rythmique\u00a0 que rec\u00e8le cette\u00a0 partie importante du patrimoine musical alg\u00e9rien.<\/p>\n<p>Amine Kouider et la soixantaine de musiciens de l\u2019orchestre ont d\u2019abord\u00a0 interpr\u00e9t\u00e9 les pi\u00e8ces, \u00ab\u00a0Dance Bacchanale\u00a0\u00bb de Camille de Saint Saens\u00a0 (1835-1921), \u00ab\u00a0Orientale\u00a0\u00bb de C\u00e9sar Cui (1835-1918) et \u00ab\u00a0Marche slave\u00a0\u00bb de Piotr Ilitch Tcha\u00efkovski (1840-1893), avant d\u2019entrer dans le vif du sujet avec \u00ab\u00a0A Sidi\u00a0 Belwa\u00a0\u00bb de Farid Bra\u00efk, au\u00a0 rythme dansant, rendue en instrumental, sous les applaudissements et les\u00a0 youyous du public.<\/p>\n<p>Faisant part au public, dans un ton timide, de son \u00ab\u00a0immense plaisir de chanter sous la direction de Amine Kouider\u00a0\u00bb, Fella Assirem, en tenue traditionnelle et bijoux berb\u00e8res, a mis en valeur toute son exp\u00e9rience de chanteuse confirm\u00e9e, acquise, au fil des ann\u00e9es, \u00e0 la chorale \u00ab\u00a0Nagham\u00a0\u00bb, puis au Ch\u0153ur de l\u2019Op\u00e9ra\u00a0 d\u2019Alger.<\/p>\n<p>Entonnant avec une voix suave, \u00e0 la tessiture large, \u00ab\u00a0Essendou\u00a0\u00bb d\u2019Idir,\u00a0 \u00ab\u00a0Tirga\u2019w\u2019Fennane\u00a0\u00bb de Cherif Kheddam (1927-2012) et \u00ab\u00a0A yemma\u00a0 \u00e2zizen\u2019ourets\u2019rou\u00a0\u00bb de Farid Ali (1919-1981), la soprane a enchant\u00e9 le public, l\u2019embarquant dans une randonn\u00e9e onirique \u00e0 trois stations qui ont marqu\u00e9 trois grandes \u00e9poques de la chanson kabyle d\u2019avant et apr\u00e8s guerre.<\/p>\n<p>L\u2019orchestre a ensuite interpr\u00e9t\u00e9 en musique, \u00ab\u00a0Mara dyoughal\u00a0\u00bb de Djamel\u00a0 Allem (1947-2018) et \u00ab\u00a0Chemin de fer vuyurfan\u00bb de Amar Oukil, pour inviter ensuite, l\u2019\u00e9l\u00e9gant Zoheir Mazari, mandole \u00e0 la main, qui interpr\u00e9tera d\u2019abord, sous les applaudissements d\u2019un public qui a fini par c\u00e9der au rel\u00e2chement, un\u00a0istikhbar qu\u2019il a \u00e9tal\u00e9 avec virtuosit\u00e9 et un doigt\u00e9 de ma\u00eetre.<\/p>\n<hr>\n<p><em><strong>Lire aussi:\u00a0<\/strong><\/em><a href=\"http:\/\/www.aps.dz\/culture\/89835-soirees-nuits-d-alger-le-patrimoine-culturel-des-wilayas-du-centre-a-l-honneur\">Soir\u00e9es \u00ab\u00a0Nuits d&rsquo;Alger\u00a0\u00bb : le patrimoine culturel des wilayas du Centre \u00e0 l&rsquo;honneur<\/a><\/p>\n<hr>\n<p>Promis \u00e0 une belle carri\u00e8re, Zoheir Mazari, par ailleurs, chef du Ch\u0153ur polyphonique de l\u2019Op\u00e9ra d\u2019Alger, a brillamment rendu, avec la voix pr\u00e9sente et \u00e9toff\u00e9e d\u2019un t\u00e9nor chevronn\u00e9, les pi\u00e8ces, \u00ab\u00a0Amedyaz\u00a0\u00bb d\u2019Idir, \u00ab\u00a0Jahegh bezzaf da meziane\u00a0\u00bb et \u00ab\u00a0Ay akham\u00a0\u00bb de Akli Yahiaten, ainsi que \u00ab\u00a0Ourets\u2019rou\u00a0\u00bb de Djamel Allem et\u00a0 \u00ab\u00a0Ruh ad qqimegh\u00a0\u00bb de Lounis Ait Menguellet.<\/p>\n<p>Tr\u00e8s applaudis par le public, Fella Assirem et Zoheir Mazari, bravant la\u00a0 difficult\u00e9 technique de chanter, de l\u2019avis d\u2019un connaisseur, dans \u00ab\u00a0des\u00a0 tonalit\u00e9s qui, en toute \u00e9vidence, n\u2019\u00e9taient pas les leurs\u00a0\u00bb, ont r\u00e9ussi un rendu qui \u00ab\u00a0m\u00e9rite d\u2019\u00eatre salu\u00e9\u00a0\u00bb, a-t-il ajout\u00e9.<\/p>\n<p>En pr\u00e9sence du directeur g\u00e9n\u00e9ral de l\u2019Op\u00e9ra d\u2019Alger, l\u2019Artiste Noureddine\u00a0 Saoudi, le public a, pr\u00e8s de 80 mn durant, savour\u00e9 tous les instants de la\u00a0 soir\u00e9e dans l\u2019all\u00e9gresse et la volupt\u00e9, interagissant avec le maestro Amine Kouider qui le sollicitait pour battre la mesure avec les mains et pousser des youyous.<\/p>\n<p>Dans une ambiance de grands soirs, le concert \u00ab\u00a0Musique kabyle symphonique\u00a0\u00bb a permis de rappeler la richesse du patrimoine musical kabyle, dont les\u00a0 m\u00e9lodies et les cadences rythmiques se pr\u00eatent naturellement \u00e0 la distribution polyphonique.<\/p>\n<p>Sous l&rsquo;\u00e9gide du minist\u00e8re de la Culture, le concert \u00ab\u00a0Musique kabyle symphonique\u00a0\u00bb a \u00e9t\u00e9 organis\u00e9 par l\u2019Op\u00e9ra d\u2019Alger, dans le cadre de son programme d\u2019animation des soir\u00e9es du mois de Ramadhan.<\/p>\n<\/div>\n<\/div>\n<p>Auteur:<br \/>\n<a href=\"http:\/\/www.aps.dz\/culture\/89871-la-richesse-du-patrimoine-musical-kabyle-presentee-a-alger-dans-une-forme-symphonique\">Cliquez ici pour lire l&rsquo;article depuis sa source.<\/a><\/p>\n","protected":false},"excerpt":{"rendered":"<p>ALGER &#8211; La richesse du patrimoine musical kabyle a \u00e9t\u00e9\u00a0 mise en valeur, samedi soir \u00e0 Alger dans un concert anim\u00e9 par les voix\u00a0 \u00e9toff\u00e9es de Fella Assirem et Zoheir Mazari, accompagn\u00e9s par l&rsquo;Orchestre\u00a0 symphonique de l&rsquo;Op\u00e9ra d&rsquo;Alger sous la direction du maestro Amine Kouider,\u00a0 devant un public nombreux. Accueilli \u00e0 l&rsquo;Op\u00e9ra d&rsquo;Alger Boualem-Bessa\u00efeh, \u00ab\u00a0Musique [&hellip;]<\/p>\n","protected":false},"author":1790,"featured_media":36661,"comment_status":"closed","ping_status":"closed","sticky":false,"template":"","format":"standard","meta":{"fifu_image_url":"","fifu_image_alt":"","footnotes":""},"categories":[53,79],"tags":[],"class_list":["post-36660","post","type-post","status-publish","format-standard","has-post-thumbnail","hentry","category-algerie","category-culture"],"_links":{"self":[{"href":"https:\/\/linitiative.ca\/International\/wp-json\/wp\/v2\/posts\/36660","targetHints":{"allow":["GET"]}}],"collection":[{"href":"https:\/\/linitiative.ca\/International\/wp-json\/wp\/v2\/posts"}],"about":[{"href":"https:\/\/linitiative.ca\/International\/wp-json\/wp\/v2\/types\/post"}],"author":[{"embeddable":true,"href":"https:\/\/linitiative.ca\/International\/wp-json\/wp\/v2\/users\/1790"}],"replies":[{"embeddable":true,"href":"https:\/\/linitiative.ca\/International\/wp-json\/wp\/v2\/comments?post=36660"}],"version-history":[{"count":0,"href":"https:\/\/linitiative.ca\/International\/wp-json\/wp\/v2\/posts\/36660\/revisions"}],"wp:featuredmedia":[{"embeddable":true,"href":"https:\/\/linitiative.ca\/International\/wp-json\/"}],"wp:attachment":[{"href":"https:\/\/linitiative.ca\/International\/wp-json\/wp\/v2\/media?parent=36660"}],"wp:term":[{"taxonomy":"category","embeddable":true,"href":"https:\/\/linitiative.ca\/International\/wp-json\/wp\/v2\/categories?post=36660"},{"taxonomy":"post_tag","embeddable":true,"href":"https:\/\/linitiative.ca\/International\/wp-json\/wp\/v2\/tags?post=36660"}],"curies":[{"name":"wp","href":"https:\/\/api.w.org\/{rel}","templated":true}]}}