{"id":36665,"date":"2019-05-26T06:00:00","date_gmt":"2019-05-26T10:00:00","guid":{"rendered":"https:\/\/linitiative.ca\/International\/la-fondation-casbah-compte-saisir-la-justice\/"},"modified":"2019-05-26T06:00:00","modified_gmt":"2019-05-26T10:00:00","slug":"la-fondation-casbah-compte-saisir-la-justice","status":"publish","type":"post","link":"https:\/\/linitiative.ca\/International\/la-fondation-casbah-compte-saisir-la-justice\/","title":{"rendered":"La Fondation Casbah compte saisir la justice"},"content":{"rendered":"<div id=\"originalText\" readability=\"74\">\n<p class=\"c10\">Apr\u00e8s avoir organis\u00e9 une rencontre la semaine derni\u00e8re, la Fondation Casbah a r\u00e9cidiv\u00e9 hier pour, encore une fois, donner la parole aux habitants ayant \u00e9t\u00e9 exclus arbitrairement des op\u00e9rations de recasement. Le pr\u00e9sident de la fondation, Ali Mebtouche, a expliqu\u00e9 que de graves d\u00e9rives ont \u00e9t\u00e9 constat\u00e9es dans le relogement des familles.\u00a0Les t\u00e9moignages des familles qui ont sollicit\u00e9 la fondation ont permis \u00e0 cette derni\u00e8re de constituer un dossier avec les documents et les preuves mettant en \u00e9vidence la d\u00e9liquescence et le m\u00e9pris avec lesquels les autorit\u00e9s locales et particuli\u00e8rement l\u2019APC de La Casbah traitent ces affaires.<\/p>\n<p class=\"c10\">Le pr\u00e9sident de la fondation rappellera que la vocation de son institution n\u2019est pas de s\u2019occuper de relogement des familles, mais qu\u2019elle reste \u00e0 l\u2019\u00e9coute des habitants. Et compte tenu de la situation, il a affirm\u00e9 que la fondation ne saurait se taire devant le m\u00e9pris et le manque de consid\u00e9ration affich\u00e9 envers les habitants de La Casbah. \u00c0 ce titre, la fondation compte bien s\u2019associer aux habitants pour saisir la justice sur des malversations av\u00e9r\u00e9es. C\u2019est le cas de cet \u00e9lu qui, gr\u00e2ce \u00e0 une construction illicite d\u2019une baraque sur une terrasse, a pu faire b\u00e9n\u00e9ficier sa famille de 5 logements, en plus d\u2019un \u00e9tal \u00e0 Djama\u00e2 Lihoud, d\u2019un autre \u00e9tal \u00e0 Zoudj Ayoune et d\u2019un fonds de commerce \u00e0 la rue Amar-Ali. Cet individu est poursuivi en justice par l\u2019APC de La Casbah du temps de l\u2019ancien P\/APC pour non-paiement de loyers.\u00a0<\/p>\n<p class=\"c10\">La somme avoisine les 6 millions de dinars. Par ailleurs, la fondation a d\u00e9nonc\u00e9 le fait que les pouvoirs publics parlent de 300 familles relog\u00e9es, alors que selon les d\u00e9comptes r\u00e9els, indus b\u00e9n\u00e9ficiaires inclus, le nombre ne d\u00e9passe pas les 254. D\u2019o\u00f9 la question de savoir o\u00f9 sont pass\u00e9s les logements ? Le recensement effectu\u00e9 par la Fondation Casbah a permis d\u2019identifier nomm\u00e9ment ces indus b\u00e9n\u00e9ficiaires. Ali Mebtouche a rappel\u00e9 que, depuis le d\u00e9but, pratiquement 2 000 des 3 000 logements d\u00e9croch\u00e9s pour le recasement de La Casbah ont \u00e9t\u00e9 d\u00e9tourn\u00e9s. Le pr\u00e9sident de la fondation est remont\u00e9 jusqu\u2019\u00e0 l\u2019affaire des terrains c\u00e9d\u00e9s en 2002 par l\u2019APC au profit de l\u2019EPLF B\u00e9ja\u00efa \u00e0 Bab Ezzouar. Il s&rsquo;agit de l&rsquo;assiette sur laquelle a \u00e9t\u00e9 \u00e9rig\u00e9 le projet de 530 logements du programme \u201cAPC-Cnep\u201d.<\/p>\n<p class=\"c10\">L&rsquo;APC de La Casbah a b\u00e9n\u00e9fici\u00e9 de trois projets \u00e0 Ba\u00efnem, El-Hamiz et Bab Ezzouar. Pour ce dernier projet, objet de controverses, 530 logements y \u00e9taient programm\u00e9s. Apr\u00e8s la d\u00e9cision de la Cnep de cesser de financer le projet, il a \u00e9t\u00e9 d\u00e9cid\u00e9 de transf\u00e9rer le projet \u00e0 l&rsquo;EPLF et le P\/APC de La Casbah a \u00e9tabli un acte de vente au nom de l&rsquo;APC sans proc\u00e9der \u00e0 une d\u00e9lib\u00e9ration. Les membres de la fondation se sont demand\u00e9 sur quelle base a \u00e9t\u00e9 \u00e9tabli cet acte de vente. Mais le pire est que les logements ont \u00e9t\u00e9 construits et vendus par l\u2019EPLF, et contrairement \u00e0 ce que dit l\u2019APC, ces logements n\u2019ont profit\u00e9 que rarement aux habitants de La Casbah.<br \/>\u00a0<\/p>\n<p class=\"c11\"><strong>Sa\u00efd Smati<\/strong><\/p>\n<\/div>\n<div id=\"text_core\" readability=\"74\">\n<p class=\"c10\">Apr\u00e8s avoir organis\u00e9 une rencontre la semaine derni\u00e8re, la Fondation Casbah a r\u00e9cidiv\u00e9 hier pour, encore une fois, donner la parole aux habitants ayant \u00e9t\u00e9 exclus arbitrairement des op\u00e9rations de recasement. Le pr\u00e9sident de la fondation, Ali Mebtouche, a expliqu\u00e9 que de graves d\u00e9rives ont \u00e9t\u00e9 constat\u00e9es dans le relogement des familles.\u00a0Les t\u00e9moignages des familles qui ont sollicit\u00e9 la fondation ont permis \u00e0 cette derni\u00e8re de constituer un dossier avec les documents et les preuves mettant en \u00e9vidence la d\u00e9liquescence et le m\u00e9pris avec lesquels les autorit\u00e9s locales et particuli\u00e8rement l\u2019APC de La Casbah traitent ces affaires.<\/p>\n<p class=\"c10\">Le pr\u00e9sident de la fondation rappellera que la vocation de son institution n\u2019est pas de s\u2019occuper de relogement des familles, mais qu\u2019elle reste \u00e0 l\u2019\u00e9coute des habitants. Et compte tenu de la situation, il a affirm\u00e9 que la fondation ne saurait se taire devant le m\u00e9pris et le manque de consid\u00e9ration affich\u00e9 envers les habitants de La Casbah. \u00c0 ce titre, la fondation compte bien s\u2019associer aux habitants pour saisir la justice sur des malversations av\u00e9r\u00e9es. C\u2019est le cas de cet \u00e9lu qui, gr\u00e2ce \u00e0 une construction illicite d\u2019une baraque sur une terrasse, a pu faire b\u00e9n\u00e9ficier sa famille de 5 logements, en plus d\u2019un \u00e9tal \u00e0 Djama\u00e2 Lihoud, d\u2019un autre \u00e9tal \u00e0 Zoudj Ayoune et d\u2019un fonds de commerce \u00e0 la rue Amar-Ali. Cet individu est poursuivi en justice par l\u2019APC de La Casbah du temps de l\u2019ancien P\/APC pour non-paiement de loyers.\u00a0<\/p>\n<p class=\"c10\">La somme avoisine les 6 millions de dinars. Par ailleurs, la fondation a d\u00e9nonc\u00e9 le fait que les pouvoirs publics parlent de 300 familles relog\u00e9es, alors que selon les d\u00e9comptes r\u00e9els, indus b\u00e9n\u00e9ficiaires inclus, le nombre ne d\u00e9passe pas les 254. D\u2019o\u00f9 la question de savoir o\u00f9 sont pass\u00e9s les logements ? Le recensement effectu\u00e9 par la Fondation Casbah a permis d\u2019identifier nomm\u00e9ment ces indus b\u00e9n\u00e9ficiaires. Ali Mebtouche a rappel\u00e9 que, depuis le d\u00e9but, pratiquement 2 000 des 3 000 logements d\u00e9croch\u00e9s pour le recasement de La Casbah ont \u00e9t\u00e9 d\u00e9tourn\u00e9s. Le pr\u00e9sident de la fondation est remont\u00e9 jusqu\u2019\u00e0 l\u2019affaire des terrains c\u00e9d\u00e9s en 2002 par l\u2019APC au profit de l\u2019EPLF B\u00e9ja\u00efa \u00e0 Bab Ezzouar. Il s&rsquo;agit de l&rsquo;assiette sur laquelle a \u00e9t\u00e9 \u00e9rig\u00e9 le projet de 530 logements du programme \u201cAPC-Cnep\u201d.<\/p>\n<p class=\"c10\">L&rsquo;APC de La Casbah a b\u00e9n\u00e9fici\u00e9 de trois projets \u00e0 Ba\u00efnem, El-Hamiz et Bab Ezzouar. Pour ce dernier projet, objet de controverses, 530 logements y \u00e9taient programm\u00e9s. Apr\u00e8s la d\u00e9cision de la Cnep de cesser de financer le projet, il a \u00e9t\u00e9 d\u00e9cid\u00e9 de transf\u00e9rer le projet \u00e0 l&rsquo;EPLF et le P\/APC de La Casbah a \u00e9tabli un acte de vente au nom de l&rsquo;APC sans proc\u00e9der \u00e0 une d\u00e9lib\u00e9ration. Les membres de la fondation se sont demand\u00e9 sur quelle base a \u00e9t\u00e9 \u00e9tabli cet acte de vente. Mais le pire est que les logements ont \u00e9t\u00e9 construits et vendus par l\u2019EPLF, et contrairement \u00e0 ce que dit l\u2019APC, ces logements n\u2019ont profit\u00e9 que rarement aux habitants de La Casbah.<br \/>\u00a0<\/p>\n<p class=\"c11\"><strong>Sa\u00efd Smati<\/strong><\/p>\n<\/div>\n<p>Auteur:<br \/>\n<a href=\"https:\/\/www.liberte-algerie.com\/actualite\/la-fondation-casbah-compte-saisir-la-justice-316594\">Cliquez ici pour lire l&rsquo;article depuis sa source.<\/a><\/p>\n","protected":false},"excerpt":{"rendered":"<p>Apr\u00e8s avoir organis\u00e9 une rencontre la semaine derni\u00e8re, la Fondation Casbah a r\u00e9cidiv\u00e9 hier pour, encore une fois, donner la parole aux habitants ayant \u00e9t\u00e9 exclus arbitrairement des op\u00e9rations de recasement. Le pr\u00e9sident de la fondation, Ali Mebtouche, a expliqu\u00e9 que de graves d\u00e9rives ont \u00e9t\u00e9 constat\u00e9es dans le relogement des familles.\u00a0Les t\u00e9moignages des familles [&hellip;]<\/p>\n","protected":false},"author":1742,"featured_media":0,"comment_status":"closed","ping_status":"closed","sticky":false,"template":"","format":"standard","meta":{"fifu_image_url":"","fifu_image_alt":"","footnotes":""},"categories":[73,53],"tags":[],"class_list":["post-36665","post","type-post","status-publish","format-standard","hentry","category-actualite","category-algerie"],"_links":{"self":[{"href":"https:\/\/linitiative.ca\/International\/wp-json\/wp\/v2\/posts\/36665","targetHints":{"allow":["GET"]}}],"collection":[{"href":"https:\/\/linitiative.ca\/International\/wp-json\/wp\/v2\/posts"}],"about":[{"href":"https:\/\/linitiative.ca\/International\/wp-json\/wp\/v2\/types\/post"}],"author":[{"embeddable":true,"href":"https:\/\/linitiative.ca\/International\/wp-json\/wp\/v2\/users\/1742"}],"replies":[{"embeddable":true,"href":"https:\/\/linitiative.ca\/International\/wp-json\/wp\/v2\/comments?post=36665"}],"version-history":[{"count":0,"href":"https:\/\/linitiative.ca\/International\/wp-json\/wp\/v2\/posts\/36665\/revisions"}],"wp:attachment":[{"href":"https:\/\/linitiative.ca\/International\/wp-json\/wp\/v2\/media?parent=36665"}],"wp:term":[{"taxonomy":"category","embeddable":true,"href":"https:\/\/linitiative.ca\/International\/wp-json\/wp\/v2\/categories?post=36665"},{"taxonomy":"post_tag","embeddable":true,"href":"https:\/\/linitiative.ca\/International\/wp-json\/wp\/v2\/tags?post=36665"}],"curies":[{"name":"wp","href":"https:\/\/api.w.org\/{rel}","templated":true}]}}