{"id":36668,"date":"2019-05-26T06:00:00","date_gmt":"2019-05-26T10:00:00","guid":{"rendered":"https:\/\/linitiative.ca\/International\/la-police-diffuse-de-nouvelles-photos-du-suspect\/"},"modified":"2019-05-26T06:00:00","modified_gmt":"2019-05-26T10:00:00","slug":"la-police-diffuse-de-nouvelles-photos-du-suspect","status":"publish","type":"post","link":"https:\/\/linitiative.ca\/International\/la-police-diffuse-de-nouvelles-photos-du-suspect\/","title":{"rendered":"La police diffuse de nouvelles photos du suspect"},"content":{"rendered":"<div id=\"originalText\" readability=\"60\">\n<p>La police fran\u00e7aise a diffus\u00e9, hier via Twitter, de nouvelles photos du principal suspect activement recherch\u00e9 apr\u00e8s l&rsquo;attaque au colis pi\u00e9g\u00e9 qui a fait 13 bless\u00e9s l\u00e9gers vendredi \u00e0 Lyon (centre-est), un trentenaire dont les motivations demeurent inconnues. Sur ces deux nouveaux clich\u00e9s, on distingue un homme roulant \u00e0 v\u00e9lo. Selon le signalement diffus\u00e9 par la police, cet homme est v\u00eatu d&rsquo;un haut vert fonc\u00e9 \u00e0 manches retrouss\u00e9es et d&rsquo;un bermuda clair et porte un sac \u00e0 dos sombre. Hier, la police recherchait activement le suspect. Selon des sources proches du dossier, un ADN non encore identifi\u00e9 a \u00e9t\u00e9 isol\u00e9 sur le colis pi\u00e9g\u00e9.<\/p>\n<p>Rien n&rsquo;indique donc qu&rsquo;il s&rsquo;agisse de celui du suspect film\u00e9 en train de d\u00e9poser ce sac devant une boulangerie. Selon ces m\u00eames sources, il y a de fortes suspicions pour que l&rsquo;explosif soit du TATP, en faible quantit\u00e9. Le TATP (trip\u00e9roxyde de triac\u00e9tone) est un explosif artisanal tr\u00e8s instable. Sur les lieux de l&rsquo;explosion, ont \u00e9t\u00e9 retrouv\u00e9es au sol \u201cdes vis de 2 cm, des billes de m\u00e9tal, sept piles de type LR6, un circuit imprim\u00e9, un dispositif de d\u00e9clenchement \u00e0 distance (&#8230;) et des morceaux de plastique blancs pouvant \u00eatre des r\u00e9sidus de l&rsquo;engin explosif\u201d, a enfin r\u00e9v\u00e9l\u00e9 le procureur de la R\u00e9publique de Paris, R\u00e9my Heitz, en charge de l&rsquo;enqu\u00eate. La section anti-terroriste du parquet de Paris a \u00e9t\u00e9 saisie, les faits ayant \u00e9t\u00e9 commis \u201cen plein jour dans un lieu particuli\u00e8rement fr\u00e9quent\u00e9\u201d et en raison du \u201cmode op\u00e9ratoire, l&#8217;emploi d&rsquo;un engin explosif permettant d&rsquo;atteindre un grand nombre de personnes\u201d, a indiqu\u00e9 M. Heitz.\u2008\u00a0<\/p>\n<p class=\"c10\"><strong>R. I.\/Agences<\/strong><\/p>\n<\/div>\n<div id=\"text_core\" readability=\"60\">\n<p>La police fran\u00e7aise a diffus\u00e9, hier via Twitter, de nouvelles photos du principal suspect activement recherch\u00e9 apr\u00e8s l&rsquo;attaque au colis pi\u00e9g\u00e9 qui a fait 13 bless\u00e9s l\u00e9gers vendredi \u00e0 Lyon (centre-est), un trentenaire dont les motivations demeurent inconnues. Sur ces deux nouveaux clich\u00e9s, on distingue un homme roulant \u00e0 v\u00e9lo. Selon le signalement diffus\u00e9 par la police, cet homme est v\u00eatu d&rsquo;un haut vert fonc\u00e9 \u00e0 manches retrouss\u00e9es et d&rsquo;un bermuda clair et porte un sac \u00e0 dos sombre. Hier, la police recherchait activement le suspect. Selon des sources proches du dossier, un ADN non encore identifi\u00e9 a \u00e9t\u00e9 isol\u00e9 sur le colis pi\u00e9g\u00e9.<\/p>\n<p>Rien n&rsquo;indique donc qu&rsquo;il s&rsquo;agisse de celui du suspect film\u00e9 en train de d\u00e9poser ce sac devant une boulangerie. Selon ces m\u00eames sources, il y a de fortes suspicions pour que l&rsquo;explosif soit du TATP, en faible quantit\u00e9. Le TATP (trip\u00e9roxyde de triac\u00e9tone) est un explosif artisanal tr\u00e8s instable. Sur les lieux de l&rsquo;explosion, ont \u00e9t\u00e9 retrouv\u00e9es au sol \u201cdes vis de 2 cm, des billes de m\u00e9tal, sept piles de type LR6, un circuit imprim\u00e9, un dispositif de d\u00e9clenchement \u00e0 distance (&#8230;) et des morceaux de plastique blancs pouvant \u00eatre des r\u00e9sidus de l&rsquo;engin explosif\u201d, a enfin r\u00e9v\u00e9l\u00e9 le procureur de la R\u00e9publique de Paris, R\u00e9my Heitz, en charge de l&rsquo;enqu\u00eate. La section anti-terroriste du parquet de Paris a \u00e9t\u00e9 saisie, les faits ayant \u00e9t\u00e9 commis \u201cen plein jour dans un lieu particuli\u00e8rement fr\u00e9quent\u00e9\u201d et en raison du \u201cmode op\u00e9ratoire, l&#8217;emploi d&rsquo;un engin explosif permettant d&rsquo;atteindre un grand nombre de personnes\u201d, a indiqu\u00e9 M. Heitz.\u2008\u00a0<\/p>\n<p class=\"c10\"><strong>R. I.\/Agences<\/strong><\/p>\n<\/div>\n<p>Auteur:<br \/>\n<a href=\"https:\/\/www.liberte-algerie.com\/actualite\/la-police-diffuse-de-nouvelles-photos-du-suspect-316591\">Cliquez ici pour lire l&rsquo;article depuis sa source.<\/a><\/p>\n","protected":false},"excerpt":{"rendered":"<p>La police fran\u00e7aise a diffus\u00e9, hier via Twitter, de nouvelles photos du principal suspect activement recherch\u00e9 apr\u00e8s l&rsquo;attaque au colis pi\u00e9g\u00e9 qui a fait 13 bless\u00e9s l\u00e9gers vendredi \u00e0 Lyon (centre-est), un trentenaire dont les motivations demeurent inconnues. Sur ces deux nouveaux clich\u00e9s, on distingue un homme roulant \u00e0 v\u00e9lo. Selon le signalement diffus\u00e9 par [&hellip;]<\/p>\n","protected":false},"author":1742,"featured_media":0,"comment_status":"closed","ping_status":"closed","sticky":false,"template":"","format":"standard","meta":{"fifu_image_url":"","fifu_image_alt":"","footnotes":""},"categories":[73,53],"tags":[],"class_list":["post-36668","post","type-post","status-publish","format-standard","hentry","category-actualite","category-algerie"],"_links":{"self":[{"href":"https:\/\/linitiative.ca\/International\/wp-json\/wp\/v2\/posts\/36668","targetHints":{"allow":["GET"]}}],"collection":[{"href":"https:\/\/linitiative.ca\/International\/wp-json\/wp\/v2\/posts"}],"about":[{"href":"https:\/\/linitiative.ca\/International\/wp-json\/wp\/v2\/types\/post"}],"author":[{"embeddable":true,"href":"https:\/\/linitiative.ca\/International\/wp-json\/wp\/v2\/users\/1742"}],"replies":[{"embeddable":true,"href":"https:\/\/linitiative.ca\/International\/wp-json\/wp\/v2\/comments?post=36668"}],"version-history":[{"count":0,"href":"https:\/\/linitiative.ca\/International\/wp-json\/wp\/v2\/posts\/36668\/revisions"}],"wp:attachment":[{"href":"https:\/\/linitiative.ca\/International\/wp-json\/wp\/v2\/media?parent=36668"}],"wp:term":[{"taxonomy":"category","embeddable":true,"href":"https:\/\/linitiative.ca\/International\/wp-json\/wp\/v2\/categories?post=36668"},{"taxonomy":"post_tag","embeddable":true,"href":"https:\/\/linitiative.ca\/International\/wp-json\/wp\/v2\/tags?post=36668"}],"curies":[{"name":"wp","href":"https:\/\/api.w.org\/{rel}","templated":true}]}}