{"id":36675,"date":"2019-05-25T19:34:22","date_gmt":"2019-05-25T23:34:22","guid":{"rendered":"https:\/\/linitiative.ca\/International\/arrestation-dune-personne-aux-antecedents-judiciaires-dans-le-trafic-de-drogue\/"},"modified":"2019-05-25T19:34:22","modified_gmt":"2019-05-25T23:34:22","slug":"arrestation-dune-personne-aux-antecedents-judiciaires-dans-le-trafic-de-drogue","status":"publish","type":"post","link":"https:\/\/linitiative.ca\/International\/arrestation-dune-personne-aux-antecedents-judiciaires-dans-le-trafic-de-drogue\/","title":{"rendered":"Arrestation d\u2019une personne aux ant\u00e9c\u00e9dents judiciaires dans le trafic de drogue"},"content":{"rendered":"<div class=\"single-featured\"><img alt=\"\" data-src=\"http:\/\/www.mapmarrakech.ma\/map\/uploads\/2019\/05\/arrestation-copier.jpg\"\/><\/div>\n<div class=\"single-post-excerpt post-excerpt-bc\" readability=\"35\">\n<p>Marrakech \u2013 Les services s\u00e9curitaires du district de police de Sidi Youssef Ben Ali \u00e0 Marrakech ont diff\u00e9r\u00e9 devant le procureur du Roi pr\u00e8s le tribunal de premi\u00e8re instance, une personne aux ant\u00e9c\u00e9dents judiciaires dans le domaine du trafic de drogue.<\/p>\n<\/div>\n<div class=\"entry-content clearfix single-post-content\" readability=\"58\">\n<p>Selon une source s\u00e9curitaire, le mis en cause a \u00e9t\u00e9 interpell\u00e9 par les \u00e9l\u00e9ments du 15\u00e8 arrondissement en flagrant d\u00e9lit de possession et de trafic de la drogue au niveau du hay Fekharra (Sidi Youssef Ben Ali).<\/p>\n<p>Le mis en cause a \u00e9t\u00e9 interpell\u00e9 en possession de 08 plaques de la drogue du chira et plus d\u2019un kilogramme de cannabis pr\u00eats \u00e0 \u00eatre \u00e9coul\u00e9s, en plus d\u2019une quantit\u00e9 de tabac de contrebande.<\/p>\n<p>La m\u00eame source indique que cette op\u00e9ration s\u2019inscrit dans le cadre de l\u2019interaction positive avec les pr\u00e9occupations des populations de la r\u00e9gion et la mise en \u0153uvre des recommandations des journ\u00e9es de communication ayant r\u00e9uni les diff\u00e9rentes composantes du tissu associatif de hay Fekharra et le chef du district de police de Sidi Youssef Ben Ali.<\/p>\n<p>Les op\u00e9rations men\u00e9es dans ce cadre ont permis d\u2019arr\u00eater trois personnes en flagrant d\u00e9lit de trafic de drogue de chira et du cannabis, en plus d\u2019une quatri\u00e8me personne faisant l\u2019objet d\u2019un avis de recherche au niveau national pour trafic de boissons alcoolis\u00e9es.<\/p>\n<p>Les services s\u00e9curitaires ont \u00e9galement mis hors d\u2019\u00e9tat de nuire de mineurs issus d\u2019un douar avoisinant l\u2019espace urbain s\u2019activant dans le domaine du vol \u00e0 l\u2019arrach\u00e9e en utilisant une moto de type C90. Ces op\u00e9rations ont laiss\u00e9 un \u00e9cho favorable et une grande satisfaction aupr\u00e8s des populations.<\/p>\n<p>Les efforts se poursuivront conform\u00e9ment aux orientations de la Direction g\u00e9n\u00e9rale de la S\u00fbret\u00e9 nationale (DGSN) qui placent les pr\u00e9occupations des citoyens au c\u0153ur de ses int\u00e9r\u00eats.<\/p>\n<\/div>\n<p>Auteur: Meriem IGASS<br \/>\n<a href=\"http:\/\/www.mapmarrakech.ma\/fr\/arrestation-dune-personne-aux-antecedents-judiciaires-dans-le-trafic-de-drogue\/\">Cliquez ici pour lire l&rsquo;article depuis sa source.<\/a><\/p>\n","protected":false},"excerpt":{"rendered":"<p>Marrakech \u2013 Les services s\u00e9curitaires du district de police de Sidi Youssef Ben Ali \u00e0 Marrakech ont diff\u00e9r\u00e9 devant le procureur du Roi pr\u00e8s le tribunal de premi\u00e8re instance, une personne aux ant\u00e9c\u00e9dents judiciaires dans le domaine du trafic de drogue. Selon une source s\u00e9curitaire, le mis en cause a \u00e9t\u00e9 interpell\u00e9 par les \u00e9l\u00e9ments [&hellip;]<\/p>\n","protected":false},"author":1788,"featured_media":36676,"comment_status":"closed","ping_status":"closed","sticky":false,"template":"","format":"standard","meta":{"fifu_image_url":"","fifu_image_alt":"","footnotes":""},"categories":[54,76],"tags":[],"class_list":["post-36675","post","type-post","status-publish","format-standard","has-post-thumbnail","hentry","category-maroc","category-regions"],"_links":{"self":[{"href":"https:\/\/linitiative.ca\/International\/wp-json\/wp\/v2\/posts\/36675","targetHints":{"allow":["GET"]}}],"collection":[{"href":"https:\/\/linitiative.ca\/International\/wp-json\/wp\/v2\/posts"}],"about":[{"href":"https:\/\/linitiative.ca\/International\/wp-json\/wp\/v2\/types\/post"}],"author":[{"embeddable":true,"href":"https:\/\/linitiative.ca\/International\/wp-json\/wp\/v2\/users\/1788"}],"replies":[{"embeddable":true,"href":"https:\/\/linitiative.ca\/International\/wp-json\/wp\/v2\/comments?post=36675"}],"version-history":[{"count":0,"href":"https:\/\/linitiative.ca\/International\/wp-json\/wp\/v2\/posts\/36675\/revisions"}],"wp:featuredmedia":[{"embeddable":true,"href":"https:\/\/linitiative.ca\/International\/wp-json\/"}],"wp:attachment":[{"href":"https:\/\/linitiative.ca\/International\/wp-json\/wp\/v2\/media?parent=36675"}],"wp:term":[{"taxonomy":"category","embeddable":true,"href":"https:\/\/linitiative.ca\/International\/wp-json\/wp\/v2\/categories?post=36675"},{"taxonomy":"post_tag","embeddable":true,"href":"https:\/\/linitiative.ca\/International\/wp-json\/wp\/v2\/tags?post=36675"}],"curies":[{"name":"wp","href":"https:\/\/api.w.org\/{rel}","templated":true}]}}