{"id":36677,"date":"2019-05-25T19:48:54","date_gmt":"2019-05-25T23:48:54","guid":{"rendered":"https:\/\/linitiative.ca\/International\/incendie-dans-un-souk-hebdomadaire-de-tahanaout-pas-de-victimes\/"},"modified":"2019-05-25T19:48:54","modified_gmt":"2019-05-25T23:48:54","slug":"incendie-dans-un-souk-hebdomadaire-de-tahanaout-pas-de-victimes","status":"publish","type":"post","link":"https:\/\/linitiative.ca\/International\/incendie-dans-un-souk-hebdomadaire-de-tahanaout-pas-de-victimes\/","title":{"rendered":"Incendie dans un souk hebdomadaire de Tahanaout, pas de victimes"},"content":{"rendered":"<div class=\"single-featured\"><img alt=\"\" data-src=\"http:\/\/www.mapmarrakech.ma\/map\/uploads\/2019\/05\/incendietahanaout-copier.jpg\"\/><\/div>\n<div class=\"single-post-excerpt post-excerpt-bc\" readability=\"34\">\n<p>Tahanaout (province d\u2019Al Haouz) \u2013 Un incendie s\u2019est d\u00e9clar\u00e9 samedi, au souk hebdomadaire de Tahanaout (province d\u2019Al Haouz) sans faire de victimes.<\/p>\n<\/div>\n<div class=\"entry-content clearfix single-post-content\" readability=\"38\">\n<p>L\u2019incendie a ravag\u00e9 plusieurs \u00ab\u00a0baraques\u00a0\u00bb utilis\u00e9es par les commer\u00e7ants en tant que locaux commerciaux pour la vente de leurs articles.<\/p>\n<p>Aussit\u00f4t alert\u00e9s, les \u00e9l\u00e9ments de la protection civile se sont d\u00e9p\u00each\u00e9s sur le lieu de l\u2019incendie et ont pu ma\u00eetriser le feu alors que la Gendarmerie Royale a ouvert une enqu\u00eate pour d\u00e9terminer les causes de cet incendie.<\/p>\n<\/div>\n<p>Auteur: Meriem IGASS<br \/>\n<a href=\"http:\/\/www.mapmarrakech.ma\/fr\/incendie-dans-un-souk-hebdomadaire-de-tahanaout-pas-de-victimes\/\">Cliquez ici pour lire l&rsquo;article depuis sa source.<\/a><\/p>\n","protected":false},"excerpt":{"rendered":"<p>Tahanaout (province d\u2019Al Haouz) \u2013 Un incendie s\u2019est d\u00e9clar\u00e9 samedi, au souk hebdomadaire de Tahanaout (province d\u2019Al Haouz) sans faire de victimes. L\u2019incendie a ravag\u00e9 plusieurs \u00ab\u00a0baraques\u00a0\u00bb utilis\u00e9es par les commer\u00e7ants en tant que locaux commerciaux pour la vente de leurs articles. Aussit\u00f4t alert\u00e9s, les \u00e9l\u00e9ments de la protection civile se sont d\u00e9p\u00each\u00e9s sur le [&hellip;]<\/p>\n","protected":false},"author":1788,"featured_media":36678,"comment_status":"closed","ping_status":"closed","sticky":false,"template":"","format":"standard","meta":{"fifu_image_url":"","fifu_image_alt":"","footnotes":""},"categories":[54,76],"tags":[],"class_list":["post-36677","post","type-post","status-publish","format-standard","has-post-thumbnail","hentry","category-maroc","category-regions"],"_links":{"self":[{"href":"https:\/\/linitiative.ca\/International\/wp-json\/wp\/v2\/posts\/36677","targetHints":{"allow":["GET"]}}],"collection":[{"href":"https:\/\/linitiative.ca\/International\/wp-json\/wp\/v2\/posts"}],"about":[{"href":"https:\/\/linitiative.ca\/International\/wp-json\/wp\/v2\/types\/post"}],"author":[{"embeddable":true,"href":"https:\/\/linitiative.ca\/International\/wp-json\/wp\/v2\/users\/1788"}],"replies":[{"embeddable":true,"href":"https:\/\/linitiative.ca\/International\/wp-json\/wp\/v2\/comments?post=36677"}],"version-history":[{"count":0,"href":"https:\/\/linitiative.ca\/International\/wp-json\/wp\/v2\/posts\/36677\/revisions"}],"wp:featuredmedia":[{"embeddable":true,"href":"https:\/\/linitiative.ca\/International\/wp-json\/"}],"wp:attachment":[{"href":"https:\/\/linitiative.ca\/International\/wp-json\/wp\/v2\/media?parent=36677"}],"wp:term":[{"taxonomy":"category","embeddable":true,"href":"https:\/\/linitiative.ca\/International\/wp-json\/wp\/v2\/categories?post=36677"},{"taxonomy":"post_tag","embeddable":true,"href":"https:\/\/linitiative.ca\/International\/wp-json\/wp\/v2\/tags?post=36677"}],"curies":[{"name":"wp","href":"https:\/\/api.w.org\/{rel}","templated":true}]}}