{"id":36681,"date":"2019-05-26T09:44:49","date_gmt":"2019-05-26T13:44:49","guid":{"rendered":"https:\/\/linitiative.ca\/International\/des-pluies-affecteront-dimanche-et-lundi-9-wilayas-du-pays\/"},"modified":"2019-05-26T09:44:49","modified_gmt":"2019-05-26T13:44:49","slug":"des-pluies-affecteront-dimanche-et-lundi-9-wilayas-du-pays","status":"publish","type":"post","link":"https:\/\/linitiative.ca\/International\/des-pluies-affecteront-dimanche-et-lundi-9-wilayas-du-pays\/","title":{"rendered":"Des pluies affecteront dimanche et lundi 9 wilayas du pays"},"content":{"rendered":"<div>\n<div class=\"K2FeedImage\"><img decoding=\"async\" src=\"http:\/\/www.aps.dz\/media\/k2\/items\/cache\/af855bb6d4cb8c72ac3117fba65adaf3_S.jpg\" alt=\"Des pluies affecteront dimanche et lundi 9 wilayas du pays\"><\/div>\n<div class=\"K2FeedIntroText\">\n<p><strong>ALGER &#8211; Des pluies, parfois sous forme d&rsquo;averses orageuses, affecteront, dimanche et lundi, 9 wilayas du pays, indique le Centre national des pr\u00e9visions m\u00e9t\u00e9orologiques dans un bulletin m\u00e9t\u00e9o sp\u00e9cial (BMS).<\/strong><\/p>\n<\/div>\n<div class=\"K2FeedFullText\">\n<p>Les wilayas concern\u00e9es sont Beja\u00efa, Jijel, Skikda, Annaba, El Tarf, Souk Ahras, Guelma, Mila et Constantine, pr\u00e9cise la m\u00eame source, alors que la validit\u00e9 du bulletin s&rsquo;\u00e9tale du dimanche 26 mai \u00e0 18h00 au lundi 27 mai \u00e0 09h00.<\/p>\n<hr>\n<h3>Lire aussi:\u00a0<a href=\"http:\/\/www.aps.dz\/regions\/89867-des-pluies-orageuses-dans-plusieurs-wilayas-du-centre-jusqu-a-dimanche\" target=\"_blank\" rel=\"noopener noreferrer\">Des pluies orageuses dans plusieurs wilayas du Centre jusqu\u2019\u00e0 dimanche<\/a><\/h3>\n<hr>\n<p>\u00ab\u00a0Les cumuls estim\u00e9s atteindront ou d\u00e9passeront localement 25 mm durant la validit\u00e9\u00a0\u00bb, pr\u00e9voit \u00e9galement le BMS.<\/p>\n<\/div>\n<\/div>\n<p>Auteur:<br \/>\n<a href=\"http:\/\/www.aps.dz\/regions\/89881-des-pluies-affecteront-dimanche-et-lundi-9-wilayas-du-pays\">Cliquez ici pour lire l&rsquo;article depuis sa source.<\/a><\/p>\n","protected":false},"excerpt":{"rendered":"<p>ALGER &#8211; Des pluies, parfois sous forme d&rsquo;averses orageuses, affecteront, dimanche et lundi, 9 wilayas du pays, indique le Centre national des pr\u00e9visions m\u00e9t\u00e9orologiques dans un bulletin m\u00e9t\u00e9o sp\u00e9cial (BMS). Les wilayas concern\u00e9es sont Beja\u00efa, Jijel, Skikda, Annaba, El Tarf, Souk Ahras, Guelma, Mila et Constantine, pr\u00e9cise la m\u00eame source, alors que la validit\u00e9 du [&hellip;]<\/p>\n","protected":false},"author":1790,"featured_media":36682,"comment_status":"closed","ping_status":"closed","sticky":false,"template":"","format":"standard","meta":{"fifu_image_url":"","fifu_image_alt":"","footnotes":""},"categories":[53,76],"tags":[],"class_list":["post-36681","post","type-post","status-publish","format-standard","has-post-thumbnail","hentry","category-algerie","category-regions"],"_links":{"self":[{"href":"https:\/\/linitiative.ca\/International\/wp-json\/wp\/v2\/posts\/36681","targetHints":{"allow":["GET"]}}],"collection":[{"href":"https:\/\/linitiative.ca\/International\/wp-json\/wp\/v2\/posts"}],"about":[{"href":"https:\/\/linitiative.ca\/International\/wp-json\/wp\/v2\/types\/post"}],"author":[{"embeddable":true,"href":"https:\/\/linitiative.ca\/International\/wp-json\/wp\/v2\/users\/1790"}],"replies":[{"embeddable":true,"href":"https:\/\/linitiative.ca\/International\/wp-json\/wp\/v2\/comments?post=36681"}],"version-history":[{"count":0,"href":"https:\/\/linitiative.ca\/International\/wp-json\/wp\/v2\/posts\/36681\/revisions"}],"wp:featuredmedia":[{"embeddable":true,"href":"https:\/\/linitiative.ca\/International\/wp-json\/"}],"wp:attachment":[{"href":"https:\/\/linitiative.ca\/International\/wp-json\/wp\/v2\/media?parent=36681"}],"wp:term":[{"taxonomy":"category","embeddable":true,"href":"https:\/\/linitiative.ca\/International\/wp-json\/wp\/v2\/categories?post=36681"},{"taxonomy":"post_tag","embeddable":true,"href":"https:\/\/linitiative.ca\/International\/wp-json\/wp\/v2\/tags?post=36681"}],"curies":[{"name":"wp","href":"https:\/\/api.w.org\/{rel}","templated":true}]}}