{"id":36683,"date":"2019-05-26T12:46:48","date_gmt":"2019-05-26T16:46:48","guid":{"rendered":"https:\/\/linitiative.ca\/International\/khenchela-275-milliards-da-pour-les-plans-doccupation-du-sol\/"},"modified":"2019-05-26T12:46:48","modified_gmt":"2019-05-26T16:46:48","slug":"khenchela-275-milliards-da-pour-les-plans-doccupation-du-sol","status":"publish","type":"post","link":"https:\/\/linitiative.ca\/International\/khenchela-275-milliards-da-pour-les-plans-doccupation-du-sol\/","title":{"rendered":"Khenchela: 2,75 milliards DA pour les Plans d\u2019occupation du sol"},"content":{"rendered":"<div>\n<div class=\"K2FeedImage\"><img decoding=\"async\" src=\"http:\/\/www.aps.dz\/media\/k2\/items\/cache\/4f99716e4adf51e64d9448d0e7e90cce_S.jpg\" alt=\"Khenchela: 2,75 milliards DA pour les Plans d\u2019occupation du sol\"><\/div>\n<div class=\"K2FeedIntroText\">\n<p><strong>KHENCHELA &#8211; Une enveloppe financi\u00e8re de 2,75 milliards DA a \u00e9t\u00e9 octroy\u00e9e pour les Plans d\u2019occupation du sol (POS) dans la wilaya de Khenchela, a indiqu\u00e9 dimanche le wali Kamel Nouicer.<\/strong><\/p>\n<\/div>\n<div class=\"K2FeedFullText\">\n<p>D\u00e9gag\u00e9 du programme d\u2019urgence accord\u00e9 en 2019 \u00e0 la wilaya par les Fonds de solidarit\u00e9 et de garantie des collectivit\u00e9s locales et de soutien aux Hauts plateaux, ce montant servira \u00e0 l\u2019am\u00e9nagement de 36 sites de POS accueillant des projets de logements des diverses formules dont celle de logements publics locatifs (LPL), a pr\u00e9cis\u00e9 \u00e0 l\u2019APS le wali en marge de l\u2019inspection de projets de logement au chef-lieu de wilaya.<\/p>\n<p>L&rsquo;essentiel de ce montant, soit 800 millions DA, portera sur l\u2019am\u00e9nagement des routes et divers r\u00e9seaux primaires et secondaires du projet de 2000 logements LPL de Cosider sur la route de Bagha\u00ef, a ajout\u00e9 le responsable de la wilaya.<\/p>\n<p>Le probl\u00e8me de retard de la r\u00e9ception des projets de logements caus\u00e9 par la non-ex\u00e9cution des travaux d\u2019am\u00e9nagement ne sera plus paus\u00e9 dans la wilaya avec ces projets d\u2019am\u00e9nagement des sites des POS, a assur\u00e9 le wali.<\/p>\n<\/div>\n<\/div>\n<p>Auteur:<br \/>\n<a href=\"http:\/\/www.aps.dz\/regions\/89906-khenchela-2-75-milliards-da-pour-les-plans-d-occupation-du-sol\">Cliquez ici pour lire l&rsquo;article depuis sa source.<\/a><\/p>\n","protected":false},"excerpt":{"rendered":"<p>KHENCHELA &#8211; Une enveloppe financi\u00e8re de 2,75 milliards DA a \u00e9t\u00e9 octroy\u00e9e pour les Plans d\u2019occupation du sol (POS) dans la wilaya de Khenchela, a indiqu\u00e9 dimanche le wali Kamel Nouicer. D\u00e9gag\u00e9 du programme d\u2019urgence accord\u00e9 en 2019 \u00e0 la wilaya par les Fonds de solidarit\u00e9 et de garantie des collectivit\u00e9s locales et de soutien [&hellip;]<\/p>\n","protected":false},"author":1790,"featured_media":36684,"comment_status":"closed","ping_status":"closed","sticky":false,"template":"","format":"standard","meta":{"fifu_image_url":"","fifu_image_alt":"","footnotes":""},"categories":[53,76],"tags":[],"class_list":["post-36683","post","type-post","status-publish","format-standard","has-post-thumbnail","hentry","category-algerie","category-regions"],"_links":{"self":[{"href":"https:\/\/linitiative.ca\/International\/wp-json\/wp\/v2\/posts\/36683","targetHints":{"allow":["GET"]}}],"collection":[{"href":"https:\/\/linitiative.ca\/International\/wp-json\/wp\/v2\/posts"}],"about":[{"href":"https:\/\/linitiative.ca\/International\/wp-json\/wp\/v2\/types\/post"}],"author":[{"embeddable":true,"href":"https:\/\/linitiative.ca\/International\/wp-json\/wp\/v2\/users\/1790"}],"replies":[{"embeddable":true,"href":"https:\/\/linitiative.ca\/International\/wp-json\/wp\/v2\/comments?post=36683"}],"version-history":[{"count":0,"href":"https:\/\/linitiative.ca\/International\/wp-json\/wp\/v2\/posts\/36683\/revisions"}],"wp:featuredmedia":[{"embeddable":true,"href":"https:\/\/linitiative.ca\/International\/wp-json\/"}],"wp:attachment":[{"href":"https:\/\/linitiative.ca\/International\/wp-json\/wp\/v2\/media?parent=36683"}],"wp:term":[{"taxonomy":"category","embeddable":true,"href":"https:\/\/linitiative.ca\/International\/wp-json\/wp\/v2\/categories?post=36683"},{"taxonomy":"post_tag","embeddable":true,"href":"https:\/\/linitiative.ca\/International\/wp-json\/wp\/v2\/tags?post=36683"}],"curies":[{"name":"wp","href":"https:\/\/api.w.org\/{rel}","templated":true}]}}