{"id":36686,"date":"2019-05-26T09:40:00","date_gmt":"2019-05-26T13:40:00","guid":{"rendered":"https:\/\/linitiative.ca\/International\/gouvernement-un-bilan-maigre-pour-lopposition\/"},"modified":"2019-05-26T09:40:00","modified_gmt":"2019-05-26T13:40:00","slug":"gouvernement-un-bilan-maigre-pour-lopposition","status":"publish","type":"post","link":"https:\/\/linitiative.ca\/International\/gouvernement-un-bilan-maigre-pour-lopposition\/","title":{"rendered":"Gouvernement: \u00abUn bilan maigre\u00bb pour l\u2019opposition"},"content":{"rendered":"<div readability=\"37\">\n<p>L\u2019Istiqlal remet en cause l\u2019efficacit\u00e9 de certains chantiers lanc\u00e9s par l\u2019\u00e9quipe d\u2019El Othmani<\/p>\n<p>L\u2019ex\u00e9cutif \u00abloin de respecter ses engagements en mati\u00e8re d\u2019indicateurs macro\u00e9conomiques\u00bb<\/p>\n<p>\u00abLa r\u00e9forme fiscale doit intervenir apr\u00e8s la d\u00e9finition du nouveau mod\u00e8le de d\u00e9veloppement\u00bb<\/p>\n<\/div>\n<div readability=\"111.5\">\n<div class=\"dnd-atom-wrapper type-image context-sdl_editor_representation\" contenteditable=\"false\" readability=\"35\">\n<div class=\"dnd-drop-wrapper image\"><img loading=\"lazy\" decoding=\"async\" typeof=\"foaf:Image\" class=\"img-responsive\" src=\"https:\/\/www.leconomiste.com\/sites\/default\/files\/eco7\/public\/thumbnails\/image\/parlement-gouvrenement-023.jpg\" width=\"660\" height=\"330\" alt=\"parlement-gouvrenement-023.jpg\" title=\"parlement-gouvrenement-023.jpg\"\/><\/div>\n<div class=\"dnd-legend-wrapper\" contenteditable=\"true\" readability=\"15\">\n<p class=\"rtejustify\">Les groupes parlementaires, particuli\u00e8rement de l\u2019opposition, ont attaqu\u00e9 le gouvernement sur plusieurs dossiers, dont \u00able blocage ayant marqu\u00e9 la formation de la majorit\u00e9 qui avait conduit \u00e0 rater deux sessions l\u00e9gislatives, en plus d\u2019une perte estim\u00e9e \u00e0 22 milliards de DH\u00bb, selon les d\u00e9put\u00e9s du PAM <em>(Ph. Bziouat)<\/em><\/p>\n<\/div>\n<\/div>\n<p class=\"rtejustify\">Une semaine apr\u00e8s l\u2019intervention du chef de gouvernement devant les deux Chambres du Parlement r\u00e9unies, les groupes parlementaires ont pass\u00e9 au scalpel le bilan \u00e0 mi-mandat de l\u2019ex\u00e9cutif. Celui-ci est consid\u00e9r\u00e9 comme \u00abmaigre\u00bb, dans la mesure o\u00f9 le gouvernement \u00abcontinue de s\u2019endetter, exerce une grande pression sur la classe moyenne et menace la paix sociale\u00bb, selon les diff\u00e9rents groupes de la majorit\u00e9.<\/p>\n<p class=\"rtejustify\">Des critiques ont \u00e9t\u00e9 \u00e9galement formul\u00e9es m\u00eame par des d\u00e9put\u00e9s de la majorit\u00e9. Par exemple, le groupe du Rassemblement constitutionnel (RNI et UC) a appel\u00e9 \u00e0 \u00abaccorder une attention particuli\u00e8re aux dysfonctionnements entachant la mise en \u0153uvre du programme gouvernemental et des plans sectoriels\u00bb.<\/p>\n<p class=\"rtejustify\">M\u00eame son de cloche du c\u00f4t\u00e9 du MP, qui a plaid\u00e9 en faveur d\u2019un \u00abmeilleur contr\u00f4le de l\u2019endettement, en plus de la mise en place d\u2019un indice d\u00e9terminant le niveau de d\u00e9ficit en investissements dans les zones recul\u00e9es\u00bb.<\/p>\n<p class=\"rtejustify\">Les attaques \u00e9taient plus virulentes du c\u00f4t\u00e9 de l\u2019opposition. Le groupe de l\u2019Istiqlal a remis en cause \u00abl\u2019efficacit\u00e9 de certains chantiers lanc\u00e9s par le gouvernement\u00bb. Pour ses membres, \u00abl\u2019essentiel du bilan d\u2019\u00e9tape pr\u00e9sent\u00e9 par le chef du gouvernement est li\u00e9 \u00e0 l\u2019adoption de textes l\u00e9gislatifs, notamment gr\u00e2ce \u00e0 l\u2019implication du Parlement\u00bb.<\/p>\n<p class=\"rtejustify\">De son c\u00f4t\u00e9, le groupe du PAM a estim\u00e9 que \u00abla r\u00e9alit\u00e9 sur le terrain est en rupture avec le discours optimiste du chef du gouvernement\u00bb. Les d\u00e9put\u00e9s de cette formation ont mis l\u2019accent sur les conclusions des rapports de la Cour des comptes, ayant point\u00e9 \u00abcertaines d\u00e9faillances de gouvernance, le manque de reddition des comptes, en plus du niveau \u00e9lev\u00e9 d\u2019endettement sans impact efficient en mati\u00e8re de d\u00e9veloppement\u00bb.<\/p>\n<p class=\"rtejustify\">Les groupes de l\u2019opposition ont \u00e9galement interpell\u00e9 El Othmani sur le respect des engagements contenus dans le programme gouvernemental. Cela concerne notamment les indicateurs macro\u00e9conomiques. Les groupes du PAM et de l\u2019Istiqlal ont point\u00e9 la faiblesse du taux de croissance r\u00e9alis\u00e9 durant les premi\u00e8res ann\u00e9es du mandat de l\u2019actuel gouvernement.<\/p>\n<p class=\"rtejustify\">\u00abL\u2019ex\u00e9cutif s\u2019est engag\u00e9 sur un taux entre 4,5 et 5,5% \u00e0 l\u2019horizon 2021. Ce qui signifie une moyenne de 5% chaque ann\u00e9e. Or, les r\u00e9alisations sont loin de ce niveau\u00bb, selon les d\u00e9put\u00e9s du PAM. La Banque mondiale pr\u00e9voit un niveau de croissance se situant entre 2 \u00e0 3% sur la m\u00eame \u00e9ch\u00e9ance, selon les groupes de l\u2019opposition. Pour eux, \u00able gouvernement manque d\u2019horizon\u00bb.<\/p>\n<p class=\"rtejustify\">D\u2019autant qu\u2019il \u00abn\u2019a pas r\u00e9ussi \u00e0 att\u00e9nuer les effets du repli \u00e9conomique\u00bb. Les d\u00e9put\u00e9s ont aussi point\u00e9 \u00abl\u2019incapacit\u00e9 du gouvernement \u00e0 att\u00e9nuer le d\u00e9ficit de la balance commerciale, qui a atteint 189 milliards de DH en 2017 et 206 milliards en 2018\u00bb. Idem pour le d\u00e9ficit du budget, \u00abplus important que le taux sur lequel s\u2019est engag\u00e9 l\u2019ex\u00e9cutif, avec 3,72% en 2018, contre 3% dans les pr\u00e9visions du projet de loi de Finances\u00bb.<\/p>\n<p class=\"rtejustify\">Globalement, l\u2019opposition a d\u00e9plor\u00e9 le retard accus\u00e9 par le gouvernement en mati\u00e8re de pr\u00e9paration d\u2019un nouveau mod\u00e8le de d\u00e9veloppement. Certains \u00e9v\u00e9nements, comme les Assises de la fiscalit\u00e9, devaient se tenir apr\u00e8s la mise en place de ce mod\u00e8le. Car \u00abla r\u00e9forme fiscale doit s\u2019inscrire dans la logique d\u2019un mod\u00e8le de soci\u00e9t\u00e9 \u00e0 construire\u00bb, est-il indiqu\u00e9.<\/p>\n<p class=\"rtejustify\">Le groupe de l\u2019Istiqlal a \u00e9galement mis en garde contre les risques d\u2019interruption du dialogue social. Surtout vu que \u00abcertaines d\u00e9cisions h\u00e2tives du gouvernement ont impact\u00e9 n\u00e9gativement des cat\u00e9gories comme les commer\u00e7ants\u00bb, selon cette formation.<\/p>\n<blockquote readability=\"12\">\n<p class=\"rtecenter\"><strong><span class=\"c3\">Crise de confiance<\/span><\/strong><\/p>\n<p class=\"rtejustify\">Les groupes parlementaires ont point\u00e9 \u00abl\u2019urgence de d\u00e9passer la crise de confiance actuelle\u00bb. Celle-ci est due \u00e0 \u00abla minimisation du r\u00f4le des instances de m\u00e9diation\u00bb. Cela devra passer par \u00abun traitement proactif des probl\u00e8mes cruciaux et d\u2019une interaction positive avec l\u2019opinion publique\u00bb, selon des d\u00e9put\u00e9s. Pour les groupes de l\u2019opposition, ce d\u00e9ficit de confiance est li\u00e9 au comportement du gouvernement, qui \u00abs\u2019abrite derri\u00e8re un discours hydride, alternant les r\u00f4les d\u2019ex\u00e9cutif et d\u2019opposition. Ce qui a impact\u00e9 n\u00e9gativement la confiance des Marocains dans l\u2019action gouvernementale et des institutions de fa\u00e7on g\u00e9n\u00e9rale\u00bb.<\/p>\n<\/blockquote>\n<p class=\"rtejustify\"><em>M.A.M.<\/em><\/p>\n<\/div>\n<p>Auteur: hlafriqi<br \/>\n<a href=\"https:\/\/www.leconomiste.com\/article\/1045566-gouvernement-un-bilan-maigre-pour-l-opposition\">Cliquez ici pour lire l&rsquo;article depuis sa source.<\/a><\/p>\n","protected":false},"excerpt":{"rendered":"<p>L\u2019Istiqlal remet en cause l\u2019efficacit\u00e9 de certains chantiers lanc\u00e9s par l\u2019\u00e9quipe d\u2019El Othmani L\u2019ex\u00e9cutif \u00abloin de respecter ses engagements en mati\u00e8re d\u2019indicateurs macro\u00e9conomiques\u00bb \u00abLa r\u00e9forme fiscale doit intervenir apr\u00e8s la d\u00e9finition du nouveau mod\u00e8le de d\u00e9veloppement\u00bb Les groupes parlementaires, particuli\u00e8rement de l\u2019opposition, ont attaqu\u00e9 le gouvernement sur plusieurs dossiers, dont \u00able blocage ayant marqu\u00e9 la [&hellip;]<\/p>\n","protected":false},"author":1763,"featured_media":36687,"comment_status":"closed","ping_status":"closed","sticky":false,"template":"","format":"standard","meta":{"fifu_image_url":"","fifu_image_alt":"","footnotes":""},"categories":[78,54],"tags":[],"class_list":["post-36686","post","type-post","status-publish","format-standard","has-post-thumbnail","hentry","category-economie","category-maroc"],"_links":{"self":[{"href":"https:\/\/linitiative.ca\/International\/wp-json\/wp\/v2\/posts\/36686","targetHints":{"allow":["GET"]}}],"collection":[{"href":"https:\/\/linitiative.ca\/International\/wp-json\/wp\/v2\/posts"}],"about":[{"href":"https:\/\/linitiative.ca\/International\/wp-json\/wp\/v2\/types\/post"}],"author":[{"embeddable":true,"href":"https:\/\/linitiative.ca\/International\/wp-json\/wp\/v2\/users\/1763"}],"replies":[{"embeddable":true,"href":"https:\/\/linitiative.ca\/International\/wp-json\/wp\/v2\/comments?post=36686"}],"version-history":[{"count":0,"href":"https:\/\/linitiative.ca\/International\/wp-json\/wp\/v2\/posts\/36686\/revisions"}],"wp:featuredmedia":[{"embeddable":true,"href":"https:\/\/linitiative.ca\/International\/wp-json\/"}],"wp:attachment":[{"href":"https:\/\/linitiative.ca\/International\/wp-json\/wp\/v2\/media?parent=36686"}],"wp:term":[{"taxonomy":"category","embeddable":true,"href":"https:\/\/linitiative.ca\/International\/wp-json\/wp\/v2\/categories?post=36686"},{"taxonomy":"post_tag","embeddable":true,"href":"https:\/\/linitiative.ca\/International\/wp-json\/wp\/v2\/tags?post=36686"}],"curies":[{"name":"wp","href":"https:\/\/api.w.org\/{rel}","templated":true}]}}